{"id":9986,"date":"2019-07-09T09:14:35","date_gmt":"2019-07-09T12:14:35","guid":{"rendered":"http:\/\/www.sinprofaz.org.br\/?p=9986"},"modified":"2019-07-09T09:14:35","modified_gmt":"2019-07-09T12:14:35","slug":"deputados-federais-recebem-exemplares-do-diagnostico-da-carreira","status":"publish","type":"post","link":"https:\/\/sinprofaz.org.br\/2024\/noticias\/deputados-federais-recebem-exemplares-do-diagnostico-da-carreira\/","title":{"rendered":"DEPUTADOS FEDERAIS RECEBEM EXEMPLARES DO DIAGN\u00d3STICO DA CARREIRA"},"content":{"rendered":"<p>O SINPROFAZ, representado pelo presidente Ernane Brito, esteve reunido na quarta-feira (3) com v\u00e1rios deputados federais. Os encontros ocorreram na C\u00e2mara dos Deputados, oportunidades em que os parlamentares tomaram conhecimento do Primeiro Diagn\u00f3stico da Carreira de Procurador da Fazenda Nacional, lan\u00e7ado pelo SINPROFAZ.  <\/p>\n<p>Entre os deputados da Casa que, em visita do presidente Ernane Brito, foram contemplados com exemplares do Diagn\u00f3stico, estiveram Amaro Neto (PRB\/ES), Chiquinho Braz\u00e3o (Avante\/RJ), \u00c1ureo Ribeiro (Solidariedade\/RJ), Luiz Lima (PSL\/RJ), Felipe Rigoni (PSB\/ES), Hugo Leal (PSD\/RJ), Norma Ayub (DEM\/ES), Sergio Vidigal (PDT\/ES), Misael Varella (PSD\/MG), Juninho do Pneu (DEM\/RJ) e Luiz Ant\u00f4nio Correa (Sem Part.\/RJ). <\/p>\n<p>Na oportunidade dos encontros, o presidente do SINPROFAZ falou sobre a import\u00e2ncia dos dados coligidos na pesquisa, os quais revelaram, entre outros, o alto grau de instru\u00e7\u00e3o dos PFNs e o comprometimento deles com o interesse p\u00fablico. Os parlamentares, por sua vez, tomaram conhecimento das importantes atribui\u00e7\u00f5es dos procuradores da Fazenda Nacional para o Estado brasileiro e demonstraram apoio aos pleitos da Carreira.<\/p>\n\n\t\t<style type=\"text\/css\">\n\t\t\t#gallery-1 {\n\t\t\t\tmargin: auto;\n\t\t\t}\n\t\t\t#gallery-1 .gallery-item {\n\t\t\t\tfloat: left;\n\t\t\t\tmargin-top: 10px;\n\t\t\t\ttext-align: center;\n\t\t\t\twidth: 33%;\n\t\t\t}\n\t\t\t#gallery-1 img {\n\t\t\t\tborder: 2px solid #cfcfcf;\n\t\t\t}\n\t\t\t#gallery-1 .gallery-caption {\n\t\t\t\tmargin-left: 0;\n\t\t\t}\n\t\t\t\/* see gallery_shortcode() in wp-includes\/media.php *\/\n\t\t<\/style>\n\t\t<div id='gallery-1' class='gallery galleryid-9986 gallery-columns-3 gallery-size-thumbnail'><dl class='gallery-item'>\n\t\t\t<dt class='gallery-icon landscape'>\n\t\t\t\t<a href='https:\/\/sinprofaz.org.br\/2024\/wp-content\/uploads\/2019\/07\/02-8.jpg'><img loading=\"lazy\" decoding=\"async\" width=\"150\" height=\"150\" src=\"https:\/\/sinprofaz.org.br\/2024\/wp-content\/uploads\/2019\/07\/02-8-150x150.jpg\" class=\"attachment-thumbnail size-thumbnail\" alt=\"\" \/><\/a>\n\t\t\t<\/dt><\/dl><dl class='gallery-item'>\n\t\t\t<dt class='gallery-icon landscape'>\n\t\t\t\t<a href='https:\/\/sinprofaz.org.br\/2024\/wp-content\/uploads\/2019\/07\/03-5.jpg'><img loading=\"lazy\" decoding=\"async\" width=\"150\" height=\"150\" src=\"https:\/\/sinprofaz.org.br\/2024\/wp-content\/uploads\/2019\/07\/03-5-150x150.jpg\" class=\"attachment-thumbnail size-thumbnail\" alt=\"\" \/><\/a>\n\t\t\t<\/dt><\/dl>\n\t\t\t<br style='clear: both' \/>\n\t\t<\/div>\n\n","protected":false},"excerpt":{"rendered":"<p>O SINPROFAZ esteve reunido com v\u00e1rios deputados federais. Os encontros ocorreram na C\u00e2mara, oportunidades em que os parlamentares tomaram conhecimento do Primeiro Diagn\u00f3stico da Carreira de Procurador da Fazenda Nacional, lan\u00e7ado pelo SINPROFAZ.<\/p>\n","protected":false},"author":2,"featured_media":9987,"comment_status":"open","ping_status":"open","sticky":false,"template":"","format":"standard","meta":{"footnotes":""},"categories":[8],"tags":[48,32,25],"featured_image_url":"https:\/\/sinprofaz.org.br\/2024\/wp-content\/uploads\/2019\/07\/01-8.jpg","character_count":773,"formatted_date":"09\/07\/2019 - 09:14","contentNovo":"O SINPROFAZ, representado pelo presidente Ernane Brito, esteve reunido na quarta-feira (3) com v\u00e1rios deputados federais. Os encontros ocorreram na C\u00e2mara dos Deputados, oportunidades em que os parlamentares tomaram conhecimento do Primeiro Diagn\u00f3stico da Carreira de Procurador da Fazenda Nacional, lan\u00e7ado pelo SINPROFAZ.  \r\n\r\nEntre os deputados da Casa que, em visita do presidente Ernane Brito, foram contemplados com exemplares do Diagn\u00f3stico, estiveram Amaro Neto (PRB\/ES), Chiquinho Braz\u00e3o (Avante\/RJ), \u00c1ureo Ribeiro (Solidariedade\/RJ), Luiz Lima (PSL\/RJ), Felipe Rigoni (PSB\/ES), Hugo Leal (PSD\/RJ), Norma Ayub (DEM\/ES), Sergio Vidigal (PDT\/ES), Misael Varella (PSD\/MG), Juninho do Pneu (DEM\/RJ) e Luiz Ant\u00f4nio Correa (Sem Part.\/RJ). \r\n\r\nNa oportunidade dos encontros, o presidente do SINPROFAZ falou sobre a import\u00e2ncia dos dados coligidos na pesquisa, os quais revelaram, entre outros, o alto grau de instru\u00e7\u00e3o dos PFNs e o comprometimento deles com o interesse p\u00fablico. Os parlamentares, por sua vez, tomaram conhecimento das importantes atribui\u00e7\u00f5es dos procuradores da Fazenda Nacional para o Estado brasileiro e demonstraram apoio aos pleitos da Carreira.\r\n\r\n[gallery link=\"file\" ids=\"9988,9989\"]","_links":{"self":[{"href":"https:\/\/sinprofaz.org.br\/2024\/wp-json\/wp\/v2\/posts\/9986"}],"collection":[{"href":"https:\/\/sinprofaz.org.br\/2024\/wp-json\/wp\/v2\/posts"}],"about":[{"href":"https:\/\/sinprofaz.org.br\/2024\/wp-json\/wp\/v2\/types\/post"}],"author":[{"embeddable":true,"href":"https:\/\/sinprofaz.org.br\/2024\/wp-json\/wp\/v2\/users\/2"}],"replies":[{"embeddable":true,"href":"https:\/\/sinprofaz.org.br\/2024\/wp-json\/wp\/v2\/comments?post=9986"}],"version-history":[{"count":1,"href":"https:\/\/sinprofaz.org.br\/2024\/wp-json\/wp\/v2\/posts\/9986\/revisions"}],"predecessor-version":[{"id":9990,"href":"https:\/\/sinprofaz.org.br\/2024\/wp-json\/wp\/v2\/posts\/9986\/revisions\/9990"}],"wp:featuredmedia":[{"embeddable":true,"href":"https:\/\/sinprofaz.org.br\/2024\/wp-json\/wp\/v2\/media\/9987"}],"wp:attachment":[{"href":"https:\/\/sinprofaz.org.br\/2024\/wp-json\/wp\/v2\/media?parent=9986"}],"wp:term":[{"taxonomy":"category","embeddable":true,"href":"https:\/\/sinprofaz.org.br\/2024\/wp-json\/wp\/v2\/categories?post=9986"},{"taxonomy":"post_tag","embeddable":true,"href":"https:\/\/sinprofaz.org.br\/2024\/wp-json\/wp\/v2\/tags?post=9986"}],"curies":[{"name":"wp","href":"https:\/\/api.w.org\/{rel}","templated":true}]}}