{"id":9936,"date":"2019-07-04T11:59:30","date_gmt":"2019-07-04T14:59:30","guid":{"rendered":"http:\/\/www.sinprofaz.org.br\/?p=9936"},"modified":"2019-07-08T09:41:11","modified_gmt":"2019-07-08T12:41:11","slug":"sinprofaz-apresenta-diagnostico-da-carreira-ao-congresso-nacional","status":"publish","type":"post","link":"https:\/\/sinprofaz.org.br\/2024\/noticias\/sinprofaz-apresenta-diagnostico-da-carreira-ao-congresso-nacional\/","title":{"rendered":"SINPROFAZ APRESENTA DIAGN\u00d3STICO DA CARREIRA AO CONGRESSO NACIONAL"},"content":{"rendered":"<p>A C\u00e2mara dos Deputados sediou o evento de apresenta\u00e7\u00e3o, ao Congresso Nacional, do Primeiro Diagn\u00f3stico da Carreira de Procurador da Fazenda Nacional. Realizado na quarta-feira (3), o evento foi promovido pelo SINPROFAZ e teve por intuito apresentar aos deputados federais os resultados da Pesquisa que tra\u00e7ou um panorama da Carreira no Brasil. O estudo \u00e9 pioneiro no \u00e2mbito da Advocacia P\u00fablica Federal e contou com ampla participa\u00e7\u00e3o dos PFNs, permitindo que ele refletisse rigorosamente o que pensa e o que deseja a Carreira em todas as Regi\u00f5es do pa\u00eds.<\/p>\n<p>Dentre os deputados presentes, estiveram Z\u00e9 Neto (PT\/BA), F\u00e1bio Trad (PSD\/MS) e Bosco Costa (PR\/SE), os quais demonstraram conhecimento e especial respeito \u00e0 Fun\u00e7\u00e3o Essencial desempenhada pelos procuradores da Fazenda Nacional. Na ocasi\u00e3o do evento, SINPROFAZ e parlamentares debateram quest\u00f5es pertinentes \u00e0 Carreira e \u00e0 sociedade como um todo, discutindo, entre outras, os nefastos efeitos da reforma da Previd\u00eancia proposta pelo Executivo e a urg\u00eancia da proposi\u00e7\u00e3o de uma reforma tribut\u00e1ria justa, que combata a desigualdade social no pa\u00eds.<\/p>\n<p>Consciente da contribui\u00e7\u00e3o que os PFNs t\u00eam a dar em rela\u00e7\u00e3o \u00e0s duas mat\u00e9rias, o deputado Z\u00e9 Neto discursou aos presentes: &#8220;H\u00e1 assuntos complexos que precisam ser enfrentados. Por que nossa tributa\u00e7\u00e3o n\u00e3o \u00e9 progressiva, como nos Estados Unidos e na Europa, onde quem ganha mais paga mais e quem ganha menos paga menos? Coloco meu mandato \u00e0 disposi\u00e7\u00e3o para trabalharmos juntos e desejo que voc\u00eas, procuradores da Fazenda Nacional, tenham sucesso nessa empreitada de, por meio do conhecimento que det\u00eam, contribu\u00edrem para uma reforma fiscal que seja a chave para muitos dos problemas do pa\u00eds&#8221;. Representantes do Diretoria do SINPROFAZ tamb\u00e9m fizeram uso da palavra.<\/p>\n<p>O evento de apresenta\u00e7\u00e3o do Primeiro Diagn\u00f3stico da Carreira de Procurador da Fazenda Nacional contou ainda com uma exposi\u00e7\u00e3o de Cristiano Costa, psic\u00f3logo respons\u00e1vel pela elabora\u00e7\u00e3o do estudo. Na exposi\u00e7\u00e3o, Costa abordou aspectos t\u00e9cnicos da pesquisa, assim como da an\u00e1lise dos dados e das conclus\u00f5es. Entidades como a Associa\u00e7\u00e3o Nacional dos Advogados da Uni\u00e3o &#8211; ANAUNI, o Sindicato Nacional dos Auditores Fiscais do Trabalho &#8211; SINAIT, o Sindicato Nacional dos Analistas-Tribut\u00e1rios da Receita Federal do Brasil &#8211; Sindireceita e o Sindicato Nacional dos Servidores das Ag\u00eancias Nacionais de Regula\u00e7\u00e3o &#8211; Sinag\u00eancias prestigiaram o evento promovido pelo SINPROFAZ.<\/p>\n<p><strong>Resultados<\/strong><br \/>\nA partir do Primeiro Diagn\u00f3stico da Carreira de Procurador da Fazenda Nacional, foi poss\u00edvel comprovar a excel\u00eancia da qualifica\u00e7\u00e3o t\u00e9cnica dos PFNs: 81% deles s\u00e3o p\u00f3s-graduados, mestres ou doutores. Verificou-se tamb\u00e9m que a Carreira n\u00e3o \u00e9 formada por profissionais iniciantes, pois 81% dos que responderam \u00e0 Pesquisa exerceram atividade no campo do Direito anteriormente ao cargo de PFN \u2013 percentual que revela a expertise dos Procuradores da Fazenda Nacional na atividade jur\u00eddica.<\/p>\n<p>Outro dado interessante demonstrado pelo Primeiro Diagn\u00f3stico \u00e9 que, dentre os diversos atributos do Procurador da Fazenda Nacional, os membros da Carreira consideram como principais o \u201cComprometimento com o Interesse P\u00fablico\u201d e o \u201cSaber T\u00e9cnico-Jur\u00eddico\u201d. Fica demonstrado assim o compromisso do PFN com a defesa do Estado e da sociedade, empenho este comprovado pelos bilh\u00f5es de reais cobrados e arrecadados anualmente pela Procuradoria da Fazenda Nacional.<\/p>\n<p>Confira aqui o Primeiro Diagn\u00f3stico da Carreira de Procurador da Fazenda Nacional: <a href=\"http:\/\/bit.ly\/Diagnostico_PFNs\" rel=\"noopener\" target=\"_blank\">bit.ly\/Diagnostico_PFNs<\/a><\/p>\n\n\t\t<style type=\"text\/css\">\n\t\t\t#gallery-1 {\n\t\t\t\tmargin: auto;\n\t\t\t}\n\t\t\t#gallery-1 .gallery-item {\n\t\t\t\tfloat: left;\n\t\t\t\tmargin-top: 10px;\n\t\t\t\ttext-align: center;\n\t\t\t\twidth: 33%;\n\t\t\t}\n\t\t\t#gallery-1 img {\n\t\t\t\tborder: 2px solid #cfcfcf;\n\t\t\t}\n\t\t\t#gallery-1 .gallery-caption {\n\t\t\t\tmargin-left: 0;\n\t\t\t}\n\t\t\t\/* see gallery_shortcode() in wp-includes\/media.php *\/\n\t\t<\/style>\n\t\t<div id='gallery-1' class='gallery galleryid-9936 gallery-columns-3 gallery-size-thumbnail'><dl class='gallery-item'>\n\t\t\t<dt class='gallery-icon landscape'>\n\t\t\t\t<a href='https:\/\/sinprofaz.org.br\/2024\/wp-content\/uploads\/2019\/07\/02-5.jpg'><img loading=\"lazy\" decoding=\"async\" width=\"150\" height=\"150\" src=\"https:\/\/sinprofaz.org.br\/2024\/wp-content\/uploads\/2019\/07\/02-5-150x150.jpg\" class=\"attachment-thumbnail size-thumbnail\" alt=\"\" \/><\/a>\n\t\t\t<\/dt><\/dl><dl class='gallery-item'>\n\t\t\t<dt class='gallery-icon landscape'>\n\t\t\t\t<a href='https:\/\/sinprofaz.org.br\/2024\/wp-content\/uploads\/2019\/07\/03-4.jpg'><img loading=\"lazy\" decoding=\"async\" width=\"150\" height=\"150\" src=\"https:\/\/sinprofaz.org.br\/2024\/wp-content\/uploads\/2019\/07\/03-4-150x150.jpg\" class=\"attachment-thumbnail size-thumbnail\" alt=\"\" \/><\/a>\n\t\t\t<\/dt><\/dl><dl class='gallery-item'>\n\t\t\t<dt class='gallery-icon landscape'>\n\t\t\t\t<a href='https:\/\/sinprofaz.org.br\/2024\/wp-content\/uploads\/2019\/07\/04-3.jpg'><img loading=\"lazy\" decoding=\"async\" width=\"150\" height=\"150\" src=\"https:\/\/sinprofaz.org.br\/2024\/wp-content\/uploads\/2019\/07\/04-3-150x150.jpg\" class=\"attachment-thumbnail size-thumbnail\" alt=\"\" \/><\/a>\n\t\t\t<\/dt><\/dl><br style=\"clear: both\" \/><dl class='gallery-item'>\n\t\t\t<dt class='gallery-icon landscape'>\n\t\t\t\t<a href='https:\/\/sinprofaz.org.br\/2024\/wp-content\/uploads\/2019\/07\/05-2.jpg'><img loading=\"lazy\" decoding=\"async\" width=\"150\" height=\"150\" src=\"https:\/\/sinprofaz.org.br\/2024\/wp-content\/uploads\/2019\/07\/05-2-150x150.jpg\" class=\"attachment-thumbnail size-thumbnail\" alt=\"\" \/><\/a>\n\t\t\t<\/dt><\/dl><dl class='gallery-item'>\n\t\t\t<dt class='gallery-icon landscape'>\n\t\t\t\t<a href='https:\/\/sinprofaz.org.br\/2024\/wp-content\/uploads\/2019\/07\/06-1.jpg'><img loading=\"lazy\" decoding=\"async\" width=\"150\" height=\"150\" src=\"https:\/\/sinprofaz.org.br\/2024\/wp-content\/uploads\/2019\/07\/06-1-150x150.jpg\" class=\"attachment-thumbnail size-thumbnail\" alt=\"\" \/><\/a>\n\t\t\t<\/dt><\/dl><dl class='gallery-item'>\n\t\t\t<dt class='gallery-icon landscape'>\n\t\t\t\t<a href='https:\/\/sinprofaz.org.br\/2024\/wp-content\/uploads\/2019\/07\/07-1.jpg'><img loading=\"lazy\" decoding=\"async\" width=\"150\" height=\"150\" src=\"https:\/\/sinprofaz.org.br\/2024\/wp-content\/uploads\/2019\/07\/07-1-150x150.jpg\" class=\"attachment-thumbnail size-thumbnail\" alt=\"\" \/><\/a>\n\t\t\t<\/dt><\/dl><br style=\"clear: both\" \/><dl class='gallery-item'>\n\t\t\t<dt class='gallery-icon landscape'>\n\t\t\t\t<a href='https:\/\/sinprofaz.org.br\/2024\/wp-content\/uploads\/2019\/07\/08.jpg'><img loading=\"lazy\" decoding=\"async\" width=\"150\" height=\"150\" src=\"https:\/\/sinprofaz.org.br\/2024\/wp-content\/uploads\/2019\/07\/08-150x150.jpg\" class=\"attachment-thumbnail size-thumbnail\" alt=\"\" \/><\/a>\n\t\t\t<\/dt><\/dl><dl class='gallery-item'>\n\t\t\t<dt class='gallery-icon landscape'>\n\t\t\t\t<a href='https:\/\/sinprofaz.org.br\/2024\/wp-content\/uploads\/2019\/07\/09.jpg'><img loading=\"lazy\" decoding=\"async\" width=\"150\" height=\"150\" src=\"https:\/\/sinprofaz.org.br\/2024\/wp-content\/uploads\/2019\/07\/09-150x150.jpg\" class=\"attachment-thumbnail size-thumbnail\" alt=\"\" \/><\/a>\n\t\t\t<\/dt><\/dl><dl class='gallery-item'>\n\t\t\t<dt class='gallery-icon landscape'>\n\t\t\t\t<a href='https:\/\/sinprofaz.org.br\/2024\/wp-content\/uploads\/2019\/07\/10.jpg'><img loading=\"lazy\" decoding=\"async\" width=\"150\" height=\"150\" src=\"https:\/\/sinprofaz.org.br\/2024\/wp-content\/uploads\/2019\/07\/10-150x150.jpg\" class=\"attachment-thumbnail size-thumbnail\" alt=\"\" \/><\/a>\n\t\t\t<\/dt><\/dl><br style=\"clear: both\" \/><dl class='gallery-item'>\n\t\t\t<dt class='gallery-icon landscape'>\n\t\t\t\t<a href='https:\/\/sinprofaz.org.br\/2024\/wp-content\/uploads\/2019\/07\/11.jpg'><img loading=\"lazy\" decoding=\"async\" width=\"150\" height=\"150\" src=\"https:\/\/sinprofaz.org.br\/2024\/wp-content\/uploads\/2019\/07\/11-150x150.jpg\" class=\"attachment-thumbnail size-thumbnail\" alt=\"\" \/><\/a>\n\t\t\t<\/dt><\/dl><dl class='gallery-item'>\n\t\t\t<dt class='gallery-icon landscape'>\n\t\t\t\t<a href='https:\/\/sinprofaz.org.br\/2024\/wp-content\/uploads\/2019\/07\/12.jpg'><img loading=\"lazy\" decoding=\"async\" width=\"150\" height=\"150\" src=\"https:\/\/sinprofaz.org.br\/2024\/wp-content\/uploads\/2019\/07\/12-150x150.jpg\" class=\"attachment-thumbnail size-thumbnail\" alt=\"\" \/><\/a>\n\t\t\t<\/dt><\/dl><dl class='gallery-item'>\n\t\t\t<dt class='gallery-icon landscape'>\n\t\t\t\t<a href='https:\/\/sinprofaz.org.br\/2024\/wp-content\/uploads\/2019\/07\/13.jpg'><img loading=\"lazy\" decoding=\"async\" width=\"150\" height=\"150\" src=\"https:\/\/sinprofaz.org.br\/2024\/wp-content\/uploads\/2019\/07\/13-150x150.jpg\" class=\"attachment-thumbnail size-thumbnail\" alt=\"\" \/><\/a>\n\t\t\t<\/dt><\/dl><br style=\"clear: both\" \/>\n\t\t<\/div>\n\n","protected":false},"excerpt":{"rendered":"<p>A C\u00e2mara dos Deputados sediou o evento de apresenta\u00e7\u00e3o do Primeiro Diagn\u00f3stico da Carreira de Procurador da Fazenda Nacional. Realizado na quarta-feira (3), o evento foi promovido pelo SINPROFAZ e teve por intuito apresentar aos deputados os resultados da Pesquisa.<\/p>\n","protected":false},"author":2,"featured_media":9937,"comment_status":"open","ping_status":"open","sticky":false,"template":"","format":"standard","meta":{"footnotes":""},"categories":[8],"tags":[48,32,127,25],"featured_image_url":"https:\/\/sinprofaz.org.br\/2024\/wp-content\/uploads\/2019\/07\/01-5.jpg","character_count":2062,"formatted_date":"04\/07\/2019 - 11:59","contentNovo":"A C\u00e2mara dos Deputados sediou o evento de apresenta\u00e7\u00e3o, ao Congresso Nacional, do Primeiro Diagn\u00f3stico da Carreira de Procurador da Fazenda Nacional. Realizado na quarta-feira (3), o evento foi promovido pelo SINPROFAZ e teve por intuito apresentar aos deputados federais os resultados da Pesquisa que tra\u00e7ou um panorama da Carreira no Brasil. O estudo \u00e9 pioneiro no \u00e2mbito da Advocacia P\u00fablica Federal e contou com ampla participa\u00e7\u00e3o dos PFNs, permitindo que ele refletisse rigorosamente o que pensa e o que deseja a Carreira em todas as Regi\u00f5es do pa\u00eds.\r\n\r\nDentre os deputados presentes, estiveram Z\u00e9 Neto (PT\/BA), F\u00e1bio Trad (PSD\/MS) e Bosco Costa (PR\/SE), os quais demonstraram conhecimento e especial respeito \u00e0 Fun\u00e7\u00e3o Essencial desempenhada pelos procuradores da Fazenda Nacional. Na ocasi\u00e3o do evento, SINPROFAZ e parlamentares debateram quest\u00f5es pertinentes \u00e0 Carreira e \u00e0 sociedade como um todo, discutindo, entre outras, os nefastos efeitos da reforma da Previd\u00eancia proposta pelo Executivo e a urg\u00eancia da proposi\u00e7\u00e3o de uma reforma tribut\u00e1ria justa, que combata a desigualdade social no pa\u00eds.\r\n\r\nConsciente da contribui\u00e7\u00e3o que os PFNs t\u00eam a dar em rela\u00e7\u00e3o \u00e0s duas mat\u00e9rias, o deputado Z\u00e9 Neto discursou aos presentes: \"H\u00e1 assuntos complexos que precisam ser enfrentados. Por que nossa tributa\u00e7\u00e3o n\u00e3o \u00e9 progressiva, como nos Estados Unidos e na Europa, onde quem ganha mais paga mais e quem ganha menos paga menos? Coloco meu mandato \u00e0 disposi\u00e7\u00e3o para trabalharmos juntos e desejo que voc\u00eas, procuradores da Fazenda Nacional, tenham sucesso nessa empreitada de, por meio do conhecimento que det\u00eam, contribu\u00edrem para uma reforma fiscal que seja a chave para muitos dos problemas do pa\u00eds\". Representantes do Diretoria do SINPROFAZ tamb\u00e9m fizeram uso da palavra.\r\n\r\nO evento de apresenta\u00e7\u00e3o do Primeiro Diagn\u00f3stico da Carreira de Procurador da Fazenda Nacional contou ainda com uma exposi\u00e7\u00e3o de Cristiano Costa, psic\u00f3logo respons\u00e1vel pela elabora\u00e7\u00e3o do estudo. Na exposi\u00e7\u00e3o, Costa abordou aspectos t\u00e9cnicos da pesquisa, assim como da an\u00e1lise dos dados e das conclus\u00f5es. Entidades como a Associa\u00e7\u00e3o Nacional dos Advogados da Uni\u00e3o - ANAUNI, o Sindicato Nacional dos Auditores Fiscais do Trabalho - SINAIT, o Sindicato Nacional dos Analistas-Tribut\u00e1rios da Receita Federal do Brasil - Sindireceita e o Sindicato Nacional dos Servidores das Ag\u00eancias Nacionais de Regula\u00e7\u00e3o - Sinag\u00eancias prestigiaram o evento promovido pelo SINPROFAZ.\r\n\r\n<strong>Resultados<\/strong>\r\nA partir do Primeiro Diagn\u00f3stico da Carreira de Procurador da Fazenda Nacional, foi poss\u00edvel comprovar a excel\u00eancia da qualifica\u00e7\u00e3o t\u00e9cnica dos PFNs: 81% deles s\u00e3o p\u00f3s-graduados, mestres ou doutores. Verificou-se tamb\u00e9m que a Carreira n\u00e3o \u00e9 formada por profissionais iniciantes, pois 81% dos que responderam \u00e0 Pesquisa exerceram atividade no campo do Direito anteriormente ao cargo de PFN \u2013 percentual que revela a expertise dos Procuradores da Fazenda Nacional na atividade jur\u00eddica.\r\n\r\nOutro dado interessante demonstrado pelo Primeiro Diagn\u00f3stico \u00e9 que, dentre os diversos atributos do Procurador da Fazenda Nacional, os membros da Carreira consideram como principais o \u201cComprometimento com o Interesse P\u00fablico\u201d e o \u201cSaber T\u00e9cnico-Jur\u00eddico\u201d. Fica demonstrado assim o compromisso do PFN com a defesa do Estado e da sociedade, empenho este comprovado pelos bilh\u00f5es de reais cobrados e arrecadados anualmente pela Procuradoria da Fazenda Nacional.\r\n\r\nConfira aqui o Primeiro Diagn\u00f3stico da Carreira de Procurador da Fazenda Nacional: <a href=\"http:\/\/bit.ly\/Diagnostico_PFNs\" rel=\"noopener\" target=\"_blank\">bit.ly\/Diagnostico_PFNs<\/a>\r\n\r\n[gallery link=\"file\" ids=\"9938,9939,9940,9941,9942,9943,9944,9945,9946,9947,9948,9949\"]","_links":{"self":[{"href":"https:\/\/sinprofaz.org.br\/2024\/wp-json\/wp\/v2\/posts\/9936"}],"collection":[{"href":"https:\/\/sinprofaz.org.br\/2024\/wp-json\/wp\/v2\/posts"}],"about":[{"href":"https:\/\/sinprofaz.org.br\/2024\/wp-json\/wp\/v2\/types\/post"}],"author":[{"embeddable":true,"href":"https:\/\/sinprofaz.org.br\/2024\/wp-json\/wp\/v2\/users\/2"}],"replies":[{"embeddable":true,"href":"https:\/\/sinprofaz.org.br\/2024\/wp-json\/wp\/v2\/comments?post=9936"}],"version-history":[{"count":7,"href":"https:\/\/sinprofaz.org.br\/2024\/wp-json\/wp\/v2\/posts\/9936\/revisions"}],"predecessor-version":[{"id":9983,"href":"https:\/\/sinprofaz.org.br\/2024\/wp-json\/wp\/v2\/posts\/9936\/revisions\/9983"}],"wp:featuredmedia":[{"embeddable":true,"href":"https:\/\/sinprofaz.org.br\/2024\/wp-json\/wp\/v2\/media\/9937"}],"wp:attachment":[{"href":"https:\/\/sinprofaz.org.br\/2024\/wp-json\/wp\/v2\/media?parent=9936"}],"wp:term":[{"taxonomy":"category","embeddable":true,"href":"https:\/\/sinprofaz.org.br\/2024\/wp-json\/wp\/v2\/categories?post=9936"},{"taxonomy":"post_tag","embeddable":true,"href":"https:\/\/sinprofaz.org.br\/2024\/wp-json\/wp\/v2\/tags?post=9936"}],"curies":[{"name":"wp","href":"https:\/\/api.w.org\/{rel}","templated":true}]}}