{"id":9915,"date":"2019-07-02T16:15:13","date_gmt":"2019-07-02T19:15:13","guid":{"rendered":"http:\/\/www.sinprofaz.org.br\/?p=9915"},"modified":"2019-07-08T09:30:35","modified_gmt":"2019-07-08T12:30:35","slug":"no-senado-sinprofaz-expoe-efeitos-nefastos-da-reforma-da-previdencia","status":"publish","type":"post","link":"https:\/\/sinprofaz.org.br\/2024\/noticias\/no-senado-sinprofaz-expoe-efeitos-nefastos-da-reforma-da-previdencia\/","title":{"rendered":"NO SENADO, SINPROFAZ EXP\u00d5E EFEITOS NEFASTOS DA REFORMA DA PREVID\u00caNCIA"},"content":{"rendered":"<p>O SINPROFAZ, representado pelo seu diretor, o procurador da Fazenda Nacional Achilles Frias, participou hoje (2) de audi\u00eancia p\u00fablica promovida no Senado Federal pela Comiss\u00e3o de Direitos Humanos e Legisla\u00e7\u00e3o Participativa (CDH). O intuito da reuni\u00e3o foi analisar o legado deixado pela CPI da Previd\u00eancia, de forma a contribuir com as discuss\u00f5es a respeito da atual proposta de reforma. A audi\u00eancia p\u00fablica foi comandada pelo senador Paulo Paim (PT-RS), presidente da CDH que tamb\u00e9m esteve \u00e0 frente dos trabalhos da CPIPREV, como ficou conhecida a Comiss\u00e3o Parlamentar em 2017. Nesta ter\u00e7a-feira, os senadores Paulo Rocha (PT-PA) e Jean Paul Prates (PT-RN) acompanharam os trabalhos da CDH.<\/p>\n<p>Em exposi\u00e7\u00e3o, Achilles Frias afirmou que, em verdade, quem hoje determina os rumos do Brasil \u00e9 o grande capital internacional, em interesse do qual o governo ataca e terceiriza as estruturas de fiscaliza\u00e7\u00e3o e de cobran\u00e7a que muito bem funcionam no pa\u00eds. &#8220;Nesse cen\u00e1rio, haver\u00e1 investimento? Haver\u00e1 gera\u00e7\u00e3o de emprego? Haver\u00e1 aquecimento da economia? Haver\u00e1 recupera\u00e7\u00e3o? Muito pelo contr\u00e1rio, como afirma boa parte dos economistas. Defender, com a reforma da Previd\u00eancia, o arrocho por parte do trabalhador, enquanto os grandes empres\u00e1rios s\u00e3o reiteradamente beneficiados com ren\u00fancias e isen\u00e7\u00f5es fiscais, \u00e9 n\u00e3o medir quem deve realmente pagar a conta da crise&#8221;, ressaltou o diretor do Sindicato.   <\/p>\n<p>Nas diversas vezes em que participou de audi\u00eancias p\u00fablicas no Congresso Nacional, o SINPROFAZ denunciou a falta de estrutura da PGFN para cobrar a d\u00edvida ativa da Uni\u00e3o, o desinteresse governamental em combater a sonega\u00e7\u00e3o, os sucessivos refinanciamentos e as ren\u00fancias fiscais de centenas de bilh\u00f5es de reais. &#8220;Passamos por uma situa\u00e7\u00e3o econ\u00f4mica muito grave no pa\u00eds. S\u00e3o mais de 13 milh\u00f5es de desempregados. Quem vai pagar a conta da sonega\u00e7\u00e3o, da d\u00edvida, das ren\u00fancias? O trabalhador, com a reforma da Previd\u00eancia. Mas essa receita trazida pelo governo desestimular\u00e1 o mercado interno, prejudicar\u00e1 o pequeno empres\u00e1rio: ao retirar dinheiro do trabalhador, a reforma da Previd\u00eancia, na verdade, provocar\u00e1 o aumento da recess\u00e3o&#8221;, explicou Achilles Frias.<\/p>\n<p>A  CPI da Previd\u00eancia contou com ampla participa\u00e7\u00e3o do SINPROFAZ que, \u00e0 \u00e9poca, posicionou-se fortemente contra a reforma proposta pelo Executivo. No parecer final do relator, o Sindicato foi diversas vezes mencionado, tendo contribu\u00eddo, principalmente, com den\u00fancias sobre a crescente d\u00edvida ativa da Uni\u00e3o e o deliberado sucateamento da Procuradoria da Fazenda Nacional. Segundo o relat\u00f3rio da CPI, \u201cao lado do fortalecimento das institui\u00e7\u00f5es voltadas \u00e0 fiscaliza\u00e7\u00e3o de tributos e \u00e0 execu\u00e7\u00e3o da d\u00edvida ativa tribut\u00e1ria, imp\u00f5e-se a moderniza\u00e7\u00e3o e a atualiza\u00e7\u00e3o da pr\u00f3pria legisla\u00e7\u00e3o que rege essa execu\u00e7\u00e3o fiscal\u201d.<\/p>\n\n\t\t<style type=\"text\/css\">\n\t\t\t#gallery-1 {\n\t\t\t\tmargin: auto;\n\t\t\t}\n\t\t\t#gallery-1 .gallery-item {\n\t\t\t\tfloat: left;\n\t\t\t\tmargin-top: 10px;\n\t\t\t\ttext-align: center;\n\t\t\t\twidth: 33%;\n\t\t\t}\n\t\t\t#gallery-1 img {\n\t\t\t\tborder: 2px solid #cfcfcf;\n\t\t\t}\n\t\t\t#gallery-1 .gallery-caption {\n\t\t\t\tmargin-left: 0;\n\t\t\t}\n\t\t\t\/* see gallery_shortcode() in wp-includes\/media.php *\/\n\t\t<\/style>\n\t\t<div id='gallery-1' class='gallery galleryid-9915 gallery-columns-3 gallery-size-thumbnail'><dl class='gallery-item'>\n\t\t\t<dt class='gallery-icon landscape'>\n\t\t\t\t<a href='https:\/\/sinprofaz.org.br\/2024\/wp-content\/uploads\/2019\/07\/02-3.jpg'><img loading=\"lazy\" decoding=\"async\" width=\"150\" height=\"150\" src=\"https:\/\/sinprofaz.org.br\/2024\/wp-content\/uploads\/2019\/07\/02-3-150x150.jpg\" class=\"attachment-thumbnail size-thumbnail\" alt=\"\" \/><\/a>\n\t\t\t<\/dt><\/dl><dl class='gallery-item'>\n\t\t\t<dt class='gallery-icon landscape'>\n\t\t\t\t<a href='https:\/\/sinprofaz.org.br\/2024\/wp-content\/uploads\/2019\/07\/03-2.jpg'><img loading=\"lazy\" decoding=\"async\" width=\"150\" height=\"150\" src=\"https:\/\/sinprofaz.org.br\/2024\/wp-content\/uploads\/2019\/07\/03-2-150x150.jpg\" class=\"attachment-thumbnail size-thumbnail\" alt=\"\" \/><\/a>\n\t\t\t<\/dt><\/dl><dl class='gallery-item'>\n\t\t\t<dt class='gallery-icon landscape'>\n\t\t\t\t<a href='https:\/\/sinprofaz.org.br\/2024\/wp-content\/uploads\/2019\/07\/04-1.jpg'><img loading=\"lazy\" decoding=\"async\" width=\"150\" height=\"150\" src=\"https:\/\/sinprofaz.org.br\/2024\/wp-content\/uploads\/2019\/07\/04-1-150x150.jpg\" class=\"attachment-thumbnail size-thumbnail\" alt=\"\" \/><\/a>\n\t\t\t<\/dt><\/dl><br style=\"clear: both\" \/><dl class='gallery-item'>\n\t\t\t<dt class='gallery-icon landscape'>\n\t\t\t\t<a href='https:\/\/sinprofaz.org.br\/2024\/wp-content\/uploads\/2019\/07\/05.jpg'><img loading=\"lazy\" decoding=\"async\" width=\"150\" height=\"150\" src=\"https:\/\/sinprofaz.org.br\/2024\/wp-content\/uploads\/2019\/07\/05-150x150.jpg\" class=\"attachment-thumbnail size-thumbnail\" alt=\"\" \/><\/a>\n\t\t\t<\/dt><\/dl>\n\t\t\t<br style='clear: both' \/>\n\t\t<\/div>\n\n","protected":false},"excerpt":{"rendered":"<p>O SINPROFAZ, representado pelo seu diretor, o PFN Achilles Frias, participou hoje (2) de audi\u00eancia p\u00fablica promovida pela Comiss\u00e3o de Direitos Humanos e Legisla\u00e7\u00e3o Participativa (CDH). O intuito da reuni\u00e3o foi analisar o legado deixado pela CPI da Previd\u00eancia, que atuou no ano de 2017.<\/p>\n","protected":false},"author":2,"featured_media":9916,"comment_status":"open","ping_status":"open","sticky":false,"template":"","format":"standard","meta":{"footnotes":""},"categories":[8],"tags":[77,53,25],"featured_image_url":"https:\/\/sinprofaz.org.br\/2024\/wp-content\/uploads\/2019\/07\/01-3.jpg","character_count":1640,"formatted_date":"02\/07\/2019 - 16:15","contentNovo":"O SINPROFAZ, representado pelo seu diretor, o procurador da Fazenda Nacional Achilles Frias, participou hoje (2) de audi\u00eancia p\u00fablica promovida no Senado Federal pela Comiss\u00e3o de Direitos Humanos e Legisla\u00e7\u00e3o Participativa (CDH). O intuito da reuni\u00e3o foi analisar o legado deixado pela CPI da Previd\u00eancia, de forma a contribuir com as discuss\u00f5es a respeito da atual proposta de reforma. A audi\u00eancia p\u00fablica foi comandada pelo senador Paulo Paim (PT-RS), presidente da CDH que tamb\u00e9m esteve \u00e0 frente dos trabalhos da CPIPREV, como ficou conhecida a Comiss\u00e3o Parlamentar em 2017. Nesta ter\u00e7a-feira, os senadores Paulo Rocha (PT-PA) e Jean Paul Prates (PT-RN) acompanharam os trabalhos da CDH.\r\n\r\nEm exposi\u00e7\u00e3o, Achilles Frias afirmou que, em verdade, quem hoje determina os rumos do Brasil \u00e9 o grande capital internacional, em interesse do qual o governo ataca e terceiriza as estruturas de fiscaliza\u00e7\u00e3o e de cobran\u00e7a que muito bem funcionam no pa\u00eds. \"Nesse cen\u00e1rio, haver\u00e1 investimento? Haver\u00e1 gera\u00e7\u00e3o de emprego? Haver\u00e1 aquecimento da economia? Haver\u00e1 recupera\u00e7\u00e3o? Muito pelo contr\u00e1rio, como afirma boa parte dos economistas. Defender, com a reforma da Previd\u00eancia, o arrocho por parte do trabalhador, enquanto os grandes empres\u00e1rios s\u00e3o reiteradamente beneficiados com ren\u00fancias e isen\u00e7\u00f5es fiscais, \u00e9 n\u00e3o medir quem deve realmente pagar a conta da crise\", ressaltou o diretor do Sindicato.   \r\n\r\nNas diversas vezes em que participou de audi\u00eancias p\u00fablicas no Congresso Nacional, o SINPROFAZ denunciou a falta de estrutura da PGFN para cobrar a d\u00edvida ativa da Uni\u00e3o, o desinteresse governamental em combater a sonega\u00e7\u00e3o, os sucessivos refinanciamentos e as ren\u00fancias fiscais de centenas de bilh\u00f5es de reais. \"Passamos por uma situa\u00e7\u00e3o econ\u00f4mica muito grave no pa\u00eds. S\u00e3o mais de 13 milh\u00f5es de desempregados. Quem vai pagar a conta da sonega\u00e7\u00e3o, da d\u00edvida, das ren\u00fancias? O trabalhador, com a reforma da Previd\u00eancia. Mas essa receita trazida pelo governo desestimular\u00e1 o mercado interno, prejudicar\u00e1 o pequeno empres\u00e1rio: ao retirar dinheiro do trabalhador, a reforma da Previd\u00eancia, na verdade, provocar\u00e1 o aumento da recess\u00e3o\", explicou Achilles Frias.\r\n\r\nA  CPI da Previd\u00eancia contou com ampla participa\u00e7\u00e3o do SINPROFAZ que, \u00e0 \u00e9poca, posicionou-se fortemente contra a reforma proposta pelo Executivo. No parecer final do relator, o Sindicato foi diversas vezes mencionado, tendo contribu\u00eddo, principalmente, com den\u00fancias sobre a crescente d\u00edvida ativa da Uni\u00e3o e o deliberado sucateamento da Procuradoria da Fazenda Nacional. Segundo o relat\u00f3rio da CPI, \u201cao lado do fortalecimento das institui\u00e7\u00f5es voltadas \u00e0 fiscaliza\u00e7\u00e3o de tributos e \u00e0 execu\u00e7\u00e3o da d\u00edvida ativa tribut\u00e1ria, imp\u00f5e-se a moderniza\u00e7\u00e3o e a atualiza\u00e7\u00e3o da pr\u00f3pria legisla\u00e7\u00e3o que rege essa execu\u00e7\u00e3o fiscal\u201d.\r\n\r\n[gallery link=\"file\" ids=\"9917,9918,9919,9920\"]","_links":{"self":[{"href":"https:\/\/sinprofaz.org.br\/2024\/wp-json\/wp\/v2\/posts\/9915"}],"collection":[{"href":"https:\/\/sinprofaz.org.br\/2024\/wp-json\/wp\/v2\/posts"}],"about":[{"href":"https:\/\/sinprofaz.org.br\/2024\/wp-json\/wp\/v2\/types\/post"}],"author":[{"embeddable":true,"href":"https:\/\/sinprofaz.org.br\/2024\/wp-json\/wp\/v2\/users\/2"}],"replies":[{"embeddable":true,"href":"https:\/\/sinprofaz.org.br\/2024\/wp-json\/wp\/v2\/comments?post=9915"}],"version-history":[{"count":2,"href":"https:\/\/sinprofaz.org.br\/2024\/wp-json\/wp\/v2\/posts\/9915\/revisions"}],"predecessor-version":[{"id":9978,"href":"https:\/\/sinprofaz.org.br\/2024\/wp-json\/wp\/v2\/posts\/9915\/revisions\/9978"}],"wp:featuredmedia":[{"embeddable":true,"href":"https:\/\/sinprofaz.org.br\/2024\/wp-json\/wp\/v2\/media\/9916"}],"wp:attachment":[{"href":"https:\/\/sinprofaz.org.br\/2024\/wp-json\/wp\/v2\/media?parent=9915"}],"wp:term":[{"taxonomy":"category","embeddable":true,"href":"https:\/\/sinprofaz.org.br\/2024\/wp-json\/wp\/v2\/categories?post=9915"},{"taxonomy":"post_tag","embeddable":true,"href":"https:\/\/sinprofaz.org.br\/2024\/wp-json\/wp\/v2\/tags?post=9915"}],"curies":[{"name":"wp","href":"https:\/\/api.w.org\/{rel}","templated":true}]}}