{"id":9871,"date":"2019-06-28T10:00:27","date_gmt":"2019-06-28T13:00:27","guid":{"rendered":"http:\/\/www.sinprofaz.org.br\/?p=9871"},"modified":"2019-06-28T15:42:39","modified_gmt":"2019-06-28T18:42:39","slug":"memorias-da-gestao-2015-2019","status":"publish","type":"post","link":"https:\/\/sinprofaz.org.br\/2024\/noticias\/memorias-da-gestao-2015-2019\/","title":{"rendered":"MEM\u00d3RIAS DA GEST\u00c3O 2015-2019"},"content":{"rendered":"<p>No SINPROFAZ, o ano de 2019 marca a ascens\u00e3o de uma Diretoria sob nova presid\u00eancia: enquanto Achilles Frias encerra seu segundo mandato \u00e0 frente do Sindicato, Ernane Brito, que ocupava a Diretoria Administrativa nas duas gest\u00f5es anteriores, assume o cargo de presidente pela primeira vez. A nova Diretoria, entretanto, j\u00e1 traz consigo enorme legado: a experi\u00eancia de um grupo de quinze PFNs que, desde 2015, vestem a camisa do SINPROFAZ para conduzir a luta pelos pleitos da Carreira. Para que o ciclo de dois mandatos seja devidamente fechado, o SINPROFAZ relembra agora algumas das mais importantes vit\u00f3rias alcan\u00e7adas pela Carreira nos \u00faltimos quatro anos.<\/p>\n<p><strong>2015<\/strong><br \/>\nEleita em junho de 2015, a Diretoria do SINPROFAZ foi empossada no mais desafiador dos cen\u00e1rios: em plena Entrega de Cargos. O Movimento foi a sa\u00edda encontrada pelo SINPROFAZ e demais advogados p\u00fablicos federais diante do uso politiqueiro da Advocacia-Geral da Uni\u00e3o \u2013 realidade esta que, combinada \u00e0s prec\u00e1rias condi\u00e7\u00f5es de trabalho na AGU e na PGFN e \u00e0 inaceit\u00e1vel defasagem remunerat\u00f3ria \u00e0 \u00e9poca, pautou o Movimento amplamente divulgado pela imprensa. Em meados do ano, a mobiliza\u00e7\u00e3o chegou ao \u00e1pice e surtiu efeitos: o Movimento culminou na renova\u00e7\u00e3o da AGU. A previs\u00e3o, no Novo C\u00f3digo de Processo Civil, de percep\u00e7\u00e3o dos honor\u00e1rios advocat\u00edcios; a retomada do di\u00e1logo com a c\u00fapula da PGFN e o avan\u00e7o das negocia\u00e7\u00f5es sobre a remunera\u00e7\u00e3o da Carreira foram outras vit\u00f3rias conquistadas ao longo do Movimento.<\/p>\n<p><strong>2016<\/strong><br \/>\nO ano de 2016 ficou marcado pelo intenso trabalho parlamentar do SINPROFAZ em prol dos honor\u00e1rios sucumbenciais. Na C\u00e2mara dos Deputados, a luta pela PEC 443, aprovada em primeiro turno, deu espa\u00e7o \u00e0 atua\u00e7\u00e3o pelo PL 4254\/2015, mais ben\u00e9fico \u00e0 Carreira. Mobilizados, SINPROFAZ e filiados tomaram os corredores da Casa Legislativa, conquistando, dia a dia, o apoio de novos deputados \u00e0 causa. O Projeto de Lei 4254 foi ratificado pela C\u00e2mara e seguiu como PLC 36\/2016 para aprecia\u00e7\u00e3o do Senado, etapa em que a press\u00e3o do SINPROFAZ pela aprova\u00e7\u00e3o seguiu com todo o vigor.<\/p>\n<p>No m\u00eas de junho, representantes do Sindicato se reuniram com o ministro-chefe da Casa Civil, Eliseu Padilha. Questionado pelo presidente do SINPROFAZ sobre a vota\u00e7\u00e3o do PLC, o ministro deu sinaliza\u00e7\u00e3o positiva, afirmando que o Projeto seria aprovado e sancionado com celeridade. Ap\u00f3s intenso trabalho parlamentar, mobiliza\u00e7\u00e3o da Carreira e articula\u00e7\u00e3o pol\u00edtica dos diretores do Sindicato, o PLC 36\/2016 foi aprovado em plen\u00e1rio. Os honor\u00e1rios advocat\u00edcios e outras importantes prerrogativas para a Carreira, objetos de luta de v\u00e1rias das gest\u00f5es anteriores do SINPROFAZ, foram finalmente conquistados, tendo sido regulamentados pela Lei 13.327\/2016.<\/p>\n<p><strong>2017<\/strong><br \/>\nNo Senado Federal, o SINPROFAZ foi convidado recorrente das audi\u00eancias promovidas pela CPI da Previd\u00eancia. Nessas oportunidades, Achilles Frias abordou quest\u00f5es como a desconsidera\u00e7\u00e3o, no c\u00e1lculo do d\u00e9ficit, dos quase R$2 trilh\u00f5es de d\u00edvida ativa da Uni\u00e3o e dos R$500 milh\u00f5es equivalentes \u00e0 d\u00edvida previdenci\u00e1ria. As cr\u00edticas do SINPROFAZ aos chamados &#8220;Refis&#8221; tamb\u00e9m foram destaque durante as audi\u00eancias p\u00fablicas. Em certa ocasi\u00e3o no m\u00eas de maio, Achilles Frias demonstrou a manobra de parlamentares que pretendiam anistiar as d\u00edvidas que eles pr\u00f3prios tinham com a Uni\u00e3o. A den\u00fancia do presidente do SINPROFAZ sobre os parlamentares que legislavam em causa pr\u00f3pria pautou os mais importantes ve\u00edculos da imprensa nacional.<\/p>\n<p><strong>2018<\/strong><br \/>\nVit\u00f3ria marcante ocorreu no m\u00eas de dezembro de 2018, quando a possibilidade de nomea\u00e7\u00e3o de um indiv\u00edduo estranho \u00e0 Institui\u00e7\u00e3o para o cargo de PGFN norteou a atua\u00e7\u00e3o da Diretoria. O SINPROFAZ se colocou, ent\u00e3o, na vanguarda de um novo Movimento de Entrega de Cargos, encampando completamente sozinho a luta contra o retrocesso na PGFN. A press\u00e3o do Sindicato e da Carreira precisou de poucos dias para surtir efeito: antes que o ano terminasse, um procurador da Fazenda Nacional foi indicado para exercer o cargo m\u00e1ximo da PGFN. N\u00e3o fosse a atua\u00e7\u00e3o do Sindicato, que se colocou como \u00faltima trincheira de defesa da Institui\u00e7\u00e3o, a Procuradoria-Geral da Fazenda Nacional seria hoje liderada por pessoa alheia ao quadro de PFNs.<\/p>\n<p>A participa\u00e7\u00e3o do SINPROFAZ em audi\u00eancias p\u00fablicas no Congresso Nacional continuou com for\u00e7a em 2018. Entre as exposi\u00e7\u00f5es, esteve a realizada no m\u00eas de agosto, quando o presidente Achilles Frias tratou do PLP 459\/2017, que legalizava esquema fraudulento de contrata\u00e7\u00e3o irregular da d\u00edvida p\u00fablica. Aos parlamentares presentes na ocasi\u00e3o, o SINPROFAZ revelou o risco da terceiriza\u00e7\u00e3o e privatiza\u00e7\u00e3o da d\u00edvida ativa da Uni\u00e3o e a forma como o Projeto permitia a transfer\u00eancia abusiva de recursos do povo para bancos privilegiados e, assim, a gera\u00e7\u00e3o de imensos preju\u00edzos \u00e0s finan\u00e7as p\u00fablicas.<\/p>\n<p><strong>2019<\/strong><br \/>\nDurante as duas gest\u00f5es da Diretoria que ora finaliza o mandato, o SINPROFAZ levou o Soneg\u00f4metro para S\u00e3o Paulo\/SP, Bras\u00edlia\/DF e Porto Alegre\/RS. Placar digital itinerante criado para denunciar os exorbitantes n\u00fameros da sonega\u00e7\u00e3o no pa\u00eds, o Soneg\u00f4metro \u00e9 marca registrada do SINPROFAZ, sendo lembrado cotidianamente pelos ve\u00edculos de imprensa quando tratam de temas como a reforma previdenci\u00e1ria, a corrup\u00e7\u00e3o, a lavagem de dinheiro e a m\u00e1 composi\u00e7\u00e3o da carga tribut\u00e1ria. O Soneg\u00f4metro revela que, anualmente, mais de R$500 bilh\u00f5es s\u00e3o sonegados no Brasil \u2013 dinheiro p\u00fablico que deixa de ingressar nos cofres da Uni\u00e3o e de ser investido em searas essenciais \u00e0 popula\u00e7\u00e3o, como sa\u00fade, educa\u00e7\u00e3o e seguran\u00e7a.<\/p>\n<p>No \u00faltimo semestre como presidente do SINPROFAZ, Achilles Frias concluiu a meta de visita a unidades da PFN em todos os estados do pa\u00eds. S\u00f3 em 2019, o Sindicato esteve em Rond\u00f4nia, Roraima, Acre, Amazonas, Sergipe, Mato Grosso do Sul, Amap\u00e1 e Maranh\u00e3o \u2013 estados nos quais as reuni\u00f5es possibilitaram debates sobre os pleitos locais dos Colegas, assim como a conquista de novas filia\u00e7\u00f5es. Estabelecida no in\u00edcio do segundo mandato, a meta do presidente objetivou a aproxima\u00e7\u00e3o entre o Sindicato e a base, de forma que ideias e sugest\u00f5es da Carreira pudessem ser propostas e colocadas em pr\u00e1tica pelo SINPROFAZ em \u00e2mbito nacional.<\/p>\n<p>Dando continuidade a projeto lan\u00e7ado anos antes, a Diretoria promoveu o 2\u00ba, o 3\u00ba e o 4\u00ba Concurso de Monografias do SINPROFAZ. Nessas tr\u00eas edi\u00e7\u00f5es, os trabalhos apresentados tiveram como temas, respectivamente, \u201cA cobran\u00e7a do cr\u00e9dito tribut\u00e1rio no Brasil e no Direito Comparado\u201d, \u201cA Cobran\u00e7a da D\u00edvida Ativa como Direito Inalien\u00e1vel do Poder P\u00fablico no Brasil e no Direito Comparado\u201d e \u201cDos Fundamentos para um Sistema Tribut\u00e1rio baseado na Justi\u00e7a\u201d. Criado com o intuito de fomentar a gera\u00e7\u00e3o de conhecimento pelos procuradores da Fazenda Nacional filiados ao SINPROFAZ, o Concurso atingiu seu prop\u00f3sito, tendo motivado a produ\u00e7\u00e3o de densas monografias premiadas e publicadas na Revista Justi\u00e7a Fiscal.<\/p>\n<p>Para concluir o mandato, a Diretoria do SINPROFAZ lan\u00e7ou o Primeiro Diagn\u00f3stico da Carreira de Procurador da Fazenda Nacional. In\u00e9dito no \u00e2mbito da Advocacia P\u00fablica Federal, o estudo analisou aspectos relativos a demografia, identidade e trabalho dos PFNs no Brasil. Mais do que nutrir o SINPROFAZ de informa\u00e7\u00f5es a respeito de seus representados, o Diagn\u00f3stico se revelou ferramenta \u00fatil ao planejamento, pela Procuradoria-Geral da Fazenda Nacional e pela Advocacia-Geral da Uni\u00e3o, de medidas voltadas \u00e0 satisfa\u00e7\u00e3o dos anseios da Carreira. Para que os parlamentares federais tomem conhecimento do Diagn\u00f3stico, o SINPROFAZ promover\u00e1 evento de apresenta\u00e7\u00e3o do estudo ao Congresso Nacional.<\/p>\n<p><strong>Caminho tra\u00e7ado para novas conquistas<\/strong><br \/>\nDesde que a Diretoria assumiu em 2015, cinco diferentes advogados-gerais da Uni\u00e3o passaram pela AGU, enquanto quatro procuradores-gerais da Fazenda Nacional chefiaram a PGFN. A todas essas lideran\u00e7as, o SINPROFAZ levou suas bandeiras: a Advocacia de Estado \u2013 em detrimento da Advocacia de governo \u2013, a consolida\u00e7\u00e3o da Carreira como Fun\u00e7\u00e3o Essencial \u00e0 Justi\u00e7a e a valoriza\u00e7\u00e3o dos PFNs, cuja complexidade e responsabilidade do of\u00edcio devem ser necessariamente acompanhadas pela devida estrutura de trabalho, remunera\u00e7\u00e3o satisfat\u00f3ria e respeito \u00e0s prerrogativas.<\/p>\n<p>O SINPROFAZ chega a junho de 2019 reconhecido por toda a Advocacia P\u00fablica pela maturidade e discernimento com que atua \u2013 caracter\u00edsticas fundamentais \u00e0s lutas que al\u00e7aram os PFNs ao atual patamar. Hoje, o Sindicato apresenta-se ainda mais forte, ciente do apoio da Carreira e pronto para enfrentar os desafios que se avizinham. A afirma\u00e7\u00e3o da identidade e da import\u00e2ncia dos procuradores da Fazenda Nacional em um espa\u00e7o democr\u00e1tico e independente seguir\u00e1 norteando a atua\u00e7\u00e3o da Diretoria. \u00c9 tempo de comemorar as vit\u00f3rias desse quatri\u00eanio hist\u00f3rico e de desejar muito boa-sorte \u00e0 nova gest\u00e3o eleita. Mais do que nunca, vida longa e muito sucesso ao SINPROFAZ!<\/p>\n<p>Confira o v\u00eddeo com a retrospectiva da Gest\u00e3o 2015-2019: <a href=\"http:\/\/youtu.be\/rIW-saeRWcQ\">youtu.be\/rIW-saeRWcQ<\/a><\/p>\n\n\t\t<style type=\"text\/css\">\n\t\t\t#gallery-1 {\n\t\t\t\tmargin: auto;\n\t\t\t}\n\t\t\t#gallery-1 .gallery-item {\n\t\t\t\tfloat: left;\n\t\t\t\tmargin-top: 10px;\n\t\t\t\ttext-align: center;\n\t\t\t\twidth: 33%;\n\t\t\t}\n\t\t\t#gallery-1 img {\n\t\t\t\tborder: 2px solid #cfcfcf;\n\t\t\t}\n\t\t\t#gallery-1 .gallery-caption {\n\t\t\t\tmargin-left: 0;\n\t\t\t}\n\t\t\t\/* see gallery_shortcode() in wp-includes\/media.php *\/\n\t\t<\/style>\n\t\t<div id='gallery-1' class='gallery galleryid-9871 gallery-columns-3 gallery-size-thumbnail'><dl class='gallery-item'>\n\t\t\t<dt class='gallery-icon landscape'>\n\t\t\t\t<a href='https:\/\/sinprofaz.org.br\/2024\/wp-content\/uploads\/2019\/06\/01-14.jpg'><img loading=\"lazy\" decoding=\"async\" width=\"150\" height=\"150\" src=\"https:\/\/sinprofaz.org.br\/2024\/wp-content\/uploads\/2019\/06\/01-14-150x150.jpg\" class=\"attachment-thumbnail size-thumbnail\" alt=\"\" \/><\/a>\n\t\t\t<\/dt><\/dl><dl class='gallery-item'>\n\t\t\t<dt class='gallery-icon landscape'>\n\t\t\t\t<a href='https:\/\/sinprofaz.org.br\/2024\/wp-content\/uploads\/2019\/06\/02-6.jpg'><img loading=\"lazy\" decoding=\"async\" width=\"150\" height=\"150\" src=\"https:\/\/sinprofaz.org.br\/2024\/wp-content\/uploads\/2019\/06\/02-6-150x150.jpg\" class=\"attachment-thumbnail size-thumbnail\" alt=\"\" \/><\/a>\n\t\t\t<\/dt><\/dl><dl class='gallery-item'>\n\t\t\t<dt class='gallery-icon landscape'>\n\t\t\t\t<a href='https:\/\/sinprofaz.org.br\/2024\/wp-content\/uploads\/2019\/06\/03-2.jpg'><img loading=\"lazy\" decoding=\"async\" width=\"150\" height=\"150\" src=\"https:\/\/sinprofaz.org.br\/2024\/wp-content\/uploads\/2019\/06\/03-2-150x150.jpg\" class=\"attachment-thumbnail size-thumbnail\" alt=\"\" \/><\/a>\n\t\t\t<\/dt><\/dl><br style=\"clear: both\" \/><dl class='gallery-item'>\n\t\t\t<dt class='gallery-icon landscape'>\n\t\t\t\t<a href='https:\/\/sinprofaz.org.br\/2024\/wp-content\/uploads\/2019\/06\/04-2.jpg'><img loading=\"lazy\" decoding=\"async\" width=\"150\" height=\"150\" src=\"https:\/\/sinprofaz.org.br\/2024\/wp-content\/uploads\/2019\/06\/04-2-150x150.jpg\" class=\"attachment-thumbnail size-thumbnail\" alt=\"\" \/><\/a>\n\t\t\t<\/dt><\/dl><dl class='gallery-item'>\n\t\t\t<dt class='gallery-icon landscape'>\n\t\t\t\t<a href='https:\/\/sinprofaz.org.br\/2024\/wp-content\/uploads\/2019\/06\/05-1.jpg'><img loading=\"lazy\" decoding=\"async\" width=\"150\" height=\"150\" src=\"https:\/\/sinprofaz.org.br\/2024\/wp-content\/uploads\/2019\/06\/05-1-150x150.jpg\" class=\"attachment-thumbnail size-thumbnail\" alt=\"\" \/><\/a>\n\t\t\t<\/dt><\/dl><dl class='gallery-item'>\n\t\t\t<dt class='gallery-icon landscape'>\n\t\t\t\t<a href='https:\/\/sinprofaz.org.br\/2024\/wp-content\/uploads\/2019\/06\/06.jpg'><img loading=\"lazy\" decoding=\"async\" width=\"150\" height=\"150\" src=\"https:\/\/sinprofaz.org.br\/2024\/wp-content\/uploads\/2019\/06\/06-150x150.jpg\" class=\"attachment-thumbnail size-thumbnail\" alt=\"\" \/><\/a>\n\t\t\t<\/dt><\/dl><br style=\"clear: both\" \/><dl class='gallery-item'>\n\t\t\t<dt class='gallery-icon landscape'>\n\t\t\t\t<a href='https:\/\/sinprofaz.org.br\/2024\/wp-content\/uploads\/2019\/06\/07.jpg'><img loading=\"lazy\" decoding=\"async\" width=\"150\" height=\"150\" src=\"https:\/\/sinprofaz.org.br\/2024\/wp-content\/uploads\/2019\/06\/07-150x150.jpg\" class=\"attachment-thumbnail size-thumbnail\" alt=\"\" \/><\/a>\n\t\t\t<\/dt><\/dl><dl class='gallery-item'>\n\t\t\t<dt class='gallery-icon landscape'>\n\t\t\t\t<a href='https:\/\/sinprofaz.org.br\/2024\/wp-content\/uploads\/2019\/06\/08.jpg'><img loading=\"lazy\" decoding=\"async\" width=\"150\" height=\"150\" src=\"https:\/\/sinprofaz.org.br\/2024\/wp-content\/uploads\/2019\/06\/08-150x150.jpg\" class=\"attachment-thumbnail size-thumbnail\" alt=\"\" \/><\/a>\n\t\t\t<\/dt><\/dl><dl class='gallery-item'>\n\t\t\t<dt class='gallery-icon landscape'>\n\t\t\t\t<a href='https:\/\/sinprofaz.org.br\/2024\/wp-content\/uploads\/2019\/06\/09.jpg'><img loading=\"lazy\" decoding=\"async\" width=\"150\" height=\"150\" src=\"https:\/\/sinprofaz.org.br\/2024\/wp-content\/uploads\/2019\/06\/09-150x150.jpg\" class=\"attachment-thumbnail size-thumbnail\" alt=\"\" \/><\/a>\n\t\t\t<\/dt><\/dl><br style=\"clear: both\" \/><dl class='gallery-item'>\n\t\t\t<dt class='gallery-icon landscape'>\n\t\t\t\t<a href='https:\/\/sinprofaz.org.br\/2024\/wp-content\/uploads\/2019\/06\/10.jpg'><img loading=\"lazy\" decoding=\"async\" width=\"150\" height=\"150\" src=\"https:\/\/sinprofaz.org.br\/2024\/wp-content\/uploads\/2019\/06\/10-150x150.jpg\" class=\"attachment-thumbnail size-thumbnail\" alt=\"\" \/><\/a>\n\t\t\t<\/dt><\/dl><dl class='gallery-item'>\n\t\t\t<dt class='gallery-icon landscape'>\n\t\t\t\t<a href='https:\/\/sinprofaz.org.br\/2024\/wp-content\/uploads\/2019\/06\/11.jpg'><img loading=\"lazy\" decoding=\"async\" width=\"150\" height=\"150\" src=\"https:\/\/sinprofaz.org.br\/2024\/wp-content\/uploads\/2019\/06\/11-150x150.jpg\" class=\"attachment-thumbnail size-thumbnail\" alt=\"\" \/><\/a>\n\t\t\t<\/dt><\/dl><dl class='gallery-item'>\n\t\t\t<dt class='gallery-icon landscape'>\n\t\t\t\t<a href='https:\/\/sinprofaz.org.br\/2024\/wp-content\/uploads\/2019\/06\/12.jpg'><img loading=\"lazy\" decoding=\"async\" width=\"150\" height=\"150\" src=\"https:\/\/sinprofaz.org.br\/2024\/wp-content\/uploads\/2019\/06\/12-150x150.jpg\" class=\"attachment-thumbnail size-thumbnail\" alt=\"\" \/><\/a>\n\t\t\t<\/dt><\/dl><br style=\"clear: both\" \/><dl class='gallery-item'>\n\t\t\t<dt class='gallery-icon landscape'>\n\t\t\t\t<a href='https:\/\/sinprofaz.org.br\/2024\/wp-content\/uploads\/2019\/06\/13.jpg'><img loading=\"lazy\" decoding=\"async\" width=\"150\" height=\"150\" src=\"https:\/\/sinprofaz.org.br\/2024\/wp-content\/uploads\/2019\/06\/13-150x150.jpg\" class=\"attachment-thumbnail size-thumbnail\" alt=\"\" \/><\/a>\n\t\t\t<\/dt><\/dl><dl class='gallery-item'>\n\t\t\t<dt class='gallery-icon landscape'>\n\t\t\t\t<a href='https:\/\/sinprofaz.org.br\/2024\/wp-content\/uploads\/2019\/06\/14.jpg'><img loading=\"lazy\" decoding=\"async\" width=\"150\" height=\"150\" src=\"https:\/\/sinprofaz.org.br\/2024\/wp-content\/uploads\/2019\/06\/14-150x150.jpg\" class=\"attachment-thumbnail size-thumbnail\" alt=\"\" \/><\/a>\n\t\t\t<\/dt><\/dl><dl class='gallery-item'>\n\t\t\t<dt class='gallery-icon landscape'>\n\t\t\t\t<a href='https:\/\/sinprofaz.org.br\/2024\/wp-content\/uploads\/2019\/06\/15.jpg'><img loading=\"lazy\" decoding=\"async\" width=\"150\" height=\"150\" src=\"https:\/\/sinprofaz.org.br\/2024\/wp-content\/uploads\/2019\/06\/15-150x150.jpg\" class=\"attachment-thumbnail size-thumbnail\" alt=\"\" \/><\/a>\n\t\t\t<\/dt><\/dl><br style=\"clear: both\" \/><dl class='gallery-item'>\n\t\t\t<dt class='gallery-icon landscape'>\n\t\t\t\t<a href='https:\/\/sinprofaz.org.br\/2024\/wp-content\/uploads\/2019\/06\/16.jpg'><img loading=\"lazy\" decoding=\"async\" width=\"150\" height=\"150\" src=\"https:\/\/sinprofaz.org.br\/2024\/wp-content\/uploads\/2019\/06\/16-150x150.jpg\" class=\"attachment-thumbnail size-thumbnail\" alt=\"\" \/><\/a>\n\t\t\t<\/dt><\/dl>\n\t\t\t<br style='clear: both' \/>\n\t\t<\/div>\n\n","protected":false},"excerpt":{"rendered":"<p>No SINPROFAZ, o ano de 2019 marca a ascens\u00e3o de uma Diretoria sob nova presid\u00eancia: Achilles Frias d\u00e1 lugar a Ernane Brito. Para que o ciclo de dois mandatos seja devidamente fechado, o SINPROFAZ relembra agora algumas das mais importantes vit\u00f3rias alcan\u00e7adas pela Carreira nos \u00faltimos quatro anos. Confira aqui as Mem\u00f3rias da Gest\u00e3o!<\/p>\n","protected":false},"author":2,"featured_media":9891,"comment_status":"open","ping_status":"open","sticky":false,"template":"","format":"standard","meta":{"footnotes":""},"categories":[8],"tags":[27,25],"featured_image_url":"https:\/\/sinprofaz.org.br\/2024\/wp-content\/uploads\/2019\/06\/capa-memorias.png","character_count":4834,"formatted_date":"28\/06\/2019 - 10:00","contentNovo":"No SINPROFAZ, o ano de 2019 marca a ascens\u00e3o de uma Diretoria sob nova presid\u00eancia: enquanto Achilles Frias encerra seu segundo mandato \u00e0 frente do Sindicato, Ernane Brito, que ocupava a Diretoria Administrativa nas duas gest\u00f5es anteriores, assume o cargo de presidente pela primeira vez. A nova Diretoria, entretanto, j\u00e1 traz consigo enorme legado: a experi\u00eancia de um grupo de quinze PFNs que, desde 2015, vestem a camisa do SINPROFAZ para conduzir a luta pelos pleitos da Carreira. Para que o ciclo de dois mandatos seja devidamente fechado, o SINPROFAZ relembra agora algumas das mais importantes vit\u00f3rias alcan\u00e7adas pela Carreira nos \u00faltimos quatro anos.\r\n\r\n<strong>2015<\/strong>\r\nEleita em junho de 2015, a Diretoria do SINPROFAZ foi empossada no mais desafiador dos cen\u00e1rios: em plena Entrega de Cargos. O Movimento foi a sa\u00edda encontrada pelo SINPROFAZ e demais advogados p\u00fablicos federais diante do uso politiqueiro da Advocacia-Geral da Uni\u00e3o \u2013 realidade esta que, combinada \u00e0s prec\u00e1rias condi\u00e7\u00f5es de trabalho na AGU e na PGFN e \u00e0 inaceit\u00e1vel defasagem remunerat\u00f3ria \u00e0 \u00e9poca, pautou o Movimento amplamente divulgado pela imprensa. Em meados do ano, a mobiliza\u00e7\u00e3o chegou ao \u00e1pice e surtiu efeitos: o Movimento culminou na renova\u00e7\u00e3o da AGU. A previs\u00e3o, no Novo C\u00f3digo de Processo Civil, de percep\u00e7\u00e3o dos honor\u00e1rios advocat\u00edcios; a retomada do di\u00e1logo com a c\u00fapula da PGFN e o avan\u00e7o das negocia\u00e7\u00f5es sobre a remunera\u00e7\u00e3o da Carreira foram outras vit\u00f3rias conquistadas ao longo do Movimento.\r\n\r\n<strong>2016<\/strong>\r\nO ano de 2016 ficou marcado pelo intenso trabalho parlamentar do SINPROFAZ em prol dos honor\u00e1rios sucumbenciais. Na C\u00e2mara dos Deputados, a luta pela PEC 443, aprovada em primeiro turno, deu espa\u00e7o \u00e0 atua\u00e7\u00e3o pelo PL 4254\/2015, mais ben\u00e9fico \u00e0 Carreira. Mobilizados, SINPROFAZ e filiados tomaram os corredores da Casa Legislativa, conquistando, dia a dia, o apoio de novos deputados \u00e0 causa. O Projeto de Lei 4254 foi ratificado pela C\u00e2mara e seguiu como PLC 36\/2016 para aprecia\u00e7\u00e3o do Senado, etapa em que a press\u00e3o do SINPROFAZ pela aprova\u00e7\u00e3o seguiu com todo o vigor.\r\n\r\nNo m\u00eas de junho, representantes do Sindicato se reuniram com o ministro-chefe da Casa Civil, Eliseu Padilha. Questionado pelo presidente do SINPROFAZ sobre a vota\u00e7\u00e3o do PLC, o ministro deu sinaliza\u00e7\u00e3o positiva, afirmando que o Projeto seria aprovado e sancionado com celeridade. Ap\u00f3s intenso trabalho parlamentar, mobiliza\u00e7\u00e3o da Carreira e articula\u00e7\u00e3o pol\u00edtica dos diretores do Sindicato, o PLC 36\/2016 foi aprovado em plen\u00e1rio. Os honor\u00e1rios advocat\u00edcios e outras importantes prerrogativas para a Carreira, objetos de luta de v\u00e1rias das gest\u00f5es anteriores do SINPROFAZ, foram finalmente conquistados, tendo sido regulamentados pela Lei 13.327\/2016.\r\n\r\n<strong>2017<\/strong>\r\nNo Senado Federal, o SINPROFAZ foi convidado recorrente das audi\u00eancias promovidas pela CPI da Previd\u00eancia. Nessas oportunidades, Achilles Frias abordou quest\u00f5es como a desconsidera\u00e7\u00e3o, no c\u00e1lculo do d\u00e9ficit, dos quase R$2 trilh\u00f5es de d\u00edvida ativa da Uni\u00e3o e dos R$500 milh\u00f5es equivalentes \u00e0 d\u00edvida previdenci\u00e1ria. As cr\u00edticas do SINPROFAZ aos chamados \"Refis\" tamb\u00e9m foram destaque durante as audi\u00eancias p\u00fablicas. Em certa ocasi\u00e3o no m\u00eas de maio, Achilles Frias demonstrou a manobra de parlamentares que pretendiam anistiar as d\u00edvidas que eles pr\u00f3prios tinham com a Uni\u00e3o. A den\u00fancia do presidente do SINPROFAZ sobre os parlamentares que legislavam em causa pr\u00f3pria pautou os mais importantes ve\u00edculos da imprensa nacional.\r\n\r\n<strong>2018<\/strong>\r\nVit\u00f3ria marcante ocorreu no m\u00eas de dezembro de 2018, quando a possibilidade de nomea\u00e7\u00e3o de um indiv\u00edduo estranho \u00e0 Institui\u00e7\u00e3o para o cargo de PGFN norteou a atua\u00e7\u00e3o da Diretoria. O SINPROFAZ se colocou, ent\u00e3o, na vanguarda de um novo Movimento de Entrega de Cargos, encampando completamente sozinho a luta contra o retrocesso na PGFN. A press\u00e3o do Sindicato e da Carreira precisou de poucos dias para surtir efeito: antes que o ano terminasse, um procurador da Fazenda Nacional foi indicado para exercer o cargo m\u00e1ximo da PGFN. N\u00e3o fosse a atua\u00e7\u00e3o do Sindicato, que se colocou como \u00faltima trincheira de defesa da Institui\u00e7\u00e3o, a Procuradoria-Geral da Fazenda Nacional seria hoje liderada por pessoa alheia ao quadro de PFNs.\r\n\r\nA participa\u00e7\u00e3o do SINPROFAZ em audi\u00eancias p\u00fablicas no Congresso Nacional continuou com for\u00e7a em 2018. Entre as exposi\u00e7\u00f5es, esteve a realizada no m\u00eas de agosto, quando o presidente Achilles Frias tratou do PLP 459\/2017, que legalizava esquema fraudulento de contrata\u00e7\u00e3o irregular da d\u00edvida p\u00fablica. Aos parlamentares presentes na ocasi\u00e3o, o SINPROFAZ revelou o risco da terceiriza\u00e7\u00e3o e privatiza\u00e7\u00e3o da d\u00edvida ativa da Uni\u00e3o e a forma como o Projeto permitia a transfer\u00eancia abusiva de recursos do povo para bancos privilegiados e, assim, a gera\u00e7\u00e3o de imensos preju\u00edzos \u00e0s finan\u00e7as p\u00fablicas.\r\n\r\n<strong>2019<\/strong>\r\nDurante as duas gest\u00f5es da Diretoria que ora finaliza o mandato, o SINPROFAZ levou o Soneg\u00f4metro para S\u00e3o Paulo\/SP, Bras\u00edlia\/DF e Porto Alegre\/RS. Placar digital itinerante criado para denunciar os exorbitantes n\u00fameros da sonega\u00e7\u00e3o no pa\u00eds, o Soneg\u00f4metro \u00e9 marca registrada do SINPROFAZ, sendo lembrado cotidianamente pelos ve\u00edculos de imprensa quando tratam de temas como a reforma previdenci\u00e1ria, a corrup\u00e7\u00e3o, a lavagem de dinheiro e a m\u00e1 composi\u00e7\u00e3o da carga tribut\u00e1ria. O Soneg\u00f4metro revela que, anualmente, mais de R$500 bilh\u00f5es s\u00e3o sonegados no Brasil \u2013 dinheiro p\u00fablico que deixa de ingressar nos cofres da Uni\u00e3o e de ser investido em searas essenciais \u00e0 popula\u00e7\u00e3o, como sa\u00fade, educa\u00e7\u00e3o e seguran\u00e7a.\r\n\r\nNo \u00faltimo semestre como presidente do SINPROFAZ, Achilles Frias concluiu a meta de visita a unidades da PFN em todos os estados do pa\u00eds. S\u00f3 em 2019, o Sindicato esteve em Rond\u00f4nia, Roraima, Acre, Amazonas, Sergipe, Mato Grosso do Sul, Amap\u00e1 e Maranh\u00e3o \u2013 estados nos quais as reuni\u00f5es possibilitaram debates sobre os pleitos locais dos Colegas, assim como a conquista de novas filia\u00e7\u00f5es. Estabelecida no in\u00edcio do segundo mandato, a meta do presidente objetivou a aproxima\u00e7\u00e3o entre o Sindicato e a base, de forma que ideias e sugest\u00f5es da Carreira pudessem ser propostas e colocadas em pr\u00e1tica pelo SINPROFAZ em \u00e2mbito nacional.\r\n\r\nDando continuidade a projeto lan\u00e7ado anos antes, a Diretoria promoveu o 2\u00ba, o 3\u00ba e o 4\u00ba Concurso de Monografias do SINPROFAZ. Nessas tr\u00eas edi\u00e7\u00f5es, os trabalhos apresentados tiveram como temas, respectivamente, \u201cA cobran\u00e7a do cr\u00e9dito tribut\u00e1rio no Brasil e no Direito Comparado\u201d, \u201cA Cobran\u00e7a da D\u00edvida Ativa como Direito Inalien\u00e1vel do Poder P\u00fablico no Brasil e no Direito Comparado\u201d e \u201cDos Fundamentos para um Sistema Tribut\u00e1rio baseado na Justi\u00e7a\u201d. Criado com o intuito de fomentar a gera\u00e7\u00e3o de conhecimento pelos procuradores da Fazenda Nacional filiados ao SINPROFAZ, o Concurso atingiu seu prop\u00f3sito, tendo motivado a produ\u00e7\u00e3o de densas monografias premiadas e publicadas na Revista Justi\u00e7a Fiscal.\r\n\r\nPara concluir o mandato, a Diretoria do SINPROFAZ lan\u00e7ou o Primeiro Diagn\u00f3stico da Carreira de Procurador da Fazenda Nacional. In\u00e9dito no \u00e2mbito da Advocacia P\u00fablica Federal, o estudo analisou aspectos relativos a demografia, identidade e trabalho dos PFNs no Brasil. Mais do que nutrir o SINPROFAZ de informa\u00e7\u00f5es a respeito de seus representados, o Diagn\u00f3stico se revelou ferramenta \u00fatil ao planejamento, pela Procuradoria-Geral da Fazenda Nacional e pela Advocacia-Geral da Uni\u00e3o, de medidas voltadas \u00e0 satisfa\u00e7\u00e3o dos anseios da Carreira. Para que os parlamentares federais tomem conhecimento do Diagn\u00f3stico, o SINPROFAZ promover\u00e1 evento de apresenta\u00e7\u00e3o do estudo ao Congresso Nacional.\r\n\r\n<strong>Caminho tra\u00e7ado para novas conquistas<\/strong>\r\nDesde que a Diretoria assumiu em 2015, cinco diferentes advogados-gerais da Uni\u00e3o passaram pela AGU, enquanto quatro procuradores-gerais da Fazenda Nacional chefiaram a PGFN. A todas essas lideran\u00e7as, o SINPROFAZ levou suas bandeiras: a Advocacia de Estado \u2013 em detrimento da Advocacia de governo \u2013, a consolida\u00e7\u00e3o da Carreira como Fun\u00e7\u00e3o Essencial \u00e0 Justi\u00e7a e a valoriza\u00e7\u00e3o dos PFNs, cuja complexidade e responsabilidade do of\u00edcio devem ser necessariamente acompanhadas pela devida estrutura de trabalho, remunera\u00e7\u00e3o satisfat\u00f3ria e respeito \u00e0s prerrogativas.\r\n\r\nO SINPROFAZ chega a junho de 2019 reconhecido por toda a Advocacia P\u00fablica pela maturidade e discernimento com que atua \u2013 caracter\u00edsticas fundamentais \u00e0s lutas que al\u00e7aram os PFNs ao atual patamar. Hoje, o Sindicato apresenta-se ainda mais forte, ciente do apoio da Carreira e pronto para enfrentar os desafios que se avizinham. A afirma\u00e7\u00e3o da identidade e da import\u00e2ncia dos procuradores da Fazenda Nacional em um espa\u00e7o democr\u00e1tico e independente seguir\u00e1 norteando a atua\u00e7\u00e3o da Diretoria. \u00c9 tempo de comemorar as vit\u00f3rias desse quatri\u00eanio hist\u00f3rico e de desejar muito boa-sorte \u00e0 nova gest\u00e3o eleita. Mais do que nunca, vida longa e muito sucesso ao SINPROFAZ!\r\n\r\nConfira o v\u00eddeo com a retrospectiva da Gest\u00e3o 2015-2019: <a href=\"http:\/\/youtu.be\/rIW-saeRWcQ\">youtu.be\/rIW-saeRWcQ<\/a>\r\n\r\n[gallery link=\"file\" ids=\"9873,9874,9875,9876,9877,9878,9879,9880,9881,9882,9883,9884,9885,9886,9887,9888\"]","_links":{"self":[{"href":"https:\/\/sinprofaz.org.br\/2024\/wp-json\/wp\/v2\/posts\/9871"}],"collection":[{"href":"https:\/\/sinprofaz.org.br\/2024\/wp-json\/wp\/v2\/posts"}],"about":[{"href":"https:\/\/sinprofaz.org.br\/2024\/wp-json\/wp\/v2\/types\/post"}],"author":[{"embeddable":true,"href":"https:\/\/sinprofaz.org.br\/2024\/wp-json\/wp\/v2\/users\/2"}],"replies":[{"embeddable":true,"href":"https:\/\/sinprofaz.org.br\/2024\/wp-json\/wp\/v2\/comments?post=9871"}],"version-history":[{"count":4,"href":"https:\/\/sinprofaz.org.br\/2024\/wp-json\/wp\/v2\/posts\/9871\/revisions"}],"predecessor-version":[{"id":9894,"href":"https:\/\/sinprofaz.org.br\/2024\/wp-json\/wp\/v2\/posts\/9871\/revisions\/9894"}],"wp:featuredmedia":[{"embeddable":true,"href":"https:\/\/sinprofaz.org.br\/2024\/wp-json\/wp\/v2\/media\/9891"}],"wp:attachment":[{"href":"https:\/\/sinprofaz.org.br\/2024\/wp-json\/wp\/v2\/media?parent=9871"}],"wp:term":[{"taxonomy":"category","embeddable":true,"href":"https:\/\/sinprofaz.org.br\/2024\/wp-json\/wp\/v2\/categories?post=9871"},{"taxonomy":"post_tag","embeddable":true,"href":"https:\/\/sinprofaz.org.br\/2024\/wp-json\/wp\/v2\/tags?post=9871"}],"curies":[{"name":"wp","href":"https:\/\/api.w.org\/{rel}","templated":true}]}}