{"id":9855,"date":"2019-06-27T08:59:40","date_gmt":"2019-06-27T11:59:40","guid":{"rendered":"http:\/\/www.sinprofaz.org.br\/?p=9855"},"modified":"2019-06-27T17:14:17","modified_gmt":"2019-06-27T20:14:17","slug":"sinprofaz-convida-colegas-advogados-para-a-solenidade-de-posse-da-diretoria","status":"publish","type":"post","link":"https:\/\/sinprofaz.org.br\/2024\/noticias\/sinprofaz-convida-colegas-advogados-para-a-solenidade-de-posse-da-diretoria\/","title":{"rendered":"SINPROFAZ CONVIDA COLEGAS ADVOGADOS PARA A SOLENIDADE DE POSSE DA DIRETORIA"},"content":{"rendered":"<p>O SINPROFAZ, representado pelo presidente Achilles Frias, pelo presidente eleito Ernane Brito e pelo diretor-jur\u00eddico Roberto Rodrigues, esteve na ter\u00e7a-feira (18) na sede do Conselho Federal da Ordem dos Advogados do Brasil, em Bras\u00edlia\/DF. Em companhia dos Colegas advogados p\u00fablicos federais, estaduais e municipais, os representantes do SINPROFAZ divulgaram a data e o local da Cerim\u00f4nia de Posse da nova Diretoria do Sindicato: dia 2 de julho, \u00e0s 19h, no Edif\u00edcio OAB, em Bras\u00edlia\/DF. <\/p>\n<p>Entre os convidados, estiveram o presidente da OAB Nacional, Felipe Santa Cruz; o vice-presidente da OAB Nacional Luiz Viana Queiroz; o presidente da OAB-SC, Rafael de Assis Horn; o ex-deputado federal pelo PT\/SP Vicente C\u00e2ndido; dirigentes da Associa\u00e7\u00e3o Nacional dos Advogados da Uni\u00e3o &#8211; ANAUNI, da Associa\u00e7\u00e3o Nacional dos Membros das Carreiras da Advocacia-Geral da Uni\u00e3o &#8211; ANAJUR, da Associa\u00e7\u00e3o Nacional dos Procuradores de Estado &#8211; ANAPE, entre outros.<\/p>\n<p>Na ocasi\u00e3o dos convites, realizava-se o encontro da Comiss\u00e3o Nacional de Advocacia P\u00fablica do CFOAB, da qual o diretor Roberto Rodrigues \u00e9 membro titular. A reuni\u00e3o foi a primeira do novo mandato da OAB Federal. Al\u00e9m de convidados para a Solenidade de Posse, os presentes foram tamb\u00e9m chamados a prestigiar o evento de Lan\u00e7amento do Primeiro Diagn\u00f3stico da Carreira de Procurador da Fazenda Nacional, a ser realizado no dia 3 de julho, \u00e0s 8h, no 10\u00ba Andar, Anexo IV, da C\u00e2mara dos Deputados. <\/p>\n\n\t\t<style type=\"text\/css\">\n\t\t\t#gallery-1 {\n\t\t\t\tmargin: auto;\n\t\t\t}\n\t\t\t#gallery-1 .gallery-item {\n\t\t\t\tfloat: left;\n\t\t\t\tmargin-top: 10px;\n\t\t\t\ttext-align: center;\n\t\t\t\twidth: 33%;\n\t\t\t}\n\t\t\t#gallery-1 img {\n\t\t\t\tborder: 2px solid #cfcfcf;\n\t\t\t}\n\t\t\t#gallery-1 .gallery-caption {\n\t\t\t\tmargin-left: 0;\n\t\t\t}\n\t\t\t\/* see gallery_shortcode() in wp-includes\/media.php *\/\n\t\t<\/style>\n\t\t<div id='gallery-1' class='gallery galleryid-9855 gallery-columns-3 gallery-size-thumbnail'><dl class='gallery-item'>\n\t\t\t<dt class='gallery-icon landscape'>\n\t\t\t\t<a href='https:\/\/sinprofaz.org.br\/2024\/wp-content\/uploads\/2019\/06\/02-4.jpg'><img loading=\"lazy\" decoding=\"async\" width=\"150\" height=\"150\" src=\"https:\/\/sinprofaz.org.br\/2024\/wp-content\/uploads\/2019\/06\/02-4-150x150.jpg\" class=\"attachment-thumbnail size-thumbnail\" alt=\"\" \/><\/a>\n\t\t\t<\/dt><\/dl><dl class='gallery-item'>\n\t\t\t<dt class='gallery-icon landscape'>\n\t\t\t\t<a href='https:\/\/sinprofaz.org.br\/2024\/wp-content\/uploads\/2019\/06\/03-1.jpg'><img loading=\"lazy\" decoding=\"async\" width=\"150\" height=\"150\" src=\"https:\/\/sinprofaz.org.br\/2024\/wp-content\/uploads\/2019\/06\/03-1-150x150.jpg\" class=\"attachment-thumbnail size-thumbnail\" alt=\"\" \/><\/a>\n\t\t\t<\/dt><\/dl><dl class='gallery-item'>\n\t\t\t<dt class='gallery-icon landscape'>\n\t\t\t\t<a href='https:\/\/sinprofaz.org.br\/2024\/wp-content\/uploads\/2019\/06\/04-1.jpg'><img loading=\"lazy\" decoding=\"async\" width=\"150\" height=\"150\" src=\"https:\/\/sinprofaz.org.br\/2024\/wp-content\/uploads\/2019\/06\/04-1-150x150.jpg\" class=\"attachment-thumbnail size-thumbnail\" alt=\"\" \/><\/a>\n\t\t\t<\/dt><\/dl><br style=\"clear: both\" \/><dl class='gallery-item'>\n\t\t\t<dt class='gallery-icon landscape'>\n\t\t\t\t<a href='https:\/\/sinprofaz.org.br\/2024\/wp-content\/uploads\/2019\/06\/05.jpg'><img loading=\"lazy\" decoding=\"async\" width=\"150\" height=\"150\" src=\"https:\/\/sinprofaz.org.br\/2024\/wp-content\/uploads\/2019\/06\/05-150x150.jpg\" class=\"attachment-thumbnail size-thumbnail\" alt=\"\" \/><\/a>\n\t\t\t<\/dt><\/dl>\n\t\t\t<br style='clear: both' \/>\n\t\t<\/div>\n\n","protected":false},"excerpt":{"rendered":"<p>O SINPROFAZ esteve na sede do Conselho Federal da Ordem dos Advogados do Brasil. Em companhia dos Colegas advogados p\u00fablicos federais, estaduais e municipais, os representantes do Sindicato divulgaram a data e o local da Cerim\u00f4nia de Posse da Diretoria.<\/p>\n","protected":false},"author":2,"featured_media":9856,"comment_status":"open","ping_status":"open","sticky":false,"template":"","format":"standard","meta":{"footnotes":""},"categories":[8],"tags":[32,22,25],"featured_image_url":"https:\/\/sinprofaz.org.br\/2024\/wp-content\/uploads\/2019\/06\/01-12.jpg","character_count":942,"formatted_date":"27\/06\/2019 - 08:59","contentNovo":"O SINPROFAZ, representado pelo presidente Achilles Frias, pelo presidente eleito Ernane Brito e pelo diretor-jur\u00eddico Roberto Rodrigues, esteve na ter\u00e7a-feira (18) na sede do Conselho Federal da Ordem dos Advogados do Brasil, em Bras\u00edlia\/DF. Em companhia dos Colegas advogados p\u00fablicos federais, estaduais e municipais, os representantes do SINPROFAZ divulgaram a data e o local da Cerim\u00f4nia de Posse da nova Diretoria do Sindicato: dia 2 de julho, \u00e0s 19h, no Edif\u00edcio OAB, em Bras\u00edlia\/DF. \r\n\r\nEntre os convidados, estiveram o presidente da OAB Nacional, Felipe Santa Cruz; o vice-presidente da OAB Nacional Luiz Viana Queiroz; o presidente da OAB-SC, Rafael de Assis Horn; o ex-deputado federal pelo PT\/SP Vicente C\u00e2ndido; dirigentes da Associa\u00e7\u00e3o Nacional dos Advogados da Uni\u00e3o - ANAUNI, da Associa\u00e7\u00e3o Nacional dos Membros das Carreiras da Advocacia-Geral da Uni\u00e3o - ANAJUR, da Associa\u00e7\u00e3o Nacional dos Procuradores de Estado - ANAPE, entre outros.\r\n\r\nNa ocasi\u00e3o dos convites, realizava-se o encontro da Comiss\u00e3o Nacional de Advocacia P\u00fablica do CFOAB, da qual o diretor Roberto Rodrigues \u00e9 membro titular. A reuni\u00e3o foi a primeira do novo mandato da OAB Federal. Al\u00e9m de convidados para a Solenidade de Posse, os presentes foram tamb\u00e9m chamados a prestigiar o evento de Lan\u00e7amento do Primeiro Diagn\u00f3stico da Carreira de Procurador da Fazenda Nacional, a ser realizado no dia 3 de julho, \u00e0s 8h, no 10\u00ba Andar, Anexo IV, da C\u00e2mara dos Deputados. \r\n\r\n[gallery link=\"file\" ids=\"9857,9858,9859,9860\"]","_links":{"self":[{"href":"https:\/\/sinprofaz.org.br\/2024\/wp-json\/wp\/v2\/posts\/9855"}],"collection":[{"href":"https:\/\/sinprofaz.org.br\/2024\/wp-json\/wp\/v2\/posts"}],"about":[{"href":"https:\/\/sinprofaz.org.br\/2024\/wp-json\/wp\/v2\/types\/post"}],"author":[{"embeddable":true,"href":"https:\/\/sinprofaz.org.br\/2024\/wp-json\/wp\/v2\/users\/2"}],"replies":[{"embeddable":true,"href":"https:\/\/sinprofaz.org.br\/2024\/wp-json\/wp\/v2\/comments?post=9855"}],"version-history":[{"count":3,"href":"https:\/\/sinprofaz.org.br\/2024\/wp-json\/wp\/v2\/posts\/9855\/revisions"}],"predecessor-version":[{"id":9865,"href":"https:\/\/sinprofaz.org.br\/2024\/wp-json\/wp\/v2\/posts\/9855\/revisions\/9865"}],"wp:featuredmedia":[{"embeddable":true,"href":"https:\/\/sinprofaz.org.br\/2024\/wp-json\/wp\/v2\/media\/9856"}],"wp:attachment":[{"href":"https:\/\/sinprofaz.org.br\/2024\/wp-json\/wp\/v2\/media?parent=9855"}],"wp:term":[{"taxonomy":"category","embeddable":true,"href":"https:\/\/sinprofaz.org.br\/2024\/wp-json\/wp\/v2\/categories?post=9855"},{"taxonomy":"post_tag","embeddable":true,"href":"https:\/\/sinprofaz.org.br\/2024\/wp-json\/wp\/v2\/tags?post=9855"}],"curies":[{"name":"wp","href":"https:\/\/api.w.org\/{rel}","templated":true}]}}