{"id":9800,"date":"2019-06-19T16:43:49","date_gmt":"2019-06-19T19:43:49","guid":{"rendered":"http:\/\/www.sinprofaz.org.br\/?p=9800"},"modified":"2019-06-19T16:44:22","modified_gmt":"2019-06-19T19:44:22","slug":"epoca-noticia-dados-revelados-pelo-primeiro-diagnostico-da-carreira","status":"publish","type":"post","link":"https:\/\/sinprofaz.org.br\/2024\/noticias\/epoca-noticia-dados-revelados-pelo-primeiro-diagnostico-da-carreira\/","title":{"rendered":"\u00c9POCA NOTICIA DADOS REVELADOS PELO PRIMEIRO DIAGN\u00d3STICO DA CARREIRA"},"content":{"rendered":"<p>O Primeiro Diagn\u00f3stico da Carreira de Procurador da Fazenda Nacional, lan\u00e7ado hoje (19) pelo SINPROFAZ, foi noticiado pelo portal da revista \u00c9poca. Em sua Coluna, o jornalista Guilherme Amado deu destaque ao perfil dos PFNs.<\/p>\n<p>Segundo a nota publicada na Coluna, o Diagn\u00f3stico &#8220;\u00e9 a primeira pesquisa ampla sobre a carreira, que tem 2,1 mil procuradores da Fazenda&#8221;.<\/p>\n","protected":false},"excerpt":{"rendered":"<p>O Primeiro Diagn\u00f3stico da Carreira de Procurador da Fazenda Nacional, lan\u00e7ado hoje (19) pelo Sindicato Nacional dos Procuradores da Fazenda Nacional, foi noticiado pelo portal da revista \u00c9poca. Em sua Coluna, o jornalista Guilherme Amado deu destaque ao perfil dos PFNs.<\/p>\n","protected":false},"author":2,"featured_media":9801,"comment_status":"open","ping_status":"open","sticky":false,"template":"","format":"standard","meta":{"footnotes":""},"categories":[8],"tags":[32,127,146,25],"featured_image_url":"https:\/\/sinprofaz.org.br\/2024\/wp-content\/uploads\/2019\/06\/01-5.jpg","character_count":191,"formatted_date":"19\/06\/2019 - 16:43","contentNovo":"O Primeiro Diagn\u00f3stico da Carreira de Procurador da Fazenda Nacional, lan\u00e7ado hoje (19) pelo SINPROFAZ, foi noticiado pelo portal da revista \u00c9poca. Em sua Coluna, o jornalista Guilherme Amado deu destaque ao perfil dos PFNs.\r\n\r\nSegundo a nota publicada na Coluna, o Diagn\u00f3stico \"\u00e9 a primeira pesquisa ampla sobre a carreira, que tem 2,1 mil procuradores da Fazenda\".","_links":{"self":[{"href":"https:\/\/sinprofaz.org.br\/2024\/wp-json\/wp\/v2\/posts\/9800"}],"collection":[{"href":"https:\/\/sinprofaz.org.br\/2024\/wp-json\/wp\/v2\/posts"}],"about":[{"href":"https:\/\/sinprofaz.org.br\/2024\/wp-json\/wp\/v2\/types\/post"}],"author":[{"embeddable":true,"href":"https:\/\/sinprofaz.org.br\/2024\/wp-json\/wp\/v2\/users\/2"}],"replies":[{"embeddable":true,"href":"https:\/\/sinprofaz.org.br\/2024\/wp-json\/wp\/v2\/comments?post=9800"}],"version-history":[{"count":1,"href":"https:\/\/sinprofaz.org.br\/2024\/wp-json\/wp\/v2\/posts\/9800\/revisions"}],"predecessor-version":[{"id":9802,"href":"https:\/\/sinprofaz.org.br\/2024\/wp-json\/wp\/v2\/posts\/9800\/revisions\/9802"}],"wp:featuredmedia":[{"embeddable":true,"href":"https:\/\/sinprofaz.org.br\/2024\/wp-json\/wp\/v2\/media\/9801"}],"wp:attachment":[{"href":"https:\/\/sinprofaz.org.br\/2024\/wp-json\/wp\/v2\/media?parent=9800"}],"wp:term":[{"taxonomy":"category","embeddable":true,"href":"https:\/\/sinprofaz.org.br\/2024\/wp-json\/wp\/v2\/categories?post=9800"},{"taxonomy":"post_tag","embeddable":true,"href":"https:\/\/sinprofaz.org.br\/2024\/wp-json\/wp\/v2\/tags?post=9800"}],"curies":[{"name":"wp","href":"https:\/\/api.w.org\/{rel}","templated":true}]}}