{"id":979,"date":"2012-08-23T16:44:17","date_gmt":"2012-08-23T16:44:17","guid":{"rendered":""},"modified":"-0001-11-30T00:00:00","modified_gmt":"-0001-11-30T03:00:00","slug":"sinprofaz-denuncia-a-parlamentares-equivocos-do-projeto-adams","status":"publish","type":"post","link":"https:\/\/sinprofaz.org.br\/2024\/noticias\/sinprofaz-denuncia-a-parlamentares-equivocos-do-projeto-adams\/","title":{"rendered":"SINPROFAZ denuncia a parlamentares equ\u00edvocos do projeto Adams"},"content":{"rendered":"<p><img loading=\"lazy\" decoding=\"async\" style=\"margin-right: 10px; border: 1px solid #000000; float: left;\" alt=\"SINPROFAZ denuncia a parlamentares equ\u00edvocos do projeto Adams\" src=\"images\/noticias\/denuncia-equivocos-projeto-adams\/sinprofaz-denuncia-equivocos-foto-01.jpg\" height=\"154\" width=\"218\" \/>O presidente Allan Titonelli conversou com parlamentares sobre a proposta do ministro Adams para alterar a LC 73\/93 demonstrando os efeitos nefastos \u00e0 atua\u00e7\u00e3o da Advocacia P\u00fablica.<\/p>\n<p>Na agenda parlamentar que cumpriu esta semana, o presidente do SINPROFAZ alertou deputados e senadores sobre pontos negativos da proposta de LC da AGU, ressaltando as compara\u00e7\u00f5es contidas em folder do Sindicato que analisa os projetos de Toffoli e Adams para modificar a lei complementar da institui\u00e7\u00e3o.<\/p>\n<p>Titonelli tamb\u00e9m abordou com os parlamentares as demandas priorit\u00e1rias da carreira como a inclus\u00e3o dos honor\u00e1rios e o tratamento ison\u00f4mico de prerrogativas e remunera\u00e7\u00e3o entre as Fun\u00e7\u00f5es Essenciais \u00e0 Justi\u00e7a.<\/p>\n<p>O deputado Arnaldo Faria de S\u00e1 (PTB-SP), o assessor do deputado Mauro Benevides (PMDB-CE) e o ex-secret\u00e1rio de Reforma do Poder Judici\u00e1rio, Marcelo Vieira, que agora \u00e9 assessor do senador Lindbergh Farias (PT-RJ) ouviram os esclarecimentos prestados pelo presidente do SINPROFAZ.<\/p>\n<p>&nbsp;<\/p>\n<p style=\"text-align: center;\"><img loading=\"lazy\" decoding=\"async\" style=\"margin-right: 5px; border: 1px solid #000000;\" alt=\"SINPROFAZ denuncia a parlamentares equ\u00edvocos do projeto Adams\" src=\"images\/noticias\/denuncia-equivocos-projeto-adams\/sinprofaz-denuncia-equivocos-foto-02.jpg\" height=\"113\" width=\"150\" \/><img loading=\"lazy\" decoding=\"async\" style=\"margin-right: 5px; border: 1px solid #000000;\" alt=\"SINPROFAZ denuncia a parlamentares equ\u00edvocos do projeto Adams\" src=\"images\/noticias\/denuncia-equivocos-projeto-adams\/sinprofaz-denuncia-equivocos-foto-03.jpg\" height=\"113\" width=\"150\" \/><img loading=\"lazy\" decoding=\"async\" style=\"border: 1px solid #000000;\" alt=\"SINPROFAZ denuncia a parlamentares equ\u00edvocos do projeto Adams\" src=\"images\/noticias\/denuncia-equivocos-projeto-adams\/sinprofaz-denuncia-equivocos-foto-04.jpg\" height=\"113\" width=\"150\" \/><\/p>\n<p style=\"margin-top: 80px; text-align: center;\"><img decoding=\"async\" style=\"border: 1px solid #000000;\" title=\"Mobiliza\u00e7\u00e3o\" alt=\"Banner Mobiliza\u00e7\u00e3o\" src=\"\/images\/noticias\/mobilizacao2.gif\" \/><\/p>\n","protected":false},"excerpt":{"rendered":"<p>O presidente Allan Titonelli conversou com parlamentares sobre a proposta do ministro Adams para alterar a LC 73\/93 demonstrando os efeitos nefastos \u00e0 atua\u00e7\u00e3o da Advocacia P\u00fablica.<\/p>\n","protected":false},"author":1,"featured_media":0,"comment_status":"closed","ping_status":"open","sticky":false,"template":"","format":"standard","meta":{"footnotes":""},"categories":[8],"tags":[],"featured_image_url":"https:\/\/dummyimage.com\/720x400","character_count":503,"formatted_date":"23\/08\/2012 - 16:44","contentNovo":"\r\n<p>O presidente Allan Titonelli conversou com parlamentares sobre a proposta do ministro Adams para alterar a LC 73\/93 demonstrando os efeitos nefastos \u00e0 atua\u00e7\u00e3o da Advocacia P\u00fablica.<\/p>\r\n<p>Na agenda parlamentar que cumpriu esta semana, o presidente do SINPROFAZ alertou deputados e senadores sobre pontos negativos da proposta de LC da AGU, ressaltando as compara\u00e7\u00f5es contidas em folder do Sindicato que analisa os projetos de Toffoli e Adams para modificar a lei complementar da institui\u00e7\u00e3o.<\/p>\r\n<p>Titonelli tamb\u00e9m abordou com os parlamentares as demandas priorit\u00e1rias da carreira como a inclus\u00e3o dos honor\u00e1rios e o tratamento ison\u00f4mico de prerrogativas e remunera\u00e7\u00e3o entre as Fun\u00e7\u00f5es Essenciais \u00e0 Justi\u00e7a.<\/p>\r\n<p>O deputado Arnaldo Faria de S\u00e1 (PTB-SP), o assessor do deputado Mauro Benevides (PMDB-CE) e o ex-secret\u00e1rio de Reforma do Poder Judici\u00e1rio, Marcelo Vieira, que agora \u00e9 assessor do senador Lindbergh Farias (PT-RJ) ouviram os esclarecimentos prestados pelo presidente do SINPROFAZ.<\/p>\r\n<p>&nbsp;<\/p>\r\n<p style=\"text-align: center;\"><\/p>\r\n<p style=\"margin-top: 80px; text-align: center;\"><\/p>","_links":{"self":[{"href":"https:\/\/sinprofaz.org.br\/2024\/wp-json\/wp\/v2\/posts\/979"}],"collection":[{"href":"https:\/\/sinprofaz.org.br\/2024\/wp-json\/wp\/v2\/posts"}],"about":[{"href":"https:\/\/sinprofaz.org.br\/2024\/wp-json\/wp\/v2\/types\/post"}],"author":[{"embeddable":true,"href":"https:\/\/sinprofaz.org.br\/2024\/wp-json\/wp\/v2\/users\/1"}],"replies":[{"embeddable":true,"href":"https:\/\/sinprofaz.org.br\/2024\/wp-json\/wp\/v2\/comments?post=979"}],"version-history":[{"count":0,"href":"https:\/\/sinprofaz.org.br\/2024\/wp-json\/wp\/v2\/posts\/979\/revisions"}],"wp:attachment":[{"href":"https:\/\/sinprofaz.org.br\/2024\/wp-json\/wp\/v2\/media?parent=979"}],"wp:term":[{"taxonomy":"category","embeddable":true,"href":"https:\/\/sinprofaz.org.br\/2024\/wp-json\/wp\/v2\/categories?post=979"},{"taxonomy":"post_tag","embeddable":true,"href":"https:\/\/sinprofaz.org.br\/2024\/wp-json\/wp\/v2\/tags?post=979"}],"curies":[{"name":"wp","href":"https:\/\/api.w.org\/{rel}","templated":true}]}}