{"id":9773,"date":"2019-06-19T11:34:03","date_gmt":"2019-06-19T14:34:03","guid":{"rendered":"http:\/\/www.sinprofaz.org.br\/?p=9773"},"modified":"2019-08-07T15:40:17","modified_gmt":"2019-08-07T18:40:17","slug":"sinprofaz-participa-de-reuniao-da-comissao-de-advocacia-publica-do-cfoab","status":"publish","type":"post","link":"https:\/\/sinprofaz.org.br\/2024\/noticias\/sinprofaz-participa-de-reuniao-da-comissao-de-advocacia-publica-do-cfoab\/","title":{"rendered":"SINPROFAZ PARTICIPA DE REUNI\u00c3O DA COMISS\u00c3O DE ADVOCACIA P\u00daBLICA DO CFOAB"},"content":{"rendered":"<p>O SINPROFAZ, representado pelo diretor-jur\u00eddico Roberto Rodrigues, pelo presidente Achilles Frias e pelo presidente eleito Ernane Brito, compareceu \u00e0 reuni\u00e3o da Comiss\u00e3o Nacional de Advocacia P\u00fablica do Conselho Federal da OAB. O encontro da Comiss\u00e3o, da qual Roberto Rodrigues \u00e9 membro titular, foi o primeiro do\u00a0mandato atual da OAB Federal. A reuni\u00e3o ocorreu durante todo o dia de ontem (18), na sede do CFOAB, em Bras\u00edlia\/DF.<\/p>\n<p>Em pauta esteve, especialmente, a quest\u00e3o da defesa de prerrogativa da Advocacia P\u00fablica. Sobre o tema, a principal resolu\u00e7\u00e3o do colegiado foi quanto \u00e0 ratifica\u00e7\u00e3o do apoio \u00e0 constitucionalidade dos honor\u00e1rios devidos aos advogados p\u00fablicos. Provocado pela Comiss\u00e3o, o Col\u00e9gio de Presidentes dos Conselhos Seccionais da OAB divulgou a &#8220;Carta de Bras\u00edlia&#8221; com a \u00edntegra de suas delibera\u00e7\u00f5es, estando entre elas a de &#8220;Reiterar o compromisso com a defesa intransigente dos honora\u0301rios advocati\u0301cios de sucumbe\u0302ncia dos membros da advocacia pu\u0301blica&#8221;.<\/p>\n<p>Confira as delibera\u00e7\u00f5es do Col\u00e9gio de Presidentes dos Conselhos Seccionais da OAB: <a href=\"https:\/\/m.facebook.com\/notes\/oab-nacional\/carta-de-bras%C3%ADlia\/2506105119410404\/\">bit.ly\/2RluVXY<\/a><\/p>\n\n\t\t<style type=\"text\/css\">\n\t\t\t#gallery-1 {\n\t\t\t\tmargin: auto;\n\t\t\t}\n\t\t\t#gallery-1 .gallery-item {\n\t\t\t\tfloat: left;\n\t\t\t\tmargin-top: 10px;\n\t\t\t\ttext-align: center;\n\t\t\t\twidth: 33%;\n\t\t\t}\n\t\t\t#gallery-1 img {\n\t\t\t\tborder: 2px solid #cfcfcf;\n\t\t\t}\n\t\t\t#gallery-1 .gallery-caption {\n\t\t\t\tmargin-left: 0;\n\t\t\t}\n\t\t\t\/* see gallery_shortcode() in wp-includes\/media.php *\/\n\t\t<\/style>\n\t\t<div id='gallery-1' class='gallery galleryid-9773 gallery-columns-3 gallery-size-thumbnail'><dl class='gallery-item'>\n\t\t\t<dt class='gallery-icon landscape'>\n\t\t\t\t<a href='https:\/\/sinprofaz.org.br\/2024\/wp-content\/uploads\/2019\/06\/03-1.png'><img loading=\"lazy\" decoding=\"async\" width=\"150\" height=\"150\" src=\"https:\/\/sinprofaz.org.br\/2024\/wp-content\/uploads\/2019\/06\/03-1-150x150.png\" class=\"attachment-thumbnail size-thumbnail\" alt=\"\" \/><\/a>\n\t\t\t<\/dt><\/dl><dl class='gallery-item'>\n\t\t\t<dt class='gallery-icon landscape'>\n\t\t\t\t<a href='https:\/\/sinprofaz.org.br\/2024\/wp-content\/uploads\/2019\/06\/01-3.png'><img loading=\"lazy\" decoding=\"async\" width=\"150\" height=\"150\" src=\"https:\/\/sinprofaz.org.br\/2024\/wp-content\/uploads\/2019\/06\/01-3-150x150.png\" class=\"attachment-thumbnail size-thumbnail\" alt=\"\" \/><\/a>\n\t\t\t<\/dt><\/dl><dl class='gallery-item'>\n\t\t\t<dt class='gallery-icon landscape'>\n\t\t\t\t<a href='https:\/\/sinprofaz.org.br\/2024\/wp-content\/uploads\/2019\/06\/04-1.png'><img loading=\"lazy\" decoding=\"async\" width=\"150\" height=\"150\" src=\"https:\/\/sinprofaz.org.br\/2024\/wp-content\/uploads\/2019\/06\/04-1-150x150.png\" class=\"attachment-thumbnail size-thumbnail\" alt=\"\" \/><\/a>\n\t\t\t<\/dt><\/dl><br style=\"clear: both\" \/><dl class='gallery-item'>\n\t\t\t<dt class='gallery-icon landscape'>\n\t\t\t\t<a href='https:\/\/sinprofaz.org.br\/2024\/wp-content\/uploads\/2019\/06\/05-1.png'><img loading=\"lazy\" decoding=\"async\" width=\"150\" height=\"150\" src=\"https:\/\/sinprofaz.org.br\/2024\/wp-content\/uploads\/2019\/06\/05-1-150x150.png\" class=\"attachment-thumbnail size-thumbnail\" alt=\"\" \/><\/a>\n\t\t\t<\/dt><\/dl>\n\t\t\t<br style='clear: both' \/>\n\t\t<\/div>\n\n","protected":false},"excerpt":{"rendered":"<p>O SINPROFAZ, representado por Roberto Rodrigues, Achilles Frias e Ernane Brito, compareceu \u00e0 reuni\u00e3o da Comiss\u00e3o Nacional de Advocacia P\u00fablica do CFOAB. O encontro da Comiss\u00e3o, da qual Roberto Rodrigues \u00e9 membro titular, foi realizado em Bras\u00edlia.<\/p>\n","protected":false},"author":2,"featured_media":9774,"comment_status":"open","ping_status":"open","sticky":false,"template":"","format":"standard","meta":{"footnotes":""},"categories":[8],"tags":[22,25],"featured_image_url":"https:\/\/sinprofaz.org.br\/2024\/wp-content\/uploads\/2019\/06\/02-1.png","character_count":764,"formatted_date":"19\/06\/2019 - 11:34","contentNovo":"O SINPROFAZ, representado pelo diretor-jur\u00eddico Roberto Rodrigues, pelo presidente Achilles Frias e pelo presidente eleito Ernane Brito, compareceu \u00e0 reuni\u00e3o da Comiss\u00e3o Nacional de Advocacia P\u00fablica do Conselho Federal da OAB. O encontro da Comiss\u00e3o, da qual Roberto Rodrigues \u00e9 membro titular, foi o primeiro do\u00a0mandato atual da OAB Federal. A reuni\u00e3o ocorreu durante todo o dia de ontem (18), na sede do CFOAB, em Bras\u00edlia\/DF.\r\n\r\nEm pauta esteve, especialmente, a quest\u00e3o da defesa de prerrogativa da Advocacia P\u00fablica. Sobre o tema, a principal resolu\u00e7\u00e3o do colegiado foi quanto \u00e0 ratifica\u00e7\u00e3o do apoio \u00e0 constitucionalidade dos honor\u00e1rios devidos aos advogados p\u00fablicos. Provocado pela Comiss\u00e3o, o Col\u00e9gio de Presidentes dos Conselhos Seccionais da OAB divulgou a \"Carta de Bras\u00edlia\" com a \u00edntegra de suas delibera\u00e7\u00f5es, estando entre elas a de \"Reiterar o compromisso com a defesa intransigente dos honora\u0301rios advocati\u0301cios de sucumbe\u0302ncia dos membros da advocacia pu\u0301blica\".\r\n\r\nConfira as delibera\u00e7\u00f5es do Col\u00e9gio de Presidentes dos Conselhos Seccionais da OAB: <a href=\"https:\/\/m.facebook.com\/notes\/oab-nacional\/carta-de-bras%C3%ADlia\/2506105119410404\/\">bit.ly\/2RluVXY<\/a>\r\n\r\n[gallery link=\"file\" ids=\"9778,9777,9779,9785\"]","_links":{"self":[{"href":"https:\/\/sinprofaz.org.br\/2024\/wp-json\/wp\/v2\/posts\/9773"}],"collection":[{"href":"https:\/\/sinprofaz.org.br\/2024\/wp-json\/wp\/v2\/posts"}],"about":[{"href":"https:\/\/sinprofaz.org.br\/2024\/wp-json\/wp\/v2\/types\/post"}],"author":[{"embeddable":true,"href":"https:\/\/sinprofaz.org.br\/2024\/wp-json\/wp\/v2\/users\/2"}],"replies":[{"embeddable":true,"href":"https:\/\/sinprofaz.org.br\/2024\/wp-json\/wp\/v2\/comments?post=9773"}],"version-history":[{"count":7,"href":"https:\/\/sinprofaz.org.br\/2024\/wp-json\/wp\/v2\/posts\/9773\/revisions"}],"predecessor-version":[{"id":10163,"href":"https:\/\/sinprofaz.org.br\/2024\/wp-json\/wp\/v2\/posts\/9773\/revisions\/10163"}],"wp:featuredmedia":[{"embeddable":true,"href":"https:\/\/sinprofaz.org.br\/2024\/wp-json\/wp\/v2\/media\/9774"}],"wp:attachment":[{"href":"https:\/\/sinprofaz.org.br\/2024\/wp-json\/wp\/v2\/media?parent=9773"}],"wp:term":[{"taxonomy":"category","embeddable":true,"href":"https:\/\/sinprofaz.org.br\/2024\/wp-json\/wp\/v2\/categories?post=9773"},{"taxonomy":"post_tag","embeddable":true,"href":"https:\/\/sinprofaz.org.br\/2024\/wp-json\/wp\/v2\/tags?post=9773"}],"curies":[{"name":"wp","href":"https:\/\/api.w.org\/{rel}","templated":true}]}}