{"id":976,"date":"2012-08-22T13:38:11","date_gmt":"2012-08-22T13:38:11","guid":{"rendered":""},"modified":"-0001-11-30T00:00:00","modified_gmt":"-0001-11-30T03:00:00","slug":"pfns-em-congresso-goiano-de-direito-tributario","status":"publish","type":"post","link":"https:\/\/sinprofaz.org.br\/2024\/noticias\/pfns-em-congresso-goiano-de-direito-tributario\/","title":{"rendered":"PFNs em Congresso Goiano de Direito Tribut\u00e1rio"},"content":{"rendered":"<p>Ao longo do Congresso ser\u00e3o realizados pain\u00e9is com professores da UFG e da Universidade de Bras\u00edlia acerca de intrincadas quest\u00f5es do direito tribut\u00e1rio atual decorrentes da tormentosa rela\u00e7\u00e3o fisco\/contribuinte, entre as quais: incentivos fiscais, imunidades tribut\u00e1rias, tributa\u00e7\u00e3o ambiental e justi\u00e7a fiscal.<\/p>\n<p>No dia 4 de setembro os Procuradores da Fazenda Elmo Duarte e Deusmar Rodrigues v\u00e3o participar de painel sobre \u201cImunidade tribut\u00e1ria, prote\u00e7\u00e3o de liberdades e justi\u00e7a fiscal\u201d. A programa\u00e7\u00e3o ter\u00e1 in\u00edcio \u00e0s 18h30 e o painel com a presen\u00e7a dos PFNs ser\u00e1 o segundo da noite a partir das 20h30.<\/p>\n<p>As inscri\u00e7\u00f5es podem ser realizadas pelo site do Instituto de Direito Administrativo de Goi\u00e1s (Idag) pelo endere\u00e7o <a title=\"IDAG\" href=\"http:\/\/www.idag.com.br\" target=\"_blank\">www.idag.com.br<\/a>.<\/p>\n<p style=\"margin-top: 80px; text-align: center;\"><img decoding=\"async\" title=\"Mobiliza\u00e7\u00e3o\" alt=\"Banner Mobiliza\u00e7\u00e3o\" src=\"\/s\/images\/stories\/mobilizacao2.gif\" \/><\/p>\n","protected":false},"excerpt":{"rendered":"<p>Evento vai ocorrer entre os dias 3 a 5\/9 na Faculdade de Direito da UFG. Justi\u00e7a fiscal e seguran\u00e7a jur\u00eddica na tributa\u00e7\u00e3o \u00e9 o tema central do Congresso.<\/p>\n","protected":false},"author":1,"featured_media":0,"comment_status":"closed","ping_status":"open","sticky":false,"template":"","format":"standard","meta":{"footnotes":""},"categories":[8],"tags":[],"featured_image_url":"https:\/\/dummyimage.com\/720x400","character_count":383,"formatted_date":"22\/08\/2012 - 13:38","contentNovo":"\r\n<p>Ao longo do Congresso ser\u00e3o realizados pain\u00e9is com professores da UFG e da Universidade de Bras\u00edlia acerca de intrincadas quest\u00f5es do direito tribut\u00e1rio atual decorrentes da tormentosa rela\u00e7\u00e3o fisco\/contribuinte, entre as quais: incentivos fiscais, imunidades tribut\u00e1rias, tributa\u00e7\u00e3o ambiental e justi\u00e7a fiscal.<\/p>\r\n<p>No dia 4 de setembro os Procuradores da Fazenda Elmo Duarte e Deusmar Rodrigues v\u00e3o participar de painel sobre \u201cImunidade tribut\u00e1ria, prote\u00e7\u00e3o de liberdades e justi\u00e7a fiscal\u201d. A programa\u00e7\u00e3o ter\u00e1 in\u00edcio \u00e0s 18h30 e o painel com a presen\u00e7a dos PFNs ser\u00e1 o segundo da noite a partir das 20h30.<\/p>\r\n<p>As inscri\u00e7\u00f5es podem ser realizadas pelo site do Instituto de Direito Administrativo de Goi\u00e1s (Idag) pelo endere\u00e7o <a title=\"IDAG\" href=\"http:\/\/www.idag.com.br\" target=\"_blank\">www.idag.com.br<\/a>.<\/p>\r\n<p style=\"margin-top: 80px; text-align: center;\"><\/p>","_links":{"self":[{"href":"https:\/\/sinprofaz.org.br\/2024\/wp-json\/wp\/v2\/posts\/976"}],"collection":[{"href":"https:\/\/sinprofaz.org.br\/2024\/wp-json\/wp\/v2\/posts"}],"about":[{"href":"https:\/\/sinprofaz.org.br\/2024\/wp-json\/wp\/v2\/types\/post"}],"author":[{"embeddable":true,"href":"https:\/\/sinprofaz.org.br\/2024\/wp-json\/wp\/v2\/users\/1"}],"replies":[{"embeddable":true,"href":"https:\/\/sinprofaz.org.br\/2024\/wp-json\/wp\/v2\/comments?post=976"}],"version-history":[{"count":0,"href":"https:\/\/sinprofaz.org.br\/2024\/wp-json\/wp\/v2\/posts\/976\/revisions"}],"wp:attachment":[{"href":"https:\/\/sinprofaz.org.br\/2024\/wp-json\/wp\/v2\/media?parent=976"}],"wp:term":[{"taxonomy":"category","embeddable":true,"href":"https:\/\/sinprofaz.org.br\/2024\/wp-json\/wp\/v2\/categories?post=976"},{"taxonomy":"post_tag","embeddable":true,"href":"https:\/\/sinprofaz.org.br\/2024\/wp-json\/wp\/v2\/tags?post=976"}],"curies":[{"name":"wp","href":"https:\/\/api.w.org\/{rel}","templated":true}]}}