{"id":975,"date":"2012-08-21T18:52:16","date_gmt":"2012-08-21T18:52:16","guid":{"rendered":""},"modified":"-0001-11-30T00:00:00","modified_gmt":"-0001-11-30T03:00:00","slug":"parlamentares-apoiam-luta-de-servidores-por-reajuste-salarial","status":"publish","type":"post","link":"https:\/\/sinprofaz.org.br\/2024\/noticias\/parlamentares-apoiam-luta-de-servidores-por-reajuste-salarial\/","title":{"rendered":"Parlamentares apoiam luta de servidores por reajuste salarial"},"content":{"rendered":"<p>Nos pronunciamentos, os parlamentares apelaram ao bom senso dos ministros da Fazenda e do Planejamento para que apresentem solu\u00e7\u00e3o aos movimentos grevistas deflagrados Brasil afora.<\/p>\n<p>Os deputados e senadores tamb\u00e9m manifestaram solidariedade \u00e0s reivindica\u00e7\u00f5es dos servidores pedindo ao governo federal que reabre as negocia\u00e7\u00f5es com representantes do funcionalismo. Al\u00e9m disso, aproveitaram os discursos para defender a regulamenta\u00e7\u00e3o urgente do direito de greve dos servidores p\u00fablicos.<\/p>\n<p>As manifesta\u00e7\u00f5es mais contundentes e cr\u00edticas ao descaso do governo com os pleitos das categorias profissionais foram proferidas pelos deputados \u00c1tila Lins (PSD-AM), Perp\u00e9tua Almeida (PCdoB-AC), Rubens Bueno (PPS-PR) e Roberto Freire (PPS-SP) e o senador Mozarildo Cavalcante (PTB-RR).<\/p>\n<p style=\"margin-top: 80px; text-align: center;\"><img decoding=\"async\" title=\"Mobiliza\u00e7\u00e3o\" alt=\"Banner Mobiliza\u00e7\u00e3o\" src=\"\/s\/images\/stories\/mobilizacao2.gif\" \/><\/p>\n","protected":false},"excerpt":{"rendered":"<p>Semana passada, deputados e senadores de partidos diversos manifestaram apoio aos movimentos reivindicat\u00f3rios de categorias do servi\u00e7o p\u00fablico federal.<\/p>\n","protected":false},"author":1,"featured_media":0,"comment_status":"closed","ping_status":"open","sticky":false,"template":"","format":"standard","meta":{"footnotes":""},"categories":[8],"tags":[],"featured_image_url":"https:\/\/dummyimage.com\/720x400","character_count":395,"formatted_date":"21\/08\/2012 - 18:52","contentNovo":"\r\n<p>Nos pronunciamentos, os parlamentares apelaram ao bom senso dos ministros da Fazenda e do Planejamento para que apresentem solu\u00e7\u00e3o aos movimentos grevistas deflagrados Brasil afora.<\/p>\r\n<p>Os deputados e senadores tamb\u00e9m manifestaram solidariedade \u00e0s reivindica\u00e7\u00f5es dos servidores pedindo ao governo federal que reabre as negocia\u00e7\u00f5es com representantes do funcionalismo. Al\u00e9m disso, aproveitaram os discursos para defender a regulamenta\u00e7\u00e3o urgente do direito de greve dos servidores p\u00fablicos.<\/p>\r\n<p>As manifesta\u00e7\u00f5es mais contundentes e cr\u00edticas ao descaso do governo com os pleitos das categorias profissionais foram proferidas pelos deputados \u00c1tila Lins (PSD-AM), Perp\u00e9tua Almeida (PCdoB-AC), Rubens Bueno (PPS-PR) e Roberto Freire (PPS-SP) e o senador Mozarildo Cavalcante (PTB-RR).<\/p>\r\n<p style=\"margin-top: 80px; text-align: center;\"><\/p>","_links":{"self":[{"href":"https:\/\/sinprofaz.org.br\/2024\/wp-json\/wp\/v2\/posts\/975"}],"collection":[{"href":"https:\/\/sinprofaz.org.br\/2024\/wp-json\/wp\/v2\/posts"}],"about":[{"href":"https:\/\/sinprofaz.org.br\/2024\/wp-json\/wp\/v2\/types\/post"}],"author":[{"embeddable":true,"href":"https:\/\/sinprofaz.org.br\/2024\/wp-json\/wp\/v2\/users\/1"}],"replies":[{"embeddable":true,"href":"https:\/\/sinprofaz.org.br\/2024\/wp-json\/wp\/v2\/comments?post=975"}],"version-history":[{"count":0,"href":"https:\/\/sinprofaz.org.br\/2024\/wp-json\/wp\/v2\/posts\/975\/revisions"}],"wp:attachment":[{"href":"https:\/\/sinprofaz.org.br\/2024\/wp-json\/wp\/v2\/media?parent=975"}],"wp:term":[{"taxonomy":"category","embeddable":true,"href":"https:\/\/sinprofaz.org.br\/2024\/wp-json\/wp\/v2\/categories?post=975"},{"taxonomy":"post_tag","embeddable":true,"href":"https:\/\/sinprofaz.org.br\/2024\/wp-json\/wp\/v2\/tags?post=975"}],"curies":[{"name":"wp","href":"https:\/\/api.w.org\/{rel}","templated":true}]}}