{"id":973,"date":"2012-08-21T14:37:51","date_gmt":"2012-08-21T14:37:51","guid":{"rendered":""},"modified":"-0001-11-30T00:00:00","modified_gmt":"-0001-11-30T03:00:00","slug":"pfn-registre-sua-opiniao-sobre-os-proximos-passos-da-mobilizacao","status":"publish","type":"post","link":"https:\/\/sinprofaz.org.br\/2024\/noticias\/pfn-registre-sua-opiniao-sobre-os-proximos-passos-da-mobilizacao\/","title":{"rendered":"PFN, registre sua opini\u00e3o sobre os pr\u00f3ximos passos da mobiliza\u00e7\u00e3o"},"content":{"rendered":"<p>O objetivo dessas assembleias \u00e9 deliberar sobre: a) a proposta apresentada pelo MPOG no dia 18 de agosto; b) deflagra\u00e7\u00e3o de greve ou outra medida contra a posi\u00e7\u00e3o adotada pelo Governo, registrando as presen\u00e7as e respectivos votos de cada sindicalizado.<\/p>\n<p>Na \u00faltima AGE, conforme est\u00e1 consubstanciado no item 7 da pauta\/procura\u00e7\u00e3o, os Procuradores da Fazenda Nacional aprovaram o debate sobre o recrudescimento da luta remunerat\u00f3ria na hip\u00f3tese da in\u00e9rcia, do descaso e da irresponsabilidade do Governo Federal em n\u00e3o apresentar uma proposta satisfat\u00f3ria.<\/p>\n<p>Como o Governo Federal descumpriu reiteradamente as datas previstas para encaminhamento da resposta aos pleitos remunerat\u00f3rios, e tendo em vista o n\u00edvel crescente de engajamento dos Advogados P\u00fablicos Federais, o SINPROFAZ faz nesta data consulta \u00e0 carreira sobre deflagra\u00e7\u00e3o de greve.<\/p>\n<p>Desse modo, o Sindicato solicita aos colegas Procuradores da Fazenda Nacional lotados nos Estados, Regionais e Seccionais a deliberarem e registrarem em ata, com posterior encaminhamento \u00e0 Diretoria da entidade, a despeito das tentativas de melhoria da proposta, as seguintes delibera\u00e7\u00f5es:<\/p>\n<p>I &#8211; ( ) Greve por tempo indeterminado;<\/p>\n<p>II &#8211; ( ) Paralisa\u00e7\u00f5es parciais (semanais, de 24 horas ou 48 horas);<\/p>\n<p>III &#8211; ( ) Aceita\u00e7\u00e3o da proposta remunerat\u00f3ria apresentada (mesmo n\u00e3o havendo novas melhorias)<\/p>\n<p style=\"margin-top: 80px; text-align: center;\"><img decoding=\"async\" title=\"Mobiliza\u00e7\u00e3o\" alt=\"Banner Mobiliza\u00e7\u00e3o\" src=\"\/images\/noticias\/mobilizacao2.gif\" \/><\/p>\n","protected":false},"excerpt":{"rendered":"<p>A Diretoria do SINPROFAZ convoca assembleias regionais,estaduais e seccionais, conforme ficou decidido na \u00faltima Assembleia Geral Extraordin\u00e1ria \u2013 AGE, para o dia 22 de agosto de 2012, quarta-feira.<\/p>\n","protected":false},"author":1,"featured_media":0,"comment_status":"closed","ping_status":"open","sticky":false,"template":"","format":"standard","meta":{"footnotes":""},"categories":[8],"tags":[],"featured_image_url":"https:\/\/dummyimage.com\/720x400","character_count":690,"formatted_date":"21\/08\/2012 - 14:37","contentNovo":"\r\n<p>O objetivo dessas assembleias \u00e9 deliberar sobre: a) a proposta apresentada pelo MPOG no dia 18 de agosto; b) deflagra\u00e7\u00e3o de greve ou outra medida contra a posi\u00e7\u00e3o adotada pelo Governo, registrando as presen\u00e7as e respectivos votos de cada sindicalizado.<\/p>\r\n<p>Na \u00faltima AGE, conforme est\u00e1 consubstanciado no item 7 da pauta\/procura\u00e7\u00e3o, os Procuradores da Fazenda Nacional aprovaram o debate sobre o recrudescimento da luta remunerat\u00f3ria na hip\u00f3tese da in\u00e9rcia, do descaso e da irresponsabilidade do Governo Federal em n\u00e3o apresentar uma proposta satisfat\u00f3ria.<\/p>\r\n<p>Como o Governo Federal descumpriu reiteradamente as datas previstas para encaminhamento da resposta aos pleitos remunerat\u00f3rios, e tendo em vista o n\u00edvel crescente de engajamento dos Advogados P\u00fablicos Federais, o SINPROFAZ faz nesta data consulta \u00e0 carreira sobre deflagra\u00e7\u00e3o de greve.<\/p>\r\n<p>Desse modo, o Sindicato solicita aos colegas Procuradores da Fazenda Nacional lotados nos Estados, Regionais e Seccionais a deliberarem e registrarem em ata, com posterior encaminhamento \u00e0 Diretoria da entidade, a despeito das tentativas de melhoria da proposta, as seguintes delibera\u00e7\u00f5es:<\/p>\r\n<p>I - ( ) Greve por tempo indeterminado;<\/p>\r\n<p>II - ( ) Paralisa\u00e7\u00f5es parciais (semanais, de 24 horas ou 48 horas);<\/p>\r\n<p>III - ( ) Aceita\u00e7\u00e3o da proposta remunerat\u00f3ria apresentada (mesmo n\u00e3o havendo novas melhorias)<\/p>\r\n<p style=\"margin-top: 80px; text-align: center;\"><\/p>","_links":{"self":[{"href":"https:\/\/sinprofaz.org.br\/2024\/wp-json\/wp\/v2\/posts\/973"}],"collection":[{"href":"https:\/\/sinprofaz.org.br\/2024\/wp-json\/wp\/v2\/posts"}],"about":[{"href":"https:\/\/sinprofaz.org.br\/2024\/wp-json\/wp\/v2\/types\/post"}],"author":[{"embeddable":true,"href":"https:\/\/sinprofaz.org.br\/2024\/wp-json\/wp\/v2\/users\/1"}],"replies":[{"embeddable":true,"href":"https:\/\/sinprofaz.org.br\/2024\/wp-json\/wp\/v2\/comments?post=973"}],"version-history":[{"count":0,"href":"https:\/\/sinprofaz.org.br\/2024\/wp-json\/wp\/v2\/posts\/973\/revisions"}],"wp:attachment":[{"href":"https:\/\/sinprofaz.org.br\/2024\/wp-json\/wp\/v2\/media?parent=973"}],"wp:term":[{"taxonomy":"category","embeddable":true,"href":"https:\/\/sinprofaz.org.br\/2024\/wp-json\/wp\/v2\/categories?post=973"},{"taxonomy":"post_tag","embeddable":true,"href":"https:\/\/sinprofaz.org.br\/2024\/wp-json\/wp\/v2\/tags?post=973"}],"curies":[{"name":"wp","href":"https:\/\/api.w.org\/{rel}","templated":true}]}}