{"id":972,"date":"2012-08-21T12:23:33","date_gmt":"2012-08-21T12:23:33","guid":{"rendered":""},"modified":"-0001-11-30T00:00:00","modified_gmt":"-0001-11-30T03:00:00","slug":"ato-publico-em-sao-paulo-teve-adesao-de-pfns-da-capital-e-outras-unidades","status":"publish","type":"post","link":"https:\/\/sinprofaz.org.br\/2024\/noticias\/ato-publico-em-sao-paulo-teve-adesao-de-pfns-da-capital-e-outras-unidades\/","title":{"rendered":"Ato p\u00fablico em S\u00e3o Paulo teve ades\u00e3o de PFNs da capital e outras unidades"},"content":{"rendered":"<p>N\u00e3o foi somente a reivindica\u00e7\u00e3o de reajuste salarial que levou os Procuradores da Fazenda a comparecerem \u00e0 manifesta\u00e7\u00e3o na pra\u00e7a do TRF3 na \u00faltima quarta, 15\/08. Denunciar o caos da PGFN, os equ\u00edvocos do projeto de lei que altera a LC 73\/93 e dizer n\u00e3o ao modelo de gerir a AGU que privilegia a advocacia de governo em vez da advocacia de estado foram algumas das motiva\u00e7\u00f5es para ades\u00e3o dos membros da carreira ao grande ato p\u00fablico na Avenida Paulista.<\/p>\n<p>Em entrevistas \u00e0 TV SINPROFAZ, PFNs comentaram a luta permanente da carreira na busca de valoriza\u00e7\u00e3o e reconhecimento dos sucessivos governos sobre o papel estrat\u00e9gico da Advocacia P\u00fablica Federal ao lado das demais Fun\u00e7\u00f5es Essenciais \u00e0 Justi\u00e7a \u2013 Minist\u00e9rio P\u00fablico e Magistratura.<\/p>\n<p>Os PFNs est\u00e3o conscientes de que a uni\u00e3o de toda a Advocacia P\u00fablica Federal tem aberto canais de interlocu\u00e7\u00e3o com o Governo. E se os frutos n\u00e3o vierem agora, certamente ser\u00e3o colhidos em futuro pr\u00f3ximo.<\/p>\n<p>O Governo tem sido, de maneira reiterada, intransigente nas negocia\u00e7\u00f5es, n\u00e3o apresentando op\u00e7\u00f5es vi\u00e1veis \u00e0s carreiras e aumentando o descontentamento dos servidores. E o que os PFNs pleiteiam, assim como outras categorias do servi\u00e7o p\u00fablico federal, \u00e9 o direito \u00e0 revis\u00e3o salarial e a manuten\u00e7\u00e3o do poder de compra &#8211; corro\u00eddo pela infla\u00e7\u00e3o -, o que est\u00e1 assegurado na Constitui\u00e7\u00e3o Federal.<\/p>\n<p>Mobilizar uma categoria que sofre as consequ\u00eancias da sobrecarga de processos e da estrutura prec\u00e1ria, al\u00e9m da car\u00eancia de recursos humanos, \u00e9 uma tarefa \u00e1rdua. Por isso, o delegado do SINPROFAZ em S\u00e3o Paulo, PFN Aldo Braido, fez quest\u00e3o de agradecer a todos os colegas pela colabora\u00e7\u00e3o, comprometimento e comparecimento ao ato &#8211; fatores indispens\u00e1veis ao sucesso do movimento.<\/p>\n<p>Sem d\u00favida, a manifesta\u00e7\u00e3o em S\u00e3o Paulo representou um grande passo para a conscientiza\u00e7\u00e3o de classe.<\/p>\n<p>Confira as opini\u00f5es dos colegas PFNs sobre as diversas quest\u00f5es que afligem a carreira neste momento decisivo da mobiliza\u00e7\u00e3o:<\/p>\n<p><a title=\"Mobiliza\u00e7\u00e3o Av. Paulista - Helena Marques 15\/08\" href=\"http:\/\/www.youtube.com\/watch?v=faXdGWnn0Io\" target=\"_blank\">http:\/\/www.youtube.com\/watch?v=faXdGWnn0Io<\/a><\/p>\n<p><a title=\"Mobiliza\u00e7\u00e3o Av. Paulista - Filemon Rose 15\/08\" href=\"http:\/\/www.youtube.com\/watch?v=bnELLN7zT10\" target=\"_blank\">http:\/\/www.youtube.com\/watch?v=bnELLN7zT10<\/a><\/p>\n<p><a title=\"Mobiliza\u00e7\u00e3o Av. Paulista - Aldo Braido 15\/08\" href=\"http:\/\/www.youtube.com\/watch?v=Rtinc54mLTQ\" target=\"_blank\">http:\/\/www.youtube.com\/watch?v=Rtinc54mLTQ<\/a><\/p>\n<p><a title=\"Mobiliza\u00e7\u00e3o Av. Paulista - Jos\u00e9 Roberto 15\/08\" href=\"http:\/\/www.youtube.com\/watch?v=sBi1cGx2m6c\" target=\"_blank\">http:\/\/www.youtube.com\/watch?v=sBi1cGx2m6c<\/a><\/p>\n<p><a title=\"Mobiliza\u00e7\u00e3o Av. Paulista - Maria Regina 15\/08\" href=\"http:\/\/www.youtube.com\/watch?v=5vhtIFdIyi8\" target=\"_blank\">http:\/\/www.youtube.com\/watch?v=5vhtIFdIyi8<\/a><\/p>\n<p><a title=\"Mobiliza\u00e7\u00e3o Av. Paulista - Omar Saad 15\/08\" href=\"http:\/\/www.youtube.com\/watch?v=8H4mK2AHsPA\" target=\"_blank\">http:\/\/www.youtube.com\/watch?v=8H4mK2AHsPA<\/a><\/p>\n<p style=\"margin-top: 80px; text-align: center;\"><img decoding=\"async\" title=\"Mobiliza\u00e7\u00e3o\" alt=\"Banner Mobiliza\u00e7\u00e3o\" src=\"\/images\/noticias\/mobilizacao2.gif\" \/><\/p>\n","protected":false},"excerpt":{"rendered":"<p>Diretores do SINPROFAZ, delegados sindicais e PFNs somaram esfor\u00e7os ao grupo de servidores p\u00fablicos que protestou na Avenida Paulista contra descaso do Governo nas negocia\u00e7\u00f5es salariais.<\/p>\n","protected":false},"author":1,"featured_media":0,"comment_status":"closed","ping_status":"open","sticky":false,"template":"","format":"standard","meta":{"footnotes":""},"categories":[8],"tags":[],"featured_image_url":"https:\/\/dummyimage.com\/720x400","character_count":1142,"formatted_date":"21\/08\/2012 - 12:23","contentNovo":"\r\n<p>N\u00e3o foi somente a reivindica\u00e7\u00e3o de reajuste salarial que levou os Procuradores da Fazenda a comparecerem \u00e0 manifesta\u00e7\u00e3o na pra\u00e7a do TRF3 na \u00faltima quarta, 15\/08. Denunciar o caos da PGFN, os equ\u00edvocos do projeto de lei que altera a LC 73\/93 e dizer n\u00e3o ao modelo de gerir a AGU que privilegia a advocacia de governo em vez da advocacia de estado foram algumas das motiva\u00e7\u00f5es para ades\u00e3o dos membros da carreira ao grande ato p\u00fablico na Avenida Paulista.<\/p>\r\n<p>Em entrevistas \u00e0 TV SINPROFAZ, PFNs comentaram a luta permanente da carreira na busca de valoriza\u00e7\u00e3o e reconhecimento dos sucessivos governos sobre o papel estrat\u00e9gico da Advocacia P\u00fablica Federal ao lado das demais Fun\u00e7\u00f5es Essenciais \u00e0 Justi\u00e7a \u2013 Minist\u00e9rio P\u00fablico e Magistratura.<\/p>\r\n<p>Os PFNs est\u00e3o conscientes de que a uni\u00e3o de toda a Advocacia P\u00fablica Federal tem aberto canais de interlocu\u00e7\u00e3o com o Governo. E se os frutos n\u00e3o vierem agora, certamente ser\u00e3o colhidos em futuro pr\u00f3ximo.<\/p>\r\n<p>O Governo tem sido, de maneira reiterada, intransigente nas negocia\u00e7\u00f5es, n\u00e3o apresentando op\u00e7\u00f5es vi\u00e1veis \u00e0s carreiras e aumentando o descontentamento dos servidores. E o que os PFNs pleiteiam, assim como outras categorias do servi\u00e7o p\u00fablico federal, \u00e9 o direito \u00e0 revis\u00e3o salarial e a manuten\u00e7\u00e3o do poder de compra - corro\u00eddo pela infla\u00e7\u00e3o -, o que est\u00e1 assegurado na Constitui\u00e7\u00e3o Federal.<\/p>\r\n<p>Mobilizar uma categoria que sofre as consequ\u00eancias da sobrecarga de processos e da estrutura prec\u00e1ria, al\u00e9m da car\u00eancia de recursos humanos, \u00e9 uma tarefa \u00e1rdua. Por isso, o delegado do SINPROFAZ em S\u00e3o Paulo, PFN Aldo Braido, fez quest\u00e3o de agradecer a todos os colegas pela colabora\u00e7\u00e3o, comprometimento e comparecimento ao ato - fatores indispens\u00e1veis ao sucesso do movimento.<\/p>\r\n<p>Sem d\u00favida, a manifesta\u00e7\u00e3o em S\u00e3o Paulo representou um grande passo para a conscientiza\u00e7\u00e3o de classe.<\/p>\r\n<p>Confira as opini\u00f5es dos colegas PFNs sobre as diversas quest\u00f5es que afligem a carreira neste momento decisivo da mobiliza\u00e7\u00e3o:<\/p>\r\n<p><a title=\"Mobiliza\u00e7\u00e3o Av. Paulista - Helena Marques 15\/08\" href=\"http:\/\/www.youtube.com\/watch?v=faXdGWnn0Io\" target=\"_blank\">http:\/\/www.youtube.com\/watch?v=faXdGWnn0Io<\/a><\/p>\r\n<p><a title=\"Mobiliza\u00e7\u00e3o Av. Paulista - Filemon Rose 15\/08\" href=\"http:\/\/www.youtube.com\/watch?v=bnELLN7zT10\" target=\"_blank\">http:\/\/www.youtube.com\/watch?v=bnELLN7zT10<\/a><\/p>\r\n<p><a title=\"Mobiliza\u00e7\u00e3o Av. Paulista - Aldo Braido 15\/08\" href=\"http:\/\/www.youtube.com\/watch?v=Rtinc54mLTQ\" target=\"_blank\">http:\/\/www.youtube.com\/watch?v=Rtinc54mLTQ<\/a><\/p>\r\n<p><a title=\"Mobiliza\u00e7\u00e3o Av. Paulista - Jos\u00e9 Roberto 15\/08\" href=\"http:\/\/www.youtube.com\/watch?v=sBi1cGx2m6c\" target=\"_blank\">http:\/\/www.youtube.com\/watch?v=sBi1cGx2m6c<\/a><\/p>\r\n<p><a title=\"Mobiliza\u00e7\u00e3o Av. Paulista - Maria Regina 15\/08\" href=\"http:\/\/www.youtube.com\/watch?v=5vhtIFdIyi8\" target=\"_blank\">http:\/\/www.youtube.com\/watch?v=5vhtIFdIyi8<\/a><\/p>\r\n<p><a title=\"Mobiliza\u00e7\u00e3o Av. Paulista - Omar Saad 15\/08\" href=\"http:\/\/www.youtube.com\/watch?v=8H4mK2AHsPA\" target=\"_blank\">http:\/\/www.youtube.com\/watch?v=8H4mK2AHsPA<\/a><\/p>\r\n<p style=\"margin-top: 80px; text-align: center;\"><\/p>","_links":{"self":[{"href":"https:\/\/sinprofaz.org.br\/2024\/wp-json\/wp\/v2\/posts\/972"}],"collection":[{"href":"https:\/\/sinprofaz.org.br\/2024\/wp-json\/wp\/v2\/posts"}],"about":[{"href":"https:\/\/sinprofaz.org.br\/2024\/wp-json\/wp\/v2\/types\/post"}],"author":[{"embeddable":true,"href":"https:\/\/sinprofaz.org.br\/2024\/wp-json\/wp\/v2\/users\/1"}],"replies":[{"embeddable":true,"href":"https:\/\/sinprofaz.org.br\/2024\/wp-json\/wp\/v2\/comments?post=972"}],"version-history":[{"count":0,"href":"https:\/\/sinprofaz.org.br\/2024\/wp-json\/wp\/v2\/posts\/972\/revisions"}],"wp:attachment":[{"href":"https:\/\/sinprofaz.org.br\/2024\/wp-json\/wp\/v2\/media?parent=972"}],"wp:term":[{"taxonomy":"category","embeddable":true,"href":"https:\/\/sinprofaz.org.br\/2024\/wp-json\/wp\/v2\/categories?post=972"},{"taxonomy":"post_tag","embeddable":true,"href":"https:\/\/sinprofaz.org.br\/2024\/wp-json\/wp\/v2\/tags?post=972"}],"curies":[{"name":"wp","href":"https:\/\/api.w.org\/{rel}","templated":true}]}}