{"id":970,"date":"2012-08-20T19:09:29","date_gmt":"2012-08-20T19:09:29","guid":{"rendered":""},"modified":"-0001-11-30T00:00:00","modified_gmt":"-0001-11-30T03:00:00","slug":"luta-pelo-reajuste-nao-se-esgota-em-31-de-agosto","status":"publish","type":"post","link":"https:\/\/sinprofaz.org.br\/2024\/noticias\/luta-pelo-reajuste-nao-se-esgota-em-31-de-agosto\/","title":{"rendered":"Luta pelo reajuste n\u00e3o se esgota em 31 de agosto"},"content":{"rendered":"<p>31 de agosto \u00e9 o prazo final para o envio ao Congresso da lei or\u00e7ament\u00e1ria anual e dos projetos que criam despesas de natureza permanente, o que inclui as de pessoal.<\/p>\n<p>Contudo, at\u00e9 31 de dezembro de 2012, as referidas proposi\u00e7\u00f5es poder\u00e3o ser emendadas por parlamentares, inclusive para prever reajustes salariais aos servidores p\u00fablicos federais.<\/p>\n<p>Durante seu pronunciamento na manifesta\u00e7\u00e3o da Avenida Paulista em 15 de agosto, o presidente do SINPROFAZ, Allan Titonelli, lembrou que \u201ch\u00e1 tr\u00eas anos o governo n\u00e3o aplica o dispositivo constitucional da revis\u00e3o geral anual, n\u00e3o tratando adequadamente o servidor p\u00fablico federal\u201d.<\/p>\n<p>Al\u00e9m da quest\u00e3o do reajuste, Titonelli comentou sobre os diversos pleitos que unem as carreiras da Advocacia P\u00fablica Federal como a luta pela garantia de tratamento ison\u00f4mico em rela\u00e7\u00e3o \u00e0s demais Fun\u00e7\u00f5es Essenciais \u00e0 Justi\u00e7a; o rep\u00fadio \u00e0 ado\u00e7\u00e3o do modelo de advocacia de governo em vez de uma advocacia de estado; a indigna\u00e7\u00e3o com a edi\u00e7\u00e3o do Decreto 7.777\/12, que permite a substitui\u00e7\u00e3o de servidores p\u00fablicos federais em greve por equivalentes estaduais ou municipais mediante conv\u00eanio; a den\u00fancia sobre o sucateamento da PGFN e da AGU; al\u00e9m dos riscos do anteprojeto de lei que visa alterar a Lei Complementar da AGU.<\/p>\n<p>Por fim, o presidente Allan Titonelli ressaltou, em entrevista \u00e0 TV SINPROFAZ, a import\u00e2ncia de a mobiliza\u00e7\u00e3o da carreira ter visibilidade no pa\u00eds todo. Por isso, mais uma vez, convocou os PFNs a aderirem a todos os atos p\u00fablicos agendados neste momento crucial das negocia\u00e7\u00f5es com o governo.<\/p>\n<p><img loading=\"lazy\" decoding=\"async\" style=\"border: 1px solid #000000;\" alt=\"\" src=\"images\/noticias\/mobilizacao_paulista\/01.jpg\" height=\"120\" width=\"160\" \/> <img loading=\"lazy\" decoding=\"async\" style=\"border: 1px solid #000000;\" alt=\"\" src=\"images\/noticias\/mobilizacao_paulista\/02.jpg\" height=\"120\" width=\"160\" \/> <img loading=\"lazy\" decoding=\"async\" style=\"border: 1px solid #000000;\" alt=\"\" src=\"images\/noticias\/mobilizacao_paulista\/03.jpg\" height=\"120\" width=\"160\" \/><img loading=\"lazy\" decoding=\"async\" style=\"border: 1px solid #000000; margin-top: 5px;\" alt=\"\" src=\"images\/noticias\/mobilizacao_paulista\/04.jpg\" height=\"120\" width=\"160\" \/> <img loading=\"lazy\" decoding=\"async\" style=\"border: 1px solid #000000; margin-top: 5px;\" alt=\"\" src=\"images\/noticias\/mobilizacao_paulista\/05.jpg\" height=\"120\" width=\"160\" \/> <img loading=\"lazy\" decoding=\"async\" style=\"border: 1px solid #000000; margin-top: 5px;\" alt=\"\" src=\"images\/noticias\/mobilizacao_paulista\/06.jpg\" height=\"120\" width=\"160\" \/><\/p>\n<p>Assista ao pronunciamento e \u00e0 entrevista do presidente do SINPROFAZ:<\/p>\n<p><iframe loading=\"lazy\" src=\"http:\/\/www.youtube.com\/embed\/iLaIytRK5pY\" width=\"218\" height=\"154\" allowfullscreen=\"allowfullscreen\" seamless=\"seamless\"><\/iframe> <iframe loading=\"lazy\" src=\"http:\/\/www.youtube.com\/embed\/39unJ9vUDTc\" width=\"218\" height=\"154\" allowfullscreen=\"allowfullscreen\" seamless=\"seamless\"><\/iframe><\/p>\n<p>Veja mais v\u00eddeos no nosso <a href=\"http:\/\/www.youtube.com\/sinprofaz\/\" target=\"_blank\">canal no YouTube<\/a>.<\/p>\n","protected":false},"excerpt":{"rendered":"<p>No ato em S\u00e3o Paulo semana passada, presidente do SINPROFAZ retificou informa\u00e7\u00e3o do governo de que as negocia\u00e7\u00f5es se encerram nesta data.<\/p>\n","protected":false},"author":1,"featured_media":0,"comment_status":"closed","ping_status":"open","sticky":false,"template":"","format":"standard","meta":{"footnotes":""},"categories":[8],"tags":[],"featured_image_url":"https:\/\/dummyimage.com\/720x400","character_count":858,"formatted_date":"20\/08\/2012 - 19:09","contentNovo":"\r\n<p>31 de agosto \u00e9 o prazo final para o envio ao Congresso da lei or\u00e7ament\u00e1ria anual e dos projetos que criam despesas de natureza permanente, o que inclui as de pessoal.<\/p>\r\n<p>Contudo, at\u00e9 31 de dezembro de 2012, as referidas proposi\u00e7\u00f5es poder\u00e3o ser emendadas por parlamentares, inclusive para prever reajustes salariais aos servidores p\u00fablicos federais.<\/p>\r\n<p>Durante seu pronunciamento na manifesta\u00e7\u00e3o da Avenida Paulista em 15 de agosto, o presidente do SINPROFAZ, Allan Titonelli, lembrou que \u201ch\u00e1 tr\u00eas anos o governo n\u00e3o aplica o dispositivo constitucional da revis\u00e3o geral anual, n\u00e3o tratando adequadamente o servidor p\u00fablico federal\u201d.<\/p>\r\n<p>Al\u00e9m da quest\u00e3o do reajuste, Titonelli comentou sobre os diversos pleitos que unem as carreiras da Advocacia P\u00fablica Federal como a luta pela garantia de tratamento ison\u00f4mico em rela\u00e7\u00e3o \u00e0s demais Fun\u00e7\u00f5es Essenciais \u00e0 Justi\u00e7a; o rep\u00fadio \u00e0 ado\u00e7\u00e3o do modelo de advocacia de governo em vez de uma advocacia de estado; a indigna\u00e7\u00e3o com a edi\u00e7\u00e3o do Decreto 7.777\/12, que permite a substitui\u00e7\u00e3o de servidores p\u00fablicos federais em greve por equivalentes estaduais ou municipais mediante conv\u00eanio; a den\u00fancia sobre o sucateamento da PGFN e da AGU; al\u00e9m dos riscos do anteprojeto de lei que visa alterar a Lei Complementar da AGU.<\/p>\r\n<p>Por fim, o presidente Allan Titonelli ressaltou, em entrevista \u00e0 TV SINPROFAZ, a import\u00e2ncia de a mobiliza\u00e7\u00e3o da carreira ter visibilidade no pa\u00eds todo. Por isso, mais uma vez, convocou os PFNs a aderirem a todos os atos p\u00fablicos agendados neste momento crucial das negocia\u00e7\u00f5es com o governo.<\/p>\r\n<p>    <\/p>\r\n<p>Assista ao pronunciamento e \u00e0 entrevista do presidente do SINPROFAZ:<\/p>\r\n<p> <\/p>\r\n<p>Veja mais v\u00eddeos no nosso <a href=\"http:\/\/www.youtube.com\/sinprofaz\/\" target=\"_blank\">canal no YouTube<\/a>.<\/p>","_links":{"self":[{"href":"https:\/\/sinprofaz.org.br\/2024\/wp-json\/wp\/v2\/posts\/970"}],"collection":[{"href":"https:\/\/sinprofaz.org.br\/2024\/wp-json\/wp\/v2\/posts"}],"about":[{"href":"https:\/\/sinprofaz.org.br\/2024\/wp-json\/wp\/v2\/types\/post"}],"author":[{"embeddable":true,"href":"https:\/\/sinprofaz.org.br\/2024\/wp-json\/wp\/v2\/users\/1"}],"replies":[{"embeddable":true,"href":"https:\/\/sinprofaz.org.br\/2024\/wp-json\/wp\/v2\/comments?post=970"}],"version-history":[{"count":0,"href":"https:\/\/sinprofaz.org.br\/2024\/wp-json\/wp\/v2\/posts\/970\/revisions"}],"wp:attachment":[{"href":"https:\/\/sinprofaz.org.br\/2024\/wp-json\/wp\/v2\/media?parent=970"}],"wp:term":[{"taxonomy":"category","embeddable":true,"href":"https:\/\/sinprofaz.org.br\/2024\/wp-json\/wp\/v2\/categories?post=970"},{"taxonomy":"post_tag","embeddable":true,"href":"https:\/\/sinprofaz.org.br\/2024\/wp-json\/wp\/v2\/tags?post=970"}],"curies":[{"name":"wp","href":"https:\/\/api.w.org\/{rel}","templated":true}]}}