{"id":967,"date":"2012-08-20T19:30:28","date_gmt":"2012-08-20T19:30:28","guid":{"rendered":""},"modified":"-0001-11-30T00:00:00","modified_gmt":"-0001-11-30T03:00:00","slug":"sinprofaz-consulta-pfns-sobre-deflagracao-de-greve","status":"publish","type":"post","link":"https:\/\/sinprofaz.org.br\/2024\/noticias\/sinprofaz-consulta-pfns-sobre-deflagracao-de-greve\/","title":{"rendered":"SINPROFAZ consulta PFNs sobre deflagra\u00e7\u00e3o de greve"},"content":{"rendered":"<p>O objetivo das assembleias \u00e9 deliberar sobre a proposta apresentada pelo MPOG no dia 18 de agosto, deflagra\u00e7\u00e3o de greve ou outra medida contra a posi\u00e7\u00e3o adotada pelo Governo, registrando a presen\u00e7a e voto.<\/p>\n<p>Na \u00faltima AGE, conforme est\u00e1 consubstanciado no item 7, os Procuradores da Fazenda Nacional aprovaram o debate sobre o recrudescimento da luta remunerat\u00f3ria na hip\u00f3tese da in\u00e9rcia, do descaso e da irresponsabilidade do Governo Federal em n\u00e3o apresentar uma proposta satisfat\u00f3ria.<\/p>\n<p>Como o Governo Federal descumpriu reiteradamente as datas previstas para encaminhamento da resposta aos pleitos remunerat\u00f3rios, e tendo em vista o n\u00edvel crescente de engajamento dos PFNs, o SINPROFAZ inicia na data de hoje, 20 de agosto, consulta \u00e0 carreira sobre deflagra\u00e7\u00e3o de greve.<\/p>\n<p>Desse modo, o Sindicato solicita aos colegas PFNs lotados nos Estados e Seccionais a se reunirem, deliberarem e registrarem em ata, com posterior encaminhamento \u00e0 Diretoria da entidade, a despeito das tentativas de melhoria da proposta, as seguintes delibera\u00e7\u00f5es:<\/p>\n<p>( &nbsp; ) Greve &nbsp; &nbsp; &nbsp; (&nbsp;&nbsp; ) paralisa\u00e7\u00f5es semanais de 24 horas e 48 horas &nbsp;&nbsp; &nbsp;&nbsp; ( &nbsp; ) Aceita\u00e7\u00e3o da proposta remunerat\u00f3ria<\/p>\n<p>Da mesma forma, a Diretoria do SINPROFAZ conclama a todos os PFNs a fazerem um dia nacional de paralisa\u00e7\u00e3o, na quarta-feira, dia 22 de agosto de 2012.<\/p>\n<p style=\"margin-top: 80px; text-align: center;\"><img decoding=\"async\" title=\"Mobiliza\u00e7\u00e3o\" alt=\"Banner Mobiliza\u00e7\u00e3o\" src=\"\/images\/noticias\/mobilizacao2.gif\" \/><\/p>\n","protected":false},"excerpt":{"rendered":"<p>A Diretoria do Sindicato convoca assembleias estaduais e seccionais, conforme decidido na \u00faltima Assembleia Geral Extraordin\u00e1ria, para o dia 22 de agosto de 2012, quarta-feira.<\/p>\n","protected":false},"author":1,"featured_media":0,"comment_status":"closed","ping_status":"open","sticky":false,"template":"","format":"standard","meta":{"footnotes":""},"categories":[8],"tags":[],"featured_image_url":"https:\/\/dummyimage.com\/720x400","character_count":694,"formatted_date":"20\/08\/2012 - 19:30","contentNovo":"\r\n<p>O objetivo das assembleias \u00e9 deliberar sobre a proposta apresentada pelo MPOG no dia 18 de agosto, deflagra\u00e7\u00e3o de greve ou outra medida contra a posi\u00e7\u00e3o adotada pelo Governo, registrando a presen\u00e7a e voto.<\/p>\r\n<p>Na \u00faltima AGE, conforme est\u00e1 consubstanciado no item 7, os Procuradores da Fazenda Nacional aprovaram o debate sobre o recrudescimento da luta remunerat\u00f3ria na hip\u00f3tese da in\u00e9rcia, do descaso e da irresponsabilidade do Governo Federal em n\u00e3o apresentar uma proposta satisfat\u00f3ria.<\/p>\r\n<p>Como o Governo Federal descumpriu reiteradamente as datas previstas para encaminhamento da resposta aos pleitos remunerat\u00f3rios, e tendo em vista o n\u00edvel crescente de engajamento dos PFNs, o SINPROFAZ inicia na data de hoje, 20 de agosto, consulta \u00e0 carreira sobre deflagra\u00e7\u00e3o de greve.<\/p>\r\n<p>Desse modo, o Sindicato solicita aos colegas PFNs lotados nos Estados e Seccionais a se reunirem, deliberarem e registrarem em ata, com posterior encaminhamento \u00e0 Diretoria da entidade, a despeito das tentativas de melhoria da proposta, as seguintes delibera\u00e7\u00f5es:<\/p>\r\n<p>( &nbsp; ) Greve &nbsp; &nbsp; &nbsp; (&nbsp;&nbsp; ) paralisa\u00e7\u00f5es semanais de 24 horas e 48 horas &nbsp;&nbsp; &nbsp;&nbsp; ( &nbsp; ) Aceita\u00e7\u00e3o da proposta remunerat\u00f3ria<\/p>\r\n<p>Da mesma forma, a Diretoria do SINPROFAZ conclama a todos os PFNs a fazerem um dia nacional de paralisa\u00e7\u00e3o, na quarta-feira, dia 22 de agosto de 2012.<\/p>\r\n<p style=\"margin-top: 80px; text-align: center;\"><\/p>","_links":{"self":[{"href":"https:\/\/sinprofaz.org.br\/2024\/wp-json\/wp\/v2\/posts\/967"}],"collection":[{"href":"https:\/\/sinprofaz.org.br\/2024\/wp-json\/wp\/v2\/posts"}],"about":[{"href":"https:\/\/sinprofaz.org.br\/2024\/wp-json\/wp\/v2\/types\/post"}],"author":[{"embeddable":true,"href":"https:\/\/sinprofaz.org.br\/2024\/wp-json\/wp\/v2\/users\/1"}],"replies":[{"embeddable":true,"href":"https:\/\/sinprofaz.org.br\/2024\/wp-json\/wp\/v2\/comments?post=967"}],"version-history":[{"count":0,"href":"https:\/\/sinprofaz.org.br\/2024\/wp-json\/wp\/v2\/posts\/967\/revisions"}],"wp:attachment":[{"href":"https:\/\/sinprofaz.org.br\/2024\/wp-json\/wp\/v2\/media?parent=967"}],"wp:term":[{"taxonomy":"category","embeddable":true,"href":"https:\/\/sinprofaz.org.br\/2024\/wp-json\/wp\/v2\/categories?post=967"},{"taxonomy":"post_tag","embeddable":true,"href":"https:\/\/sinprofaz.org.br\/2024\/wp-json\/wp\/v2\/tags?post=967"}],"curies":[{"name":"wp","href":"https:\/\/api.w.org\/{rel}","templated":true}]}}