{"id":964,"date":"2012-08-17T11:58:32","date_gmt":"2012-08-17T11:58:32","guid":{"rendered":""},"modified":"-0001-11-30T00:00:00","modified_gmt":"-0001-11-30T03:00:00","slug":"qcabecasq-2012-diap-divulga-lista-dos-100-parlamentares-mais-influentes","status":"publish","type":"post","link":"https:\/\/sinprofaz.org.br\/2024\/noticias\/qcabecasq-2012-diap-divulga-lista-dos-100-parlamentares-mais-influentes\/","title":{"rendered":"&#8220;Cabe\u00e7as&#8221; 2012: DIAP divulga lista dos 100 parlamentares mais influentes"},"content":{"rendered":"<p>Na terceira posi\u00e7\u00e3o em n\u00famero de parlamentares est\u00e1 o PSDB, com 12 nomes.<\/p>\n<p>Al\u00e9m dos \u201cCabe\u00e7as\u201d, desde a s\u00e9tima edi\u00e7\u00e3o da s\u00e9rie, o DIAP divulga levantamento incluindo na publica\u00e7\u00e3o um anexo com outros parlamentares que, mesmo n\u00e3o fazendo parte do grupo dos 100 mais influentes, est\u00e3o em plena ascens\u00e3o, podendo, mantida a trajet\u00f3ria ascendente, estar futuramente na elite parlamentar.<\/p>\n<p>Nesta 19\u00ba Edi\u00e7\u00e3o, dez parlamentares entraram para o seleto grupo dos mais influentes do Legislativo. Todos estavam no grupo dos parlamentares em ascens\u00e3o em 2011. S\u00e3o sete deputados: Amauri Teixeira (PT\/BA), Carlos Zarattini (PT\/SP), Givaldo Carimb\u00e3o (PSB\/AL), Guilherme Campos (PSD\/SP), Jilmar Tatto (PT\/SP), Lincoln Portela (PR\/MG) e Silvio Costa (PTB\/PE). Completam a lista os senadores: Ana Am\u00e9lia (PP\/RS), Blairo Maggi (PR\/MT) e Vital do R\u00eago (PMDB\/PB).<\/p>\n<h3>Participa\u00e7\u00e3o Feminina<\/h3>\n<p>A presen\u00e7a feminina entre os \u201cCabe\u00e7as\u201d do Congresso, em termos proporcionais, \u00e9 inferior \u00e0 participa\u00e7\u00e3o da mulher no Legislativo Federal. Enquanto as mulheres representam 15,31% do Congresso (91, sendo 83 deputadas e 8 senadoras), na elite do Congresso (C\u00e2mara e Senado) elas correspondem a apenas 9% (cinco senadoras e quatro deputadas).<\/p>\n<p>S\u00e3o as senadoras Ana Am\u00e9lia (PP\/RS), K\u00e1tia Abreu (PSD\/TO), L\u00facia V\u00e2nia (PSDB\/GO), Marta Suplicy (PT\/SP) e Vanessa Grazziotin (PCdoB\/AM), e as deputadas Alice Portugal (PCdoB\/BA), Luiza Erundina (PSB\/SP), Manuela D\u00b4\u00c1vila (PCdoB\/RS) e Rose de Freitas (PMDB\/ES).<\/p>\n<p>Acesse o link para conferir um resumo da publica\u00e7\u00e3o contendo a lista dos 100 \u201cCabe\u00e7as, crit\u00e9rios e metodologia aplicada:<\/p>\n<p><a title=\"DIAP\" href=\"http:\/\/www.diap.org.br\/images\/stories\/elite_2012.pdf\" target=\"_blank\">http:\/\/www.diap.org.br\/images\/stories\/elite_2012.pdf<\/a><\/p>\n<p style=\"margin-top: 80px; text-align: center;\"><img decoding=\"async\" title=\"Mobiliza\u00e7\u00e3o\" alt=\"Banner Mobiliza\u00e7\u00e3o\" src=\"\/images\/noticias\/mobilizacao2.gif\" \/><\/p>\n","protected":false},"excerpt":{"rendered":"<p>Entre os 100 \u201cCabe\u00e7as\u201d do Congresso, h\u00e1 61 deputados e 39 senadores. Os dois partidos com maior n\u00famero de parlamentares na elite s\u00e3o o PT, com 28 nomes, e o PMDB, com 16.<\/p>\n","protected":false},"author":1,"featured_media":0,"comment_status":"closed","ping_status":"open","sticky":false,"template":"","format":"standard","meta":{"footnotes":""},"categories":[8],"tags":[],"featured_image_url":"https:\/\/dummyimage.com\/720x400","character_count":846,"formatted_date":"17\/08\/2012 - 11:58","contentNovo":"\r\n<p>Na terceira posi\u00e7\u00e3o em n\u00famero de parlamentares est\u00e1 o PSDB, com 12 nomes.<\/p>\r\n<p>Al\u00e9m dos \u201cCabe\u00e7as\u201d, desde a s\u00e9tima edi\u00e7\u00e3o da s\u00e9rie, o DIAP divulga levantamento incluindo na publica\u00e7\u00e3o um anexo com outros parlamentares que, mesmo n\u00e3o fazendo parte do grupo dos 100 mais influentes, est\u00e3o em plena ascens\u00e3o, podendo, mantida a trajet\u00f3ria ascendente, estar futuramente na elite parlamentar.<\/p>\r\n<p>Nesta 19\u00ba Edi\u00e7\u00e3o, dez parlamentares entraram para o seleto grupo dos mais influentes do Legislativo. Todos estavam no grupo dos parlamentares em ascens\u00e3o em 2011. S\u00e3o sete deputados: Amauri Teixeira (PT\/BA), Carlos Zarattini (PT\/SP), Givaldo Carimb\u00e3o (PSB\/AL), Guilherme Campos (PSD\/SP), Jilmar Tatto (PT\/SP), Lincoln Portela (PR\/MG) e Silvio Costa (PTB\/PE). Completam a lista os senadores: Ana Am\u00e9lia (PP\/RS), Blairo Maggi (PR\/MT) e Vital do R\u00eago (PMDB\/PB).<\/p>\r\nParticipa\u00e7\u00e3o Feminina\r\n<p>A presen\u00e7a feminina entre os \u201cCabe\u00e7as\u201d do Congresso, em termos proporcionais, \u00e9 inferior \u00e0 participa\u00e7\u00e3o da mulher no Legislativo Federal. Enquanto as mulheres representam 15,31% do Congresso (91, sendo 83 deputadas e 8 senadoras), na elite do Congresso (C\u00e2mara e Senado) elas correspondem a apenas 9% (cinco senadoras e quatro deputadas).<\/p>\r\n<p>S\u00e3o as senadoras Ana Am\u00e9lia (PP\/RS), K\u00e1tia Abreu (PSD\/TO), L\u00facia V\u00e2nia (PSDB\/GO), Marta Suplicy (PT\/SP) e Vanessa Grazziotin (PCdoB\/AM), e as deputadas Alice Portugal (PCdoB\/BA), Luiza Erundina (PSB\/SP), Manuela D\u00b4\u00c1vila (PCdoB\/RS) e Rose de Freitas (PMDB\/ES).<\/p>\r\n<p>Acesse o link para conferir um resumo da publica\u00e7\u00e3o contendo a lista dos 100 \u201cCabe\u00e7as, crit\u00e9rios e metodologia aplicada:<\/p>\r\n<p><a title=\"DIAP\" href=\"http:\/\/www.diap.org.br\/images\/stories\/elite_2012.pdf\" target=\"_blank\">http:\/\/www.diap.org.br\/images\/stories\/elite_2012.pdf<\/a><\/p>\r\n<p style=\"margin-top: 80px; text-align: center;\"><\/p>","_links":{"self":[{"href":"https:\/\/sinprofaz.org.br\/2024\/wp-json\/wp\/v2\/posts\/964"}],"collection":[{"href":"https:\/\/sinprofaz.org.br\/2024\/wp-json\/wp\/v2\/posts"}],"about":[{"href":"https:\/\/sinprofaz.org.br\/2024\/wp-json\/wp\/v2\/types\/post"}],"author":[{"embeddable":true,"href":"https:\/\/sinprofaz.org.br\/2024\/wp-json\/wp\/v2\/users\/1"}],"replies":[{"embeddable":true,"href":"https:\/\/sinprofaz.org.br\/2024\/wp-json\/wp\/v2\/comments?post=964"}],"version-history":[{"count":0,"href":"https:\/\/sinprofaz.org.br\/2024\/wp-json\/wp\/v2\/posts\/964\/revisions"}],"wp:attachment":[{"href":"https:\/\/sinprofaz.org.br\/2024\/wp-json\/wp\/v2\/media?parent=964"}],"wp:term":[{"taxonomy":"category","embeddable":true,"href":"https:\/\/sinprofaz.org.br\/2024\/wp-json\/wp\/v2\/categories?post=964"},{"taxonomy":"post_tag","embeddable":true,"href":"https:\/\/sinprofaz.org.br\/2024\/wp-json\/wp\/v2\/tags?post=964"}],"curies":[{"name":"wp","href":"https:\/\/api.w.org\/{rel}","templated":true}]}}