{"id":963,"date":"2012-08-16T14:07:25","date_gmt":"2012-08-16T14:07:25","guid":{"rendered":""},"modified":"-0001-11-30T00:00:00","modified_gmt":"-0001-11-30T03:00:00","slug":"carreiras-mobilizadas-ocupam-praca-do-trf-na-av-paulista","status":"publish","type":"post","link":"https:\/\/sinprofaz.org.br\/2024\/noticias\/carreiras-mobilizadas-ocupam-praca-do-trf-na-av-paulista\/","title":{"rendered":"Carreiras mobilizadas ocupam pra\u00e7a do TRF na Av. Paulista"},"content":{"rendered":"<p><img loading=\"lazy\" decoding=\"async\" style=\"margin-right: 10px; border: 1px solid #000000; float: left;\" alt=\"mobilizacao-servidores-sp-foto-01\" src=\"images\/noticias\/mobilizacao-servidores-sp-15-08-2012\/mobilizacao-servidores-sp-foto-01.jpg\" height=\"154\" width=\"218\" \/>Cora\u00e7\u00e3o financeiro do pa\u00eds recebeu nesta quarta-feira (15\/08) membros de diversas carreiras do servi\u00e7o p\u00fablico federal, mobilizados em grande ato de indigna\u00e7\u00e3o contra o descaso do governo, contabilizando mais de 600 manifestantes.<\/p>\n<p>Dirigentes do Sinprofaz, diversos Procuradores da Fazenda Nacional, assim como outros integrantes da Advocacia P\u00fablica Federal alertaram que a sociedade brasileira est\u00e1 sendo enganada pela propaganda governamental, que vende a imagem de Estado eficiente e moderno enquanto promove o retrocesso estrutural de institui\u00e7\u00f5es imprescind\u00edveis ao desenvolvimento do pa\u00eds. Afinal, n\u00e3o h\u00e1 PAC nem pacotes de bondades concedidos ao setor privado que se sustentem sem o suporte da administra\u00e7\u00e3o e advocacia p\u00fablicas devidamente aparelhadas, valorizadas e formadas por servidores concursados.<\/p>\n<p><img loading=\"lazy\" decoding=\"async\" style=\"margin-left: 10px; margin-bottom: 5px; margin-top: 5px; border: 1px solid #000000; float: right;\" alt=\"Carreiras mobilizadas ocupam pra\u00e7a do TRF na Av. Paulista\" src=\"images\/noticias\/mobilizacao-servidores-sp-15-08-2012\/mobilizacao-servidores-sp-foto-18.jpg\" height=\"133\" width=\"200\" \/>Para Allan Titonelli, presidente do SINPROFAZ e do Forvm, o minist\u00e9rio do planejamento tem alardeado na imprensa que as negocia\u00e7\u00f5es salariais para todos os seguimentos p\u00fablicos se encerram no dia 31 de agosto, o que torna praticamente imposs\u00edvel a efetiva\u00e7\u00e3o de qualquer acordo. Contudo, o dirigente lembrou que, afora as discuss\u00f5es com o executivo, \u00e9 poss\u00edvel levar as pautas remunerat\u00f3rias para o Congresso, estendendo o prazo at\u00e9 dia 31 de dezembro deste ano. Por isso, as carreiras precisam mais do que nunca se manter mobilizadas, ampliando as a\u00e7\u00f5es de protesto e reivindica\u00e7\u00e3o por todos os estados do Brasil.<\/p>\n<p>Titonelli tamb\u00e9m ressaltou que o governo desrespeitou a Constitui\u00e7\u00e3o ao editar o Decreto n\u00ba 7.777\/2012, que permite a substitui\u00e7\u00e3o de servidores p\u00fablicos federais em greve por equivalentes estaduais ou municipais mediante conv\u00eanio, assim como ao deixar de cumprir o preceito da isonomia entre as Fun\u00e7\u00f5es Essenciais \u00e0 Justi\u00e7a.<\/p>\n<p>Terminado o grande ato no cora\u00e7\u00e3o financeiro do pa\u00eds, ficou a certeza de que todas as carreiras p\u00fablicas, em especial a Advocacia P\u00fablica Federal, encontram-se cada vez mais unidas e fortalecidas, conscientes de que s\u00f3 a mobiliza\u00e7\u00e3o vence a intransig\u00eancia.<\/p>\n<div style=\"text-align: center;\">\n<p><img loading=\"lazy\" decoding=\"async\" style=\"margin-right: 5px; border: 1px solid #000000;\" alt=\"Carreiras mobilizadas ocupam pra\u00e7a do TRF na Av. Paulista\" src=\"images\/noticias\/mobilizacao-servidores-sp-15-08-2012\/mobilizacao-servidores-sp-foto-02.jpg\" height=\"150\" width=\"150\" \/><img loading=\"lazy\" decoding=\"async\" style=\"margin-right: 5px; border: 1px solid #000000;\" alt=\"Carreiras mobilizadas ocupam pra\u00e7a do TRF na Av. Paulista\" src=\"images\/noticias\/mobilizacao-servidores-sp-15-08-2012\/mobilizacao-servidores-sp-foto-03.jpg\" height=\"150\" width=\"150\" \/><img loading=\"lazy\" decoding=\"async\" style=\"margin-right: 5px; border: 1px solid #000000;\" alt=\"Carreiras mobilizadas ocupam pra\u00e7a do TRF na Av. Paulista\" src=\"images\/noticias\/mobilizacao-servidores-sp-15-08-2012\/mobilizacao-servidores-sp-foto-05.jpg\" height=\"150\" width=\"150\" \/><img loading=\"lazy\" decoding=\"async\" style=\"border: 1px solid #000000;\" alt=\"Carreiras mobilizadas ocupam pra\u00e7a do TRF na Av. Paulista\" src=\"images\/noticias\/mobilizacao-servidores-sp-15-08-2012\/mobilizacao-servidores-sp-foto-04.jpg\" height=\"150\" width=\"150\" \/><\/p>\n<p><img loading=\"lazy\" decoding=\"async\" style=\"margin-right: 5px; border: 1px solid #000000;\" alt=\"Carreiras mobilizadas ocupam pra\u00e7a do TRF na Av. Paulista\" src=\"images\/noticias\/mobilizacao-servidores-sp-15-08-2012\/mobilizacao-servidores-sp-foto-15.jpg\" height=\"133\" width=\"200\" \/><img loading=\"lazy\" decoding=\"async\" style=\"margin-right: 5px; border: 1px solid #000000;\" alt=\"Carreiras mobilizadas ocupam pra\u00e7a do TRF na Av. Paulista\" src=\"images\/noticias\/mobilizacao-servidores-sp-15-08-2012\/mobilizacao-servidores-sp-foto-16.jpg\" height=\"133\" width=\"200\" \/><img loading=\"lazy\" decoding=\"async\" style=\"border: 1px solid #000000;\" alt=\"Carreiras mobilizadas ocupam pra\u00e7a do TRF na Av. Paulista\" src=\"images\/noticias\/mobilizacao-servidores-sp-15-08-2012\/mobilizacao-servidores-sp-foto-08.jpg\" height=\"133\" width=\"200\" \/><\/p>\n<p style=\"margin-top: 80px; text-align: center;\"><img decoding=\"async\" title=\"Mobiliza\u00e7\u00e3o\" alt=\"Banner Mobiliza\u00e7\u00e3o\" src=\"\/images\/noticias\/mobilizacao2.gif\" \/><\/p>\n<\/div>\n","protected":false},"excerpt":{"rendered":"<p>Cora\u00e7\u00e3o financeiro do pa\u00eds recebeu nesta quarta-feira (15\/08) membros de diversas carreiras do servi\u00e7o p\u00fablico federal, contabilizando mais de 600 manifestantes.<\/p>\n","protected":false},"author":1,"featured_media":0,"comment_status":"closed","ping_status":"open","sticky":false,"template":"","format":"standard","meta":{"footnotes":""},"categories":[8],"tags":[],"featured_image_url":"https:\/\/dummyimage.com\/720x400","character_count":1035,"formatted_date":"16\/08\/2012 - 14:07","contentNovo":"\r\n<p>Cora\u00e7\u00e3o financeiro do pa\u00eds recebeu nesta quarta-feira (15\/08) membros de diversas carreiras do servi\u00e7o p\u00fablico federal, mobilizados em grande ato de indigna\u00e7\u00e3o contra o descaso do governo, contabilizando mais de 600 manifestantes.<\/p>\r\n<p>Dirigentes do Sinprofaz, diversos Procuradores da Fazenda Nacional, assim como outros integrantes da Advocacia P\u00fablica Federal alertaram que a sociedade brasileira est\u00e1 sendo enganada pela propaganda governamental, que vende a imagem de Estado eficiente e moderno enquanto promove o retrocesso estrutural de institui\u00e7\u00f5es imprescind\u00edveis ao desenvolvimento do pa\u00eds. Afinal, n\u00e3o h\u00e1 PAC nem pacotes de bondades concedidos ao setor privado que se sustentem sem o suporte da administra\u00e7\u00e3o e advocacia p\u00fablicas devidamente aparelhadas, valorizadas e formadas por servidores concursados.<\/p>\r\n<p>Para Allan Titonelli, presidente do SINPROFAZ e do Forvm, o minist\u00e9rio do planejamento tem alardeado na imprensa que as negocia\u00e7\u00f5es salariais para todos os seguimentos p\u00fablicos se encerram no dia 31 de agosto, o que torna praticamente imposs\u00edvel a efetiva\u00e7\u00e3o de qualquer acordo. Contudo, o dirigente lembrou que, afora as discuss\u00f5es com o executivo, \u00e9 poss\u00edvel levar as pautas remunerat\u00f3rias para o Congresso, estendendo o prazo at\u00e9 dia 31 de dezembro deste ano. Por isso, as carreiras precisam mais do que nunca se manter mobilizadas, ampliando as a\u00e7\u00f5es de protesto e reivindica\u00e7\u00e3o por todos os estados do Brasil.<\/p>\r\n<p>Titonelli tamb\u00e9m ressaltou que o governo desrespeitou a Constitui\u00e7\u00e3o ao editar o Decreto n\u00ba 7.777\/2012, que permite a substitui\u00e7\u00e3o de servidores p\u00fablicos federais em greve por equivalentes estaduais ou municipais mediante conv\u00eanio, assim como ao deixar de cumprir o preceito da isonomia entre as Fun\u00e7\u00f5es Essenciais \u00e0 Justi\u00e7a.<\/p>\r\n<p>Terminado o grande ato no cora\u00e7\u00e3o financeiro do pa\u00eds, ficou a certeza de que todas as carreiras p\u00fablicas, em especial a Advocacia P\u00fablica Federal, encontram-se cada vez mais unidas e fortalecidas, conscientes de que s\u00f3 a mobiliza\u00e7\u00e3o vence a intransig\u00eancia.<\/p>\r\n\r\n<p><\/p>\r\n<p><\/p>\r\n<p style=\"margin-top: 80px; text-align: center;\"><\/p>\r\n","_links":{"self":[{"href":"https:\/\/sinprofaz.org.br\/2024\/wp-json\/wp\/v2\/posts\/963"}],"collection":[{"href":"https:\/\/sinprofaz.org.br\/2024\/wp-json\/wp\/v2\/posts"}],"about":[{"href":"https:\/\/sinprofaz.org.br\/2024\/wp-json\/wp\/v2\/types\/post"}],"author":[{"embeddable":true,"href":"https:\/\/sinprofaz.org.br\/2024\/wp-json\/wp\/v2\/users\/1"}],"replies":[{"embeddable":true,"href":"https:\/\/sinprofaz.org.br\/2024\/wp-json\/wp\/v2\/comments?post=963"}],"version-history":[{"count":0,"href":"https:\/\/sinprofaz.org.br\/2024\/wp-json\/wp\/v2\/posts\/963\/revisions"}],"wp:attachment":[{"href":"https:\/\/sinprofaz.org.br\/2024\/wp-json\/wp\/v2\/media?parent=963"}],"wp:term":[{"taxonomy":"category","embeddable":true,"href":"https:\/\/sinprofaz.org.br\/2024\/wp-json\/wp\/v2\/categories?post=963"},{"taxonomy":"post_tag","embeddable":true,"href":"https:\/\/sinprofaz.org.br\/2024\/wp-json\/wp\/v2\/tags?post=963"}],"curies":[{"name":"wp","href":"https:\/\/api.w.org\/{rel}","templated":true}]}}