{"id":9614,"date":"2019-05-14T09:16:35","date_gmt":"2019-05-14T12:16:35","guid":{"rendered":"http:\/\/www.sinprofaz.org.br\/?p=9614"},"modified":"2019-05-14T09:20:55","modified_gmt":"2019-05-14T12:20:55","slug":"delegado-enaltece-atuacao-do-sinprofaz-em-defesa-de-prerrogativa-da-carreira","status":"publish","type":"post","link":"https:\/\/sinprofaz.org.br\/2024\/noticias\/delegado-enaltece-atuacao-do-sinprofaz-em-defesa-de-prerrogativa-da-carreira\/","title":{"rendered":"DELEGADO ENALTECE ATUA\u00c7\u00c3O DO SINPROFAZ EM DEFESA DE PRERROGATIVA DA CARREIRA"},"content":{"rendered":"<p>A AGO 2019 contou com a presen\u00e7a de Thiago Pinheiro Teixeira, representante do SINPROFAZ na Unidade Virtual da 5\u00aa Regi\u00e3o. Para o delegado, a representa\u00e7\u00e3o sindical \u00e9 fundamental, especialmente aos filiados lotados nas UVs. Em defesa deles, o SINPROFAZ atua firmemente para garantir melhores condi\u00e7\u00f5es de trabalho, al\u00e9m de assegurar a manuten\u00e7\u00e3o de prerrogativas e direitos.<\/p>\n<p>&#8220;Ultimamente, temos visto um ataque maci\u00e7o aos servidores p\u00fablicos de um modo geral e um ataque a algumas prerrogativas espec\u00edficas da Advocacia P\u00fablica. O SINPROFAZ tem atuado da melhor forma poss\u00edvel, seja administrativamente, seja no \u00e2mbito judicial, envidando todos os esfor\u00e7os para que consigamos manter as prerrogativas alcan\u00e7adas at\u00e9 aqui.&#8221;<\/p>\n<p>Veja a entrevista completa: <a href=\"https:\/\/www.youtube.com\/watch?v=WUfqrEWdzt8&amp;feature=youtu.be\" target=\"_blank\" rel=\"noopener\">youtu.be\/WUfqrEWdzt8<\/a><\/p>\n","protected":false},"excerpt":{"rendered":"<p>A AGO contou com a presen\u00e7a de Thiago Pinheiro Teixeira, representante da UV da 5\u00aa Regi\u00e3o. Para o delegado, a representa\u00e7\u00e3o sindical \u00e9 fundamental, especialmente \u00e0queles lotados nas UVs. Em defesa deles, o SINPROFAZ trabalha para assegurar prerrogativas e direitos. <\/p>\n","protected":false},"author":2,"featured_media":9615,"comment_status":"open","ping_status":"open","sticky":false,"template":"","format":"standard","meta":{"footnotes":""},"categories":[8],"tags":[41,32,25],"featured_image_url":"https:\/\/sinprofaz.org.br\/2024\/wp-content\/uploads\/2019\/05\/01-2.png","character_count":402,"formatted_date":"14\/05\/2019 - 09:16","contentNovo":"A AGO 2019 contou com a presen\u00e7a de Thiago Pinheiro Teixeira, representante do SINPROFAZ na Unidade Virtual da 5\u00aa Regi\u00e3o. Para o delegado, a representa\u00e7\u00e3o sindical \u00e9 fundamental, especialmente aos filiados lotados nas UVs. Em defesa deles, o SINPROFAZ atua firmemente para garantir melhores condi\u00e7\u00f5es de trabalho, al\u00e9m de assegurar a manuten\u00e7\u00e3o de prerrogativas e direitos.\r\n\r\n\"Ultimamente, temos visto um ataque maci\u00e7o aos servidores p\u00fablicos de um modo geral e um ataque a algumas prerrogativas espec\u00edficas da Advocacia P\u00fablica. O SINPROFAZ tem atuado da melhor forma poss\u00edvel, seja administrativamente, seja no \u00e2mbito judicial, envidando todos os esfor\u00e7os para que consigamos manter as prerrogativas alcan\u00e7adas at\u00e9 aqui.\"\r\n\r\nVeja a entrevista completa: <a href=\"https:\/\/www.youtube.com\/watch?v=WUfqrEWdzt8&amp;feature=youtu.be\" target=\"_blank\" rel=\"noopener\">youtu.be\/WUfqrEWdzt8<\/a>","_links":{"self":[{"href":"https:\/\/sinprofaz.org.br\/2024\/wp-json\/wp\/v2\/posts\/9614"}],"collection":[{"href":"https:\/\/sinprofaz.org.br\/2024\/wp-json\/wp\/v2\/posts"}],"about":[{"href":"https:\/\/sinprofaz.org.br\/2024\/wp-json\/wp\/v2\/types\/post"}],"author":[{"embeddable":true,"href":"https:\/\/sinprofaz.org.br\/2024\/wp-json\/wp\/v2\/users\/2"}],"replies":[{"embeddable":true,"href":"https:\/\/sinprofaz.org.br\/2024\/wp-json\/wp\/v2\/comments?post=9614"}],"version-history":[{"count":1,"href":"https:\/\/sinprofaz.org.br\/2024\/wp-json\/wp\/v2\/posts\/9614\/revisions"}],"predecessor-version":[{"id":9616,"href":"https:\/\/sinprofaz.org.br\/2024\/wp-json\/wp\/v2\/posts\/9614\/revisions\/9616"}],"wp:featuredmedia":[{"embeddable":true,"href":"https:\/\/sinprofaz.org.br\/2024\/wp-json\/wp\/v2\/media\/9615"}],"wp:attachment":[{"href":"https:\/\/sinprofaz.org.br\/2024\/wp-json\/wp\/v2\/media?parent=9614"}],"wp:term":[{"taxonomy":"category","embeddable":true,"href":"https:\/\/sinprofaz.org.br\/2024\/wp-json\/wp\/v2\/categories?post=9614"},{"taxonomy":"post_tag","embeddable":true,"href":"https:\/\/sinprofaz.org.br\/2024\/wp-json\/wp\/v2\/tags?post=9614"}],"curies":[{"name":"wp","href":"https:\/\/api.w.org\/{rel}","templated":true}]}}