{"id":961,"date":"2012-08-15T16:59:30","date_gmt":"2012-08-15T16:59:30","guid":{"rendered":""},"modified":"-0001-11-30T00:00:00","modified_gmt":"-0001-11-30T03:00:00","slug":"sinprofaz-subscreve-nota-de-apoio-a-servidor-do-mpog","status":"publish","type":"post","link":"https:\/\/sinprofaz.org.br\/2024\/noticias\/sinprofaz-subscreve-nota-de-apoio-a-servidor-do-mpog\/","title":{"rendered":"SINPROFAZ subscreve nota de apoio a servidor do MPOG"},"content":{"rendered":"<p>Al\u00e9m do SINPROFAZ, o Forvm Nacional da Advocacia P\u00fablica Federal e outras entidades associativas e sindicais das carreiras t\u00edpicas de Estado assinam a nota p\u00fablica de apoio ao ex-coordenador de Inova\u00e7\u00e3o Tecnol\u00f3gica do Minist\u00e9rio do Planejamento.<\/p>\n<p>A discord\u00e2ncia do servidor refere-se especialmente \u00e0 determina\u00e7\u00e3o do corte de ponto dos grevistas.<\/p>\n<p>O SINPROFAZ e o Forvm j\u00e1 haviam manifestado contrariedade com a postura do Governo quando da assinatura do Decreto n\u00ba 7.777\/2012, que permite a substitui\u00e7\u00e3o de servidores p\u00fablicos federais em greve por equivalentes estaduais ou municipais mediante conv\u00eanio.<\/p>\n<p>Confira a \u00edntegra da nota de apoio a C\u00e9sar Brod:<\/p>\n<h3>NOTA DE APOIO<\/h3>\n<p>As entidades representativas da Advocacia e Defensoria P\u00fablicas Federais, das Auditorias- Fiscais da Receita Federal e do Trabalho, dos Delegados e Peritos da Pol\u00edcia Federal, do Ciclo de Gest\u00e3o e do N\u00facleo Financeiro, das Ag\u00eancias Reguladoras e de Rela\u00e7\u00f5es Exteriores que assinam esta Nota, v\u00eam a p\u00fablico manifestar apoio e destacar a dignidade do Senhor C\u00e9sar Augusto de Azambuja Brod, Coordenador de Inova\u00e7\u00e3o Tecnol\u00f3gica do Minist\u00e9rio do Planejamento, que pediu exonera\u00e7\u00e3o do cargo, ap\u00f3s confrontar com a pol\u00edtica negocial adotada pelo governo federal, comandado pelo Partido dos Trabalhadores (PT).<\/p>\n<p>O ex-Coordenador assevera em sua carta de exonera\u00e7\u00e3o que \u201co PT patr\u00e3o parece n\u00e3o ter aprendido com sua pr\u00f3pria hist\u00f3ria. O PT patr\u00e3o apenas aprimora as t\u00e1ticas de press\u00e3o psicol\u00f3gica e negocia\u00e7\u00e3o question\u00e1vel daqueles com os quais negociou na \u00e9poca em que a greve era sua.\u201d Registra, ainda, \u201cA determina\u00e7\u00e3o do governo no corte do ponto dos grevistas agride em sua ess\u00eancia a cren\u00e7a na liberdade de manifesta\u00e7\u00e3o das pessoas e no direito do trabalhador de reivindicar melhorias em suas condi\u00e7\u00f5es de trabalho e os consequentes resultados entregues \u00e0 sociedade por meio dos atos dos servidores p\u00fablicos federais\u201d. Ao final ele conclui que \u201ccomo coordenador, jamais cortarei o ponto daqueles que trabalham comigo e est\u00e3o em greve. Independente da greve, eles cumpriram seus compromissos civis sempre que necess\u00e1rio\u201d.<\/p>\n<p>A postura do Senhor C\u00e9sar Augusto de Azambuja Brod vem ao encontro dos primados existentes no Estado Democr\u00e1tico de Direito, premissa fundamental da Constitui\u00e7\u00e3o Federal, a qual vem sendo reiteradamente vilipendiada pelo atual governo. A exemplo do que ocorreu com a edi\u00e7\u00e3o do Decreto n\u00ba 7.777\/2012, o qual, a um s\u00f3 tempo, fere o Pacto Federativo, a regra constitucional de ocupa\u00e7\u00e3o de cargos p\u00fablicos ap\u00f3s provimento em concurso de provas e t\u00edtulos, o princ\u00edpio constitucional da efici\u00eancia e o direito constitucional de greve, assegurado a todo e qualquer trabalhador brasileiro.<\/p>\n<p>Ante ao exposto, as entidades signat\u00e1rias registram a dignidade, lucidez e sensatez da conduta e manifesta\u00e7\u00e3o do Senhor C\u00e9sar Augusto de Azambuja Brod, registrando seu irrestrito apoio.<\/p>\n<p style=\"margin-top: 80px; text-align: center;\"><img decoding=\"async\" title=\"Mobiliza\u00e7\u00e3o\" alt=\"Banner Mobiliza\u00e7\u00e3o\" src=\"\/images\/noticias\/mobilizacao2.gif\" \/><\/p>\n","protected":false},"excerpt":{"rendered":"<p>O servidor p\u00fablico C\u00e9sar Brod pediu exonera\u00e7\u00e3o do cargo que ocupava por discordar dos rumos que o Governo vem dando \u00e0s negocia\u00e7\u00f5es por reajuste salarial.<\/p>\n","protected":false},"author":1,"featured_media":0,"comment_status":"closed","ping_status":"open","sticky":false,"template":"","format":"standard","meta":{"footnotes":""},"categories":[8],"tags":[],"featured_image_url":"https:\/\/dummyimage.com\/720x400","character_count":1473,"formatted_date":"15\/08\/2012 - 16:59","contentNovo":"\r\n<p>Al\u00e9m do SINPROFAZ, o Forvm Nacional da Advocacia P\u00fablica Federal e outras entidades associativas e sindicais das carreiras t\u00edpicas de Estado assinam a nota p\u00fablica de apoio ao ex-coordenador de Inova\u00e7\u00e3o Tecnol\u00f3gica do Minist\u00e9rio do Planejamento.<\/p>\r\n<p>A discord\u00e2ncia do servidor refere-se especialmente \u00e0 determina\u00e7\u00e3o do corte de ponto dos grevistas.<\/p>\r\n<p>O SINPROFAZ e o Forvm j\u00e1 haviam manifestado contrariedade com a postura do Governo quando da assinatura do Decreto n\u00ba 7.777\/2012, que permite a substitui\u00e7\u00e3o de servidores p\u00fablicos federais em greve por equivalentes estaduais ou municipais mediante conv\u00eanio.<\/p>\r\n<p>Confira a \u00edntegra da nota de apoio a C\u00e9sar Brod:<\/p>\r\nNOTA DE APOIO\r\n<p>As entidades representativas da Advocacia e Defensoria P\u00fablicas Federais, das Auditorias- Fiscais da Receita Federal e do Trabalho, dos Delegados e Peritos da Pol\u00edcia Federal, do Ciclo de Gest\u00e3o e do N\u00facleo Financeiro, das Ag\u00eancias Reguladoras e de Rela\u00e7\u00f5es Exteriores que assinam esta Nota, v\u00eam a p\u00fablico manifestar apoio e destacar a dignidade do Senhor C\u00e9sar Augusto de Azambuja Brod, Coordenador de Inova\u00e7\u00e3o Tecnol\u00f3gica do Minist\u00e9rio do Planejamento, que pediu exonera\u00e7\u00e3o do cargo, ap\u00f3s confrontar com a pol\u00edtica negocial adotada pelo governo federal, comandado pelo Partido dos Trabalhadores (PT).<\/p>\r\n<p>O ex-Coordenador assevera em sua carta de exonera\u00e7\u00e3o que \u201co PT patr\u00e3o parece n\u00e3o ter aprendido com sua pr\u00f3pria hist\u00f3ria. O PT patr\u00e3o apenas aprimora as t\u00e1ticas de press\u00e3o psicol\u00f3gica e negocia\u00e7\u00e3o question\u00e1vel daqueles com os quais negociou na \u00e9poca em que a greve era sua.\u201d Registra, ainda, \u201cA determina\u00e7\u00e3o do governo no corte do ponto dos grevistas agride em sua ess\u00eancia a cren\u00e7a na liberdade de manifesta\u00e7\u00e3o das pessoas e no direito do trabalhador de reivindicar melhorias em suas condi\u00e7\u00f5es de trabalho e os consequentes resultados entregues \u00e0 sociedade por meio dos atos dos servidores p\u00fablicos federais\u201d. Ao final ele conclui que \u201ccomo coordenador, jamais cortarei o ponto daqueles que trabalham comigo e est\u00e3o em greve. Independente da greve, eles cumpriram seus compromissos civis sempre que necess\u00e1rio\u201d.<\/p>\r\n<p>A postura do Senhor C\u00e9sar Augusto de Azambuja Brod vem ao encontro dos primados existentes no Estado Democr\u00e1tico de Direito, premissa fundamental da Constitui\u00e7\u00e3o Federal, a qual vem sendo reiteradamente vilipendiada pelo atual governo. A exemplo do que ocorreu com a edi\u00e7\u00e3o do Decreto n\u00ba 7.777\/2012, o qual, a um s\u00f3 tempo, fere o Pacto Federativo, a regra constitucional de ocupa\u00e7\u00e3o de cargos p\u00fablicos ap\u00f3s provimento em concurso de provas e t\u00edtulos, o princ\u00edpio constitucional da efici\u00eancia e o direito constitucional de greve, assegurado a todo e qualquer trabalhador brasileiro.<\/p>\r\n<p>Ante ao exposto, as entidades signat\u00e1rias registram a dignidade, lucidez e sensatez da conduta e manifesta\u00e7\u00e3o do Senhor C\u00e9sar Augusto de Azambuja Brod, registrando seu irrestrito apoio.<\/p>\r\n<p style=\"margin-top: 80px; text-align: center;\"><\/p>","_links":{"self":[{"href":"https:\/\/sinprofaz.org.br\/2024\/wp-json\/wp\/v2\/posts\/961"}],"collection":[{"href":"https:\/\/sinprofaz.org.br\/2024\/wp-json\/wp\/v2\/posts"}],"about":[{"href":"https:\/\/sinprofaz.org.br\/2024\/wp-json\/wp\/v2\/types\/post"}],"author":[{"embeddable":true,"href":"https:\/\/sinprofaz.org.br\/2024\/wp-json\/wp\/v2\/users\/1"}],"replies":[{"embeddable":true,"href":"https:\/\/sinprofaz.org.br\/2024\/wp-json\/wp\/v2\/comments?post=961"}],"version-history":[{"count":0,"href":"https:\/\/sinprofaz.org.br\/2024\/wp-json\/wp\/v2\/posts\/961\/revisions"}],"wp:attachment":[{"href":"https:\/\/sinprofaz.org.br\/2024\/wp-json\/wp\/v2\/media?parent=961"}],"wp:term":[{"taxonomy":"category","embeddable":true,"href":"https:\/\/sinprofaz.org.br\/2024\/wp-json\/wp\/v2\/categories?post=961"},{"taxonomy":"post_tag","embeddable":true,"href":"https:\/\/sinprofaz.org.br\/2024\/wp-json\/wp\/v2\/tags?post=961"}],"curies":[{"name":"wp","href":"https:\/\/api.w.org\/{rel}","templated":true}]}}