{"id":960,"date":"2012-08-14T15:05:50","date_gmt":"2012-08-14T15:05:50","guid":{"rendered":""},"modified":"-0001-11-30T00:00:00","modified_gmt":"-0001-11-30T03:00:00","slug":"confira-a-edicao-numero-12-de-justica-fiscal","status":"publish","type":"post","link":"https:\/\/sinprofaz.org.br\/2024\/noticias\/confira-a-edicao-numero-12-de-justica-fiscal\/","title":{"rendered":"Confira a edi\u00e7\u00e3o n\u00famero 12 de Justi\u00e7a Fiscal"},"content":{"rendered":"<p>O exemplar traz publicada entrevista especial com o ministro do STJ Teori Zavascki, que ressaltou a qualidade do trabalho, a persist\u00eancia e efici\u00eancia dos membros das carreiras da Advocacia P\u00fablica Federal, especialmente pela atua\u00e7\u00e3o focada nas causas de grande relevo.<\/p>\n<p>As atividades relacionadas \u00e0 mobiliza\u00e7\u00e3o dos PFNs por melhorias salariais e de condi\u00e7\u00f5es de trabalho tamb\u00e9m est\u00e3o reportadas nesta edi\u00e7\u00e3o. O papel correicional da Corregedoria-Geral da Advocacia da Uni\u00e3o \u00e9 outro tema abordado neste n\u00famero.<\/p>\n<p>JF 12 coloca em pauta a cess\u00e3o de Advogados P\u00fablicos para atua\u00e7\u00e3o na Justi\u00e7a, abre espa\u00e7o \u00e0 discuss\u00e3o sobre anencefalia e homenageia Aliomar Baleeiro na se\u00e7\u00e3o Grandes Nomes do Direito.<\/p>\n<p>Um breve balan\u00e7o sobre o primeiro m\u00eas de vig\u00eancia da Lei de Acesso \u00e0 Informa\u00e7\u00e3o e a atua\u00e7\u00e3o do SINPROFAZ no combate \u00e0 lavagem de dinheiro no Brasil tamb\u00e9m tem espa\u00e7o na edi\u00e7\u00e3o. Boa leitura!<\/p>\n<p style=\"margin-top: 80px; text-align: center;\"><img decoding=\"async\" title=\"Mobiliza\u00e7\u00e3o\" alt=\"Banner Mobiliza\u00e7\u00e3o\" src=\"\/s\/images\/stories\/mobilizacao2.gif\" \/><\/p>\n","protected":false},"excerpt":{"rendered":"<p>Revista j\u00e1 est\u00e1 em circula\u00e7\u00e3o e pode tamb\u00e9m ser acessada no site do SINPROFAZ. Rio+20, sistema eletr\u00f4nico de vota\u00e7\u00e3o e N\u00facleo-JEF da PRFN3 s\u00e3o alguns destaques da edi\u00e7\u00e3o.<\/p>\n","protected":false},"author":1,"featured_media":0,"comment_status":"closed","ping_status":"open","sticky":false,"template":"","format":"standard","meta":{"footnotes":""},"categories":[8],"tags":[],"featured_image_url":"https:\/\/dummyimage.com\/720x400","character_count":463,"formatted_date":"14\/08\/2012 - 15:05","contentNovo":"\r\n<p>O exemplar traz publicada entrevista especial com o ministro do STJ Teori Zavascki, que ressaltou a qualidade do trabalho, a persist\u00eancia e efici\u00eancia dos membros das carreiras da Advocacia P\u00fablica Federal, especialmente pela atua\u00e7\u00e3o focada nas causas de grande relevo.<\/p>\r\n<p>As atividades relacionadas \u00e0 mobiliza\u00e7\u00e3o dos PFNs por melhorias salariais e de condi\u00e7\u00f5es de trabalho tamb\u00e9m est\u00e3o reportadas nesta edi\u00e7\u00e3o. O papel correicional da Corregedoria-Geral da Advocacia da Uni\u00e3o \u00e9 outro tema abordado neste n\u00famero.<\/p>\r\n<p>JF 12 coloca em pauta a cess\u00e3o de Advogados P\u00fablicos para atua\u00e7\u00e3o na Justi\u00e7a, abre espa\u00e7o \u00e0 discuss\u00e3o sobre anencefalia e homenageia Aliomar Baleeiro na se\u00e7\u00e3o Grandes Nomes do Direito.<\/p>\r\n<p>Um breve balan\u00e7o sobre o primeiro m\u00eas de vig\u00eancia da Lei de Acesso \u00e0 Informa\u00e7\u00e3o e a atua\u00e7\u00e3o do SINPROFAZ no combate \u00e0 lavagem de dinheiro no Brasil tamb\u00e9m tem espa\u00e7o na edi\u00e7\u00e3o. Boa leitura!<\/p>\r\n<p style=\"margin-top: 80px; text-align: center;\"><\/p>","_links":{"self":[{"href":"https:\/\/sinprofaz.org.br\/2024\/wp-json\/wp\/v2\/posts\/960"}],"collection":[{"href":"https:\/\/sinprofaz.org.br\/2024\/wp-json\/wp\/v2\/posts"}],"about":[{"href":"https:\/\/sinprofaz.org.br\/2024\/wp-json\/wp\/v2\/types\/post"}],"author":[{"embeddable":true,"href":"https:\/\/sinprofaz.org.br\/2024\/wp-json\/wp\/v2\/users\/1"}],"replies":[{"embeddable":true,"href":"https:\/\/sinprofaz.org.br\/2024\/wp-json\/wp\/v2\/comments?post=960"}],"version-history":[{"count":0,"href":"https:\/\/sinprofaz.org.br\/2024\/wp-json\/wp\/v2\/posts\/960\/revisions"}],"wp:attachment":[{"href":"https:\/\/sinprofaz.org.br\/2024\/wp-json\/wp\/v2\/media?parent=960"}],"wp:term":[{"taxonomy":"category","embeddable":true,"href":"https:\/\/sinprofaz.org.br\/2024\/wp-json\/wp\/v2\/categories?post=960"},{"taxonomy":"post_tag","embeddable":true,"href":"https:\/\/sinprofaz.org.br\/2024\/wp-json\/wp\/v2\/tags?post=960"}],"curies":[{"name":"wp","href":"https:\/\/api.w.org\/{rel}","templated":true}]}}