{"id":9583,"date":"2019-05-08T15:08:32","date_gmt":"2019-05-08T18:08:32","guid":{"rendered":"http:\/\/www.sinprofaz.org.br\/?p=9583"},"modified":"2019-05-08T15:15:19","modified_gmt":"2019-05-08T18:15:19","slug":"sinprofaz-participa-de-reuniao-do-conselho-de-gestao-estrategica-da-pgfn","status":"publish","type":"post","link":"https:\/\/sinprofaz.org.br\/2024\/noticias\/sinprofaz-participa-de-reuniao-do-conselho-de-gestao-estrategica-da-pgfn\/","title":{"rendered":"SINPROFAZ PARTICIPA DE REUNI\u00c3O DO CONSELHO DE GEST\u00c3O ESTRAT\u00c9GICA DA PGFN"},"content":{"rendered":"<p>O presidente do SINPROFAZ, Achilles Frias, foi convidado pelo PGFN, Jos\u00e9 Levi Mello do Amaral J\u00fanior, a participar hoje (8), em Bras\u00edlia\/DF, de reuni\u00e3o do Conselho de Gest\u00e3o Estrat\u00e9gica da Institui\u00e7\u00e3o \u2013 Conselho composto pelo procurador-geral e adjuntos, diretores de departamento e procuradores-regionais. Em exposi\u00e7\u00e3o aos presentes, Achilles Frias fez a defesa de pleitos gerais da Carreira e abordou quest\u00f5es espec\u00edficas de certas unidades e Colegas.<\/p>\n<p>Dos apontamentos do presidente, destacou-se o relativo ao Processo Simplificado de Sele\u00e7\u00e3o &#8211; PSS. Achilles Frias ratificou a discord\u00e2ncia do SINPROFAZ ao m\u00e9todo, tendo defendido o processo eleitoral entre os integrantes das unidades \u2013 \u00e0 semelhan\u00e7a do que ocorre no \u00e2mbito das demais Fun\u00e7\u00f5es Essenciais \u00e0 Justi\u00e7a. Por diversas vezes, o SINPROFAZ j\u00e1 se posicionou contr\u00e1rio ao Processo.<\/p>\n<p>Outra quest\u00e3o levada pelo presidente \u00e0 reuni\u00e3o do Conselho foi relativa \u00e0s Normas de Execu\u00e7\u00e3o da Portaria n\u00ba 32 da PGFN. Achilles Frias atentou principalmente para o fato de os procuradores da Fazenda Nacional terem decidido por diversas vezes, em Assembleia Geral do SINPROFAZ, pela n\u00e3o-realiza\u00e7\u00e3o de atividades meramente administrativas.<\/p>\n<p>Aberto \u00e0s cr\u00edticas e sugest\u00f5es, o procurador-geral da Fazenda Nacional exaltou, em tempo, a import\u00e2ncia hist\u00f3rica do SINPROFAZ. Segundo Levi, o Sindicato representa a melhor interface que a Administra\u00e7\u00e3o pode ter com os Colegas para al\u00e9m da intera\u00e7\u00e3o institucional que cabe \u00e0 Procuradoria-Geral. Levi afirmou ainda que as recomenda\u00e7\u00f5es levadas pelo SINPROFAZ \u00e0 Administra\u00e7\u00e3o t\u00eam sido sempre muito construtivas e bem-recebidas.<\/p>\n\n\t\t<style type=\"text\/css\">\n\t\t\t#gallery-1 {\n\t\t\t\tmargin: auto;\n\t\t\t}\n\t\t\t#gallery-1 .gallery-item {\n\t\t\t\tfloat: left;\n\t\t\t\tmargin-top: 10px;\n\t\t\t\ttext-align: center;\n\t\t\t\twidth: 33%;\n\t\t\t}\n\t\t\t#gallery-1 img {\n\t\t\t\tborder: 2px solid #cfcfcf;\n\t\t\t}\n\t\t\t#gallery-1 .gallery-caption {\n\t\t\t\tmargin-left: 0;\n\t\t\t}\n\t\t\t\/* see gallery_shortcode() in wp-includes\/media.php *\/\n\t\t<\/style>\n\t\t<div id='gallery-1' class='gallery galleryid-9583 gallery-columns-3 gallery-size-thumbnail'><dl class='gallery-item'>\n\t\t\t<dt class='gallery-icon landscape'>\n\t\t\t\t<a href='https:\/\/sinprofaz.org.br\/2024\/wp-content\/uploads\/2019\/05\/02-2.jpg'><img loading=\"lazy\" decoding=\"async\" width=\"150\" height=\"150\" src=\"https:\/\/sinprofaz.org.br\/2024\/wp-content\/uploads\/2019\/05\/02-2-150x150.jpg\" class=\"attachment-thumbnail size-thumbnail\" alt=\"\" \/><\/a>\n\t\t\t<\/dt><\/dl>\n\t\t\t<br style='clear: both' \/>\n\t\t<\/div>\n\n","protected":false},"excerpt":{"rendered":"<p>O presidente do SINPROFAZ, Achilles Frias, foi convidado pelo PGFN, Jos\u00e9 Levi Mello do Amaral J\u00fanior, a participar de reuni\u00e3o do Conselho de Gest\u00e3o Estrat\u00e9gica da Institui\u00e7\u00e3o \u2013 Conselho composto pelo procurador-geral e adjuntos, diretores de departamento e procuradores-regionais. <\/p>\n","protected":false},"author":2,"featured_media":9584,"comment_status":"open","ping_status":"open","sticky":false,"template":"","format":"standard","meta":{"footnotes":""},"categories":[8],"tags":[32,44,25],"featured_image_url":"https:\/\/sinprofaz.org.br\/2024\/wp-content\/uploads\/2019\/05\/01-4.jpg","character_count":1012,"formatted_date":"08\/05\/2019 - 15:08","contentNovo":"O presidente do SINPROFAZ, Achilles Frias, foi convidado pelo PGFN, Jos\u00e9 Levi Mello do Amaral J\u00fanior, a participar hoje (8), em Bras\u00edlia\/DF, de reuni\u00e3o do Conselho de Gest\u00e3o Estrat\u00e9gica da Institui\u00e7\u00e3o \u2013 Conselho composto pelo procurador-geral e adjuntos, diretores de departamento e procuradores-regionais. Em exposi\u00e7\u00e3o aos presentes, Achilles Frias fez a defesa de pleitos gerais da Carreira e abordou quest\u00f5es espec\u00edficas de certas unidades e Colegas.\r\n\r\nDos apontamentos do presidente, destacou-se o relativo ao Processo Simplificado de Sele\u00e7\u00e3o - PSS. Achilles Frias ratificou a discord\u00e2ncia do SINPROFAZ ao m\u00e9todo, tendo defendido o processo eleitoral entre os integrantes das unidades \u2013 \u00e0 semelhan\u00e7a do que ocorre no \u00e2mbito das demais Fun\u00e7\u00f5es Essenciais \u00e0 Justi\u00e7a. Por diversas vezes, o SINPROFAZ j\u00e1 se posicionou contr\u00e1rio ao Processo.\r\n\r\nOutra quest\u00e3o levada pelo presidente \u00e0 reuni\u00e3o do Conselho foi relativa \u00e0s Normas de Execu\u00e7\u00e3o da Portaria n\u00ba 32 da PGFN. Achilles Frias atentou principalmente para o fato de os procuradores da Fazenda Nacional terem decidido por diversas vezes, em Assembleia Geral do SINPROFAZ, pela n\u00e3o-realiza\u00e7\u00e3o de atividades meramente administrativas.\r\n\r\nAberto \u00e0s cr\u00edticas e sugest\u00f5es, o procurador-geral da Fazenda Nacional exaltou, em tempo, a import\u00e2ncia hist\u00f3rica do SINPROFAZ. Segundo Levi, o Sindicato representa a melhor interface que a Administra\u00e7\u00e3o pode ter com os Colegas para al\u00e9m da intera\u00e7\u00e3o institucional que cabe \u00e0 Procuradoria-Geral. Levi afirmou ainda que as recomenda\u00e7\u00f5es levadas pelo SINPROFAZ \u00e0 Administra\u00e7\u00e3o t\u00eam sido sempre muito construtivas e bem-recebidas.\r\n\r\n[gallery link=\"file\" ids=\"9585\"]","_links":{"self":[{"href":"https:\/\/sinprofaz.org.br\/2024\/wp-json\/wp\/v2\/posts\/9583"}],"collection":[{"href":"https:\/\/sinprofaz.org.br\/2024\/wp-json\/wp\/v2\/posts"}],"about":[{"href":"https:\/\/sinprofaz.org.br\/2024\/wp-json\/wp\/v2\/types\/post"}],"author":[{"embeddable":true,"href":"https:\/\/sinprofaz.org.br\/2024\/wp-json\/wp\/v2\/users\/2"}],"replies":[{"embeddable":true,"href":"https:\/\/sinprofaz.org.br\/2024\/wp-json\/wp\/v2\/comments?post=9583"}],"version-history":[{"count":2,"href":"https:\/\/sinprofaz.org.br\/2024\/wp-json\/wp\/v2\/posts\/9583\/revisions"}],"predecessor-version":[{"id":9587,"href":"https:\/\/sinprofaz.org.br\/2024\/wp-json\/wp\/v2\/posts\/9583\/revisions\/9587"}],"wp:featuredmedia":[{"embeddable":true,"href":"https:\/\/sinprofaz.org.br\/2024\/wp-json\/wp\/v2\/media\/9584"}],"wp:attachment":[{"href":"https:\/\/sinprofaz.org.br\/2024\/wp-json\/wp\/v2\/media?parent=9583"}],"wp:term":[{"taxonomy":"category","embeddable":true,"href":"https:\/\/sinprofaz.org.br\/2024\/wp-json\/wp\/v2\/categories?post=9583"},{"taxonomy":"post_tag","embeddable":true,"href":"https:\/\/sinprofaz.org.br\/2024\/wp-json\/wp\/v2\/tags?post=9583"}],"curies":[{"name":"wp","href":"https:\/\/api.w.org\/{rel}","templated":true}]}}