{"id":9580,"date":"2019-05-08T10:00:11","date_gmt":"2019-05-08T13:00:11","guid":{"rendered":"http:\/\/www.sinprofaz.org.br\/?p=9580"},"modified":"2019-05-08T10:02:17","modified_gmt":"2019-05-08T13:02:17","slug":"junta-de-julgamento-comunica-inscricao-de-chapa-para-eleicao-da-diretoria","status":"publish","type":"post","link":"https:\/\/sinprofaz.org.br\/2024\/noticias\/junta-de-julgamento-comunica-inscricao-de-chapa-para-eleicao-da-diretoria\/","title":{"rendered":"JUNTA DE JULGAMENTO COMUNICA INSCRI\u00c7\u00c3O DE CHAPA PARA ELEI\u00c7\u00c3O DA DIRETORIA"},"content":{"rendered":"<p style=\"text-align: center;\"><strong>COMUNICADO 01\/2019<\/strong><\/p>\n<p style=\"text-align: center;\"><strong>ELEI\u00c7\u00c3O PARA A DIRETORIA DO SINPROFAZ \u2013 BI\u00caNIO 2019-2021<\/strong><\/p>\n<p style=\"text-align: center;\"><strong>COMUNICA\u00c7\u00c3O DE INSCRI\u00c7\u00c3O DE CHAPA<\/strong><\/p>\n<p>&nbsp;<\/p>\n<p style=\"text-align: center;\">Bras\u00edlia, 8 de maio de 2019.<\/p>\n<p>&nbsp;<\/p>\n<p>Senhoras e Senhores Procuradores da Fazenda Nacional,<\/p>\n<p>A Junta de Julgamento do SINPROFAZ, no uso de suas atribui\u00e7\u00f5es estatut\u00e1rias, comunica que uma (1) chapa efetuou o registro para a elei\u00e7\u00e3o da Diretoria referente ao bi\u00eanio 2019\/2021, conforme rela\u00e7\u00e3o abaixo. Os candidatos atendem \u00e0s exig\u00eancias estatut\u00e1rias.<\/p>\n<p>A elei\u00e7\u00e3o ocorrer\u00e1 no dia 4 de junho, das 9h \u00e0s 18h.<\/p>\n<p>Respeitosamente,<\/p>\n<p>&nbsp;<\/p>\n<p style=\"text-align: center;\">Jos\u00e9 Edmundo Barros de Lacerda<br \/>\nMembro da Junta de Julgamento<\/p>\n<p style=\"text-align: center;\">Jos\u00e9 Valter Toledo Filho<br \/>\nMembro da Junta de Julgamento<\/p>\n<p style=\"text-align: center;\">Marco Antonio Cardoso Silva<br \/>\nMembro da Junta de Julgamento<\/p>\n<p>&nbsp;<\/p>\n<p>Chapa 1 \u201cAVAN\u00c7AR COM CONFIAN\u00c7A\u201d<\/p>\n<p><strong>Presidente:<\/strong> Jos\u00e9 Ernane de Souza Brito (ES) 08\/02\/2011<\/p>\n<p><strong>Vice-Presidente:<\/strong> Roberto Rodrigues de Oliveira (GO) 01\/01\/1993<\/p>\n<p><strong>Diretora-Secret\u00e1ria:<\/strong> Val\u00e9ria Gomes Ferreira (SP) 17\/05\/2007<\/p>\n<p><strong>Diretor-Administrativo:<\/strong> Achilles Linhares de Campos Frias (SC) 01\/07\/1998<\/p>\n<p><strong>Diretor de Rela\u00e7\u00f5es Intersindicais:<\/strong> Caio Graco Nunes de S\u00e1 Pereira (PB) 13\/07\/2009<\/p>\n<p><strong>Diretor de Assuntos Profissionais e Estudos T\u00e9cnicos:<\/strong> S\u00e9rgio Luis de Souza Carneiro (RJ) 01\/07\/1995<\/p>\n<p><strong>Diretor de Assuntos Parlamentares:<\/strong> Rodrigo Oliveira Mellet (SP) 14\/07\/2010<\/p>\n<p><strong>Diretor-Jur\u00eddico:<\/strong> Giuliano Menezes Campos (CE) 01\/07\/1998<\/p>\n<p><strong>Diretor de Comunica\u00e7\u00e3o Social:<\/strong> Andr\u00e9 Emmanuel Barreto Campello (MA) 11\/03\/2004<\/p>\n<p><strong>Diretora de Assuntos Relativos aos Aposentados e Servi\u00e7os Assistenciais:<\/strong> Ju\u00e7ara Valadares Lopes Faria (MG) 17\/08\/2000<\/p>\n<p><strong>Diretora Cultural e de Eventos:<\/strong> Iolanda Guindani (RS) 04\/08\/2000<\/p>\n<p><strong>Diretor Suplente:<\/strong> Juscelino de Melo Ferreira (PE) 05\/09\/2000<\/p>\n<p><strong>Diretor Suplente:<\/strong> Carlos Alexandre Dias Torres (SP) 08\/05\/2009<\/p>\n<p><strong>Diretor Suplente:<\/strong> Ricardo de Lima Souza Queiroz (BA) 04\/12\/2006<\/p>\n<p><strong>Diretor Suplente:<\/strong> Sergio Andrade de Carvalho Filho (MT) 06\/12\/2016<\/p>\n<p>Confira o documento original com as assinaturas dos membros da Junta de Julgamento: <a href=\"https:\/\/www.sinprofaz.org.br\/pdfs\/comunicado-junta-de-julgamento.pdf\" target=\"_blank\" rel=\"noopener\">www.sinprofaz.org.br\/pdfs\/comunicado-junta-de-julgamento.pdf<\/a><\/p>\n","protected":false},"excerpt":{"rendered":"<p>A Junta de Julgamento do SINPROFAZ, no uso de suas atribui\u00e7\u00f5es estatut\u00e1rias, comunica que uma (1) chapa efetuou o registro para a elei\u00e7\u00e3o da Diretoria referente ao bi\u00eanio 2019\/2021. Os candidatos atendem \u00e0s exig\u00eancias estatut\u00e1rias. Confira a composi\u00e7\u00e3o da chapa.<\/p>\n","protected":false},"author":2,"featured_media":0,"comment_status":"open","ping_status":"open","sticky":false,"template":"","format":"standard","meta":{"footnotes":""},"categories":[8],"tags":[32,148,146,25],"featured_image_url":"https:\/\/dummyimage.com\/720x400","character_count":1016,"formatted_date":"08\/05\/2019 - 10:00","contentNovo":"<p style=\"text-align: center;\"><strong>COMUNICADO 01\/2019<\/strong><\/p>\r\n<p style=\"text-align: center;\"><strong>ELEI\u00c7\u00c3O PARA A DIRETORIA DO SINPROFAZ \u2013 BI\u00caNIO 2019-2021<\/strong><\/p>\r\n<p style=\"text-align: center;\"><strong>COMUNICA\u00c7\u00c3O DE INSCRI\u00c7\u00c3O DE CHAPA<\/strong><\/p>\r\n&nbsp;\r\n<p style=\"text-align: center;\">Bras\u00edlia, 8 de maio de 2019.<\/p>\r\n&nbsp;\r\n\r\nSenhoras e Senhores Procuradores da Fazenda Nacional,\r\n\r\nA Junta de Julgamento do SINPROFAZ, no uso de suas atribui\u00e7\u00f5es estatut\u00e1rias, comunica que uma (1) chapa efetuou o registro para a elei\u00e7\u00e3o da Diretoria referente ao bi\u00eanio 2019\/2021, conforme rela\u00e7\u00e3o abaixo. Os candidatos atendem \u00e0s exig\u00eancias estatut\u00e1rias.\r\n\r\nA elei\u00e7\u00e3o ocorrer\u00e1 no dia 4 de junho, das 9h \u00e0s 18h.\r\n\r\nRespeitosamente,\r\n\r\n&nbsp;\r\n<p style=\"text-align: center;\">Jos\u00e9 Edmundo Barros de Lacerda\r\nMembro da Junta de Julgamento<\/p>\r\n<p style=\"text-align: center;\">Jos\u00e9 Valter Toledo Filho\r\nMembro da Junta de Julgamento<\/p>\r\n<p style=\"text-align: center;\">Marco Antonio Cardoso Silva\r\nMembro da Junta de Julgamento<\/p>\r\n&nbsp;\r\n\r\nChapa 1 \u201cAVAN\u00c7AR COM CONFIAN\u00c7A\u201d\r\n\r\n<strong>Presidente:<\/strong> Jos\u00e9 Ernane de Souza Brito (ES) 08\/02\/2011\r\n\r\n<strong>Vice-Presidente:<\/strong> Roberto Rodrigues de Oliveira (GO) 01\/01\/1993\r\n\r\n<strong>Diretora-Secret\u00e1ria:<\/strong> Val\u00e9ria Gomes Ferreira (SP) 17\/05\/2007\r\n\r\n<strong>Diretor-Administrativo:<\/strong> Achilles Linhares de Campos Frias (SC) 01\/07\/1998\r\n\r\n<strong>Diretor de Rela\u00e7\u00f5es Intersindicais:<\/strong> Caio Graco Nunes de S\u00e1 Pereira (PB) 13\/07\/2009\r\n\r\n<strong>Diretor de Assuntos Profissionais e Estudos T\u00e9cnicos:<\/strong> S\u00e9rgio Luis de Souza Carneiro (RJ) 01\/07\/1995\r\n\r\n<strong>Diretor de Assuntos Parlamentares:<\/strong> Rodrigo Oliveira Mellet (SP) 14\/07\/2010\r\n\r\n<strong>Diretor-Jur\u00eddico:<\/strong> Giuliano Menezes Campos (CE) 01\/07\/1998\r\n\r\n<strong>Diretor de Comunica\u00e7\u00e3o Social:<\/strong> Andr\u00e9 Emmanuel Barreto Campello (MA) 11\/03\/2004\r\n\r\n<strong>Diretora de Assuntos Relativos aos Aposentados e Servi\u00e7os Assistenciais:<\/strong> Ju\u00e7ara Valadares Lopes Faria (MG) 17\/08\/2000\r\n\r\n<strong>Diretora Cultural e de Eventos:<\/strong> Iolanda Guindani (RS) 04\/08\/2000\r\n\r\n<strong>Diretor Suplente:<\/strong> Juscelino de Melo Ferreira (PE) 05\/09\/2000\r\n\r\n<strong>Diretor Suplente:<\/strong> Carlos Alexandre Dias Torres (SP) 08\/05\/2009\r\n\r\n<strong>Diretor Suplente:<\/strong> Ricardo de Lima Souza Queiroz (BA) 04\/12\/2006\r\n\r\n<strong>Diretor Suplente:<\/strong> Sergio Andrade de Carvalho Filho (MT) 06\/12\/2016\r\n\r\nConfira o documento original com as assinaturas dos membros da Junta de Julgamento: <a href=\"https:\/\/www.sinprofaz.org.br\/pdfs\/comunicado-junta-de-julgamento.pdf\" target=\"_blank\" rel=\"noopener\">www.sinprofaz.org.br\/pdfs\/comunicado-junta-de-julgamento.pdf<\/a>","_links":{"self":[{"href":"https:\/\/sinprofaz.org.br\/2024\/wp-json\/wp\/v2\/posts\/9580"}],"collection":[{"href":"https:\/\/sinprofaz.org.br\/2024\/wp-json\/wp\/v2\/posts"}],"about":[{"href":"https:\/\/sinprofaz.org.br\/2024\/wp-json\/wp\/v2\/types\/post"}],"author":[{"embeddable":true,"href":"https:\/\/sinprofaz.org.br\/2024\/wp-json\/wp\/v2\/users\/2"}],"replies":[{"embeddable":true,"href":"https:\/\/sinprofaz.org.br\/2024\/wp-json\/wp\/v2\/comments?post=9580"}],"version-history":[{"count":3,"href":"https:\/\/sinprofaz.org.br\/2024\/wp-json\/wp\/v2\/posts\/9580\/revisions"}],"predecessor-version":[{"id":9588,"href":"https:\/\/sinprofaz.org.br\/2024\/wp-json\/wp\/v2\/posts\/9580\/revisions\/9588"}],"wp:attachment":[{"href":"https:\/\/sinprofaz.org.br\/2024\/wp-json\/wp\/v2\/media?parent=9580"}],"wp:term":[{"taxonomy":"category","embeddable":true,"href":"https:\/\/sinprofaz.org.br\/2024\/wp-json\/wp\/v2\/categories?post=9580"},{"taxonomy":"post_tag","embeddable":true,"href":"https:\/\/sinprofaz.org.br\/2024\/wp-json\/wp\/v2\/tags?post=9580"}],"curies":[{"name":"wp","href":"https:\/\/api.w.org\/{rel}","templated":true}]}}