{"id":957,"date":"2012-08-13T14:11:19","date_gmt":"2012-08-13T14:11:19","guid":{"rendered":""},"modified":"-0001-11-30T00:00:00","modified_gmt":"-0001-11-30T03:00:00","slug":"mobilizacao-em-brasilia-tambem-teve-atuacao-no-congresso","status":"publish","type":"post","link":"https:\/\/sinprofaz.org.br\/2024\/noticias\/mobilizacao-em-brasilia-tambem-teve-atuacao-no-congresso\/","title":{"rendered":"Mobiliza\u00e7\u00e3o em Bras\u00edlia tamb\u00e9m teve atua\u00e7\u00e3o no Congresso"},"content":{"rendered":"<p><img loading=\"lazy\" decoding=\"async\" style=\"margin-right: 10px; border: 1px solid #000000; float: left;\" alt=\"allan-palacios-dep-arnaldo-faria\" src=\"images\/noticias\/allan-palacio-dep\/allan-palacios-dep-arnaldo-faria.jpg\" height=\"154\" width=\"218\" \/>Durante o dia de atos p\u00fablicos na Esplanada, em 8 de agosto, SINPROFAZ cumpriu agenda legislativa no Congresso Nacional para refor\u00e7ar os principais pleitos das carreiras.<\/p>\n<p>As gest\u00f5es junto aos parlamentares foram muito al\u00e9m do pedido de apoio para a aprova\u00e7\u00e3o de reajuste salarial e da melhoria estrutural das carreiras. O presidente do Sindicato e outras lideran\u00e7as sindicais e associativas da Advocacia P\u00fablica Federal solicitaram o engajamento dos deputados e senadores para a implanta\u00e7\u00e3o da isonomia entre as Fun\u00e7\u00f5es Essenciais \u00e0 Justi\u00e7a.<\/p>\n<p>Os dirigentes lembraram aos parlamentares que as negocia\u00e7\u00f5es com o Governo Federal para a reposi\u00e7\u00e3o inflacion\u00e1ria j\u00e1 foram iniciadas, mas que as entidades est\u00e3o insatisfeitas com o prolongamento das tratativas e com a falta de propostas concretas.<\/p>\n<p>O Congresso Nacional funciona em regime especial nesse in\u00edcio de segundo semestre devido \u00e0s elei\u00e7\u00f5es municipais. \u00c9 o chamado recesso branco. Al\u00e9m disso, as aten\u00e7\u00f5es est\u00e3o divididas entre o julgamento da A\u00e7\u00e3o Penal 470, o mensal\u00e3o, no Supremo Tribunal Federal, e os desdobramentos da CPI do Cachoeira.<\/p>\n<p style=\"margin-top: 80px; text-align: center;\"><img decoding=\"async\" style=\"border: 1px solid #000000;\" title=\"Mobiliza\u00e7\u00e3o\" alt=\"Banner Mobiliza\u00e7\u00e3o\" src=\"\/images\/noticias\/mobilizacao2.gif\" \/><\/p>\n","protected":false},"excerpt":{"rendered":"<p>Durante o dia de atos p\u00fablicos na Esplanada, em 8 de agosto, SINPROFAZ cumpriu agenda legislativa no Congresso Nacional para refor\u00e7ar os principais pleitos das carreiras.<\/p>\n","protected":false},"author":1,"featured_media":0,"comment_status":"closed","ping_status":"open","sticky":false,"template":"","format":"standard","meta":{"footnotes":""},"categories":[8],"tags":[],"featured_image_url":"https:\/\/dummyimage.com\/720x400","character_count":563,"formatted_date":"13\/08\/2012 - 14:11","contentNovo":"\r\n<p>Durante o dia de atos p\u00fablicos na Esplanada, em 8 de agosto, SINPROFAZ cumpriu agenda legislativa no Congresso Nacional para refor\u00e7ar os principais pleitos das carreiras.<\/p>\r\n<p>As gest\u00f5es junto aos parlamentares foram muito al\u00e9m do pedido de apoio para a aprova\u00e7\u00e3o de reajuste salarial e da melhoria estrutural das carreiras. O presidente do Sindicato e outras lideran\u00e7as sindicais e associativas da Advocacia P\u00fablica Federal solicitaram o engajamento dos deputados e senadores para a implanta\u00e7\u00e3o da isonomia entre as Fun\u00e7\u00f5es Essenciais \u00e0 Justi\u00e7a.<\/p>\r\n<p>Os dirigentes lembraram aos parlamentares que as negocia\u00e7\u00f5es com o Governo Federal para a reposi\u00e7\u00e3o inflacion\u00e1ria j\u00e1 foram iniciadas, mas que as entidades est\u00e3o insatisfeitas com o prolongamento das tratativas e com a falta de propostas concretas.<\/p>\r\n<p>O Congresso Nacional funciona em regime especial nesse in\u00edcio de segundo semestre devido \u00e0s elei\u00e7\u00f5es municipais. \u00c9 o chamado recesso branco. Al\u00e9m disso, as aten\u00e7\u00f5es est\u00e3o divididas entre o julgamento da A\u00e7\u00e3o Penal 470, o mensal\u00e3o, no Supremo Tribunal Federal, e os desdobramentos da CPI do Cachoeira.<\/p>\r\n<p style=\"margin-top: 80px; text-align: center;\"><\/p>","_links":{"self":[{"href":"https:\/\/sinprofaz.org.br\/2024\/wp-json\/wp\/v2\/posts\/957"}],"collection":[{"href":"https:\/\/sinprofaz.org.br\/2024\/wp-json\/wp\/v2\/posts"}],"about":[{"href":"https:\/\/sinprofaz.org.br\/2024\/wp-json\/wp\/v2\/types\/post"}],"author":[{"embeddable":true,"href":"https:\/\/sinprofaz.org.br\/2024\/wp-json\/wp\/v2\/users\/1"}],"replies":[{"embeddable":true,"href":"https:\/\/sinprofaz.org.br\/2024\/wp-json\/wp\/v2\/comments?post=957"}],"version-history":[{"count":0,"href":"https:\/\/sinprofaz.org.br\/2024\/wp-json\/wp\/v2\/posts\/957\/revisions"}],"wp:attachment":[{"href":"https:\/\/sinprofaz.org.br\/2024\/wp-json\/wp\/v2\/media?parent=957"}],"wp:term":[{"taxonomy":"category","embeddable":true,"href":"https:\/\/sinprofaz.org.br\/2024\/wp-json\/wp\/v2\/categories?post=957"},{"taxonomy":"post_tag","embeddable":true,"href":"https:\/\/sinprofaz.org.br\/2024\/wp-json\/wp\/v2\/tags?post=957"}],"curies":[{"name":"wp","href":"https:\/\/api.w.org\/{rel}","templated":true}]}}