{"id":9564,"date":"2019-05-07T08:35:05","date_gmt":"2019-05-07T11:35:05","guid":{"rendered":"http:\/\/www.sinprofaz.org.br\/?p=9564"},"modified":"2019-05-07T18:15:12","modified_gmt":"2019-05-07T21:15:12","slug":"pfn-e-designado-diretor-de-subcomissao-de-advocacia-publica-e-tributacao","status":"publish","type":"post","link":"https:\/\/sinprofaz.org.br\/2024\/noticias\/pfn-e-designado-diretor-de-subcomissao-de-advocacia-publica-e-tributacao\/","title":{"rendered":"PFN \u00c9 DESIGNADO DIRETOR DE SUBCOMISS\u00c3O DE ADVOCACIA P\u00daBLICA E TRIBUTA\u00c7\u00c3O"},"content":{"rendered":"<p>A Comiss\u00e3o de Assuntos Tribut\u00e1rios da OAB\/DF (CAT\/DF), por meio de seu presidente, publicou, no dia 29 de abril, o <a href=\"https:\/\/www.sinprofaz.org.br\/pdfs\/ato-ordinario-n-2-subcomissao-de-advocacia-publica-e-tributac%CC%A7a%CC%83o.pdf\" target=\"_blank\" rel=\"noopener\">Ato Ordin\u00e1rio n.\u00ba 02<\/a>, por meio do qual instituiu a Subcomiss\u00e3o de Advocacia P\u00fablica e Tributa\u00e7\u00e3o e investiu o procurador da Fazenda Nacional filiado Leonardo Alvim na condi\u00e7\u00e3o de Consultor Especial, como coordenador e diretor.<\/p>\n<p>Para Leonardo Alvim, a Subcomiss\u00e3o \u00e9 mais um espa\u00e7o conquistado pela PGFN na OAB, por meio do qual os procuradores da Fazenda Nacional e demais membros da Advocacia P\u00fablica que tratem de mat\u00e9ria tribut\u00e1ria poder\u00e3o solicitar o aux\u00edlio da Ordem para o ajuizamento de a\u00e7\u00f5es em defesa dos advogados p\u00fablicos e de suas prerrogativas.<\/p>\n<p>A Subcomiss\u00e3o ser\u00e1 respons\u00e1vel ainda pela realiza\u00e7\u00e3o de programas de educa\u00e7\u00e3o fiscal e de semin\u00e1rios e congressos relativos \u00e0 mat\u00e9ria tribut\u00e1ria e a demais temas atinentes \u00e0 atividade dos advogados p\u00fablicos desta seara. Leonardo Alvim ressalta que a Subcomiss\u00e3o de Advocacia P\u00fablica e Assuntos Tribut\u00e1rios est\u00e1 \u00e0 disposi\u00e7\u00e3o dos Colegas da Carreira.<\/p>\n","protected":false},"excerpt":{"rendered":"<p>A Comiss\u00e3o de Assuntos Tribut\u00e1rios da OAB\/DF instituiu, no \u00faltimo dia 29 de abril, a Subcomiss\u00e3o de Advocacia P\u00fablica e Tributa\u00e7\u00e3o, tendo investido o procurador da Fazenda Nacional filiado Leonardo Alvim na condi\u00e7\u00e3o de Consultor Especial.<\/p>\n","protected":false},"author":2,"featured_media":9568,"comment_status":"open","ping_status":"open","sticky":false,"template":"","format":"standard","meta":{"footnotes":""},"categories":[8],"tags":[32,146,22],"featured_image_url":"https:\/\/sinprofaz.org.br\/2024\/wp-content\/uploads\/2019\/05\/01-3.jpg","character_count":531,"formatted_date":"07\/05\/2019 - 08:35","contentNovo":"A Comiss\u00e3o de Assuntos Tribut\u00e1rios da OAB\/DF (CAT\/DF), por meio de seu presidente, publicou, no dia 29 de abril, o <a href=\"https:\/\/www.sinprofaz.org.br\/pdfs\/ato-ordinario-n-2-subcomissao-de-advocacia-publica-e-tributac%CC%A7a%CC%83o.pdf\" target=\"_blank\" rel=\"noopener\">Ato Ordin\u00e1rio n.\u00ba 02<\/a>, por meio do qual instituiu a Subcomiss\u00e3o de Advocacia P\u00fablica e Tributa\u00e7\u00e3o e investiu o procurador da Fazenda Nacional filiado Leonardo Alvim na condi\u00e7\u00e3o de Consultor Especial, como coordenador e diretor.\r\n\r\nPara Leonardo Alvim, a Subcomiss\u00e3o \u00e9 mais um espa\u00e7o conquistado pela PGFN na OAB, por meio do qual os procuradores da Fazenda Nacional e demais membros da Advocacia P\u00fablica que tratem de mat\u00e9ria tribut\u00e1ria poder\u00e3o solicitar o aux\u00edlio da Ordem para o ajuizamento de a\u00e7\u00f5es em defesa dos advogados p\u00fablicos e de suas prerrogativas.\r\n\r\nA Subcomiss\u00e3o ser\u00e1 respons\u00e1vel ainda pela realiza\u00e7\u00e3o de programas de educa\u00e7\u00e3o fiscal e de semin\u00e1rios e congressos relativos \u00e0 mat\u00e9ria tribut\u00e1ria e a demais temas atinentes \u00e0 atividade dos advogados p\u00fablicos desta seara. Leonardo Alvim ressalta que a Subcomiss\u00e3o de Advocacia P\u00fablica e Assuntos Tribut\u00e1rios est\u00e1 \u00e0 disposi\u00e7\u00e3o dos Colegas da Carreira.","_links":{"self":[{"href":"https:\/\/sinprofaz.org.br\/2024\/wp-json\/wp\/v2\/posts\/9564"}],"collection":[{"href":"https:\/\/sinprofaz.org.br\/2024\/wp-json\/wp\/v2\/posts"}],"about":[{"href":"https:\/\/sinprofaz.org.br\/2024\/wp-json\/wp\/v2\/types\/post"}],"author":[{"embeddable":true,"href":"https:\/\/sinprofaz.org.br\/2024\/wp-json\/wp\/v2\/users\/2"}],"replies":[{"embeddable":true,"href":"https:\/\/sinprofaz.org.br\/2024\/wp-json\/wp\/v2\/comments?post=9564"}],"version-history":[{"count":7,"href":"https:\/\/sinprofaz.org.br\/2024\/wp-json\/wp\/v2\/posts\/9564\/revisions"}],"predecessor-version":[{"id":9579,"href":"https:\/\/sinprofaz.org.br\/2024\/wp-json\/wp\/v2\/posts\/9564\/revisions\/9579"}],"wp:featuredmedia":[{"embeddable":true,"href":"https:\/\/sinprofaz.org.br\/2024\/wp-json\/wp\/v2\/media\/9568"}],"wp:attachment":[{"href":"https:\/\/sinprofaz.org.br\/2024\/wp-json\/wp\/v2\/media?parent=9564"}],"wp:term":[{"taxonomy":"category","embeddable":true,"href":"https:\/\/sinprofaz.org.br\/2024\/wp-json\/wp\/v2\/categories?post=9564"},{"taxonomy":"post_tag","embeddable":true,"href":"https:\/\/sinprofaz.org.br\/2024\/wp-json\/wp\/v2\/tags?post=9564"}],"curies":[{"name":"wp","href":"https:\/\/api.w.org\/{rel}","templated":true}]}}