{"id":9557,"date":"2019-05-06T14:53:14","date_gmt":"2019-05-06T17:53:14","guid":{"rendered":"http:\/\/www.sinprofaz.org.br\/?p=9557"},"modified":"2019-05-06T14:53:25","modified_gmt":"2019-05-06T17:53:25","slug":"pfns-colaboram-como-coautores-de-obra-sobre-processo-tributario","status":"publish","type":"post","link":"https:\/\/sinprofaz.org.br\/2024\/noticias\/pfns-colaboram-como-coautores-de-obra-sobre-processo-tributario\/","title":{"rendered":"PFNS COLABORAM COMO COAUTORES DE OBRA SOBRE PROCESSO TRIBUT\u00c1RIO"},"content":{"rendered":"<p>A Carreira est\u00e1 convidada a participar do lan\u00e7amento da obra \u201cProcesso Tribut\u00e1rio\u201d, da editora F\u00f3rum. Trata-se de uma publica\u00e7\u00e3o de vanguarda, que analisa impactos do CPC\/2015 em v\u00e1rios aspectos do processo tribut\u00e1rio, sob a \u00f3tica de operadores atuantes nas mais variadas regi\u00f5es do pa\u00eds.<\/p>\n<p>A publica\u00e7\u00e3o \u00e9 coordenada pelos profs. Leonardo Buissa e Lucas Bevilacqua, doutores em Direito Econ\u00f4mico, Financeiro e Tribut\u00e1rio pela USP, e conta com a participa\u00e7\u00e3o, na qualidade de coautores, dos PFNs Elmo Duarte Jr. (delegado sindical em Goi\u00e1s), Phelippe Toledo (procurador-geral adjunto de Consultoria Tribut\u00e1ria e Previdenci\u00e1ria) e Rog\u00e9rio Campos (assessor especial da Secretaria Executiva do Minist\u00e9rio da Economia). <\/p>\n<p>O lan\u00e7amento ocorrer\u00e1 em Bras\u00edlia\/DF no dia 14 de maio, a partir das 19h, no Espa\u00e7o Cultural do STJ, e em Goi\u00e2nia\/GO, ao final do Semin\u00e1rio Macrovis\u00e3o do Processo Tribut\u00e1rio, no dia 20 de maio, \u00e0s 18h30. Mais informa\u00e7\u00f5es sobre o Semin\u00e1rio em <a href=\"http:\/\/bit.ly\/2J2KimD\" rel=\"noopener\" target=\"_blank\">bit.ly\/2J2KimD<\/a>.<\/p>\n\n\t\t<style type=\"text\/css\">\n\t\t\t#gallery-1 {\n\t\t\t\tmargin: auto;\n\t\t\t}\n\t\t\t#gallery-1 .gallery-item {\n\t\t\t\tfloat: left;\n\t\t\t\tmargin-top: 10px;\n\t\t\t\ttext-align: center;\n\t\t\t\twidth: 33%;\n\t\t\t}\n\t\t\t#gallery-1 img {\n\t\t\t\tborder: 2px solid #cfcfcf;\n\t\t\t}\n\t\t\t#gallery-1 .gallery-caption {\n\t\t\t\tmargin-left: 0;\n\t\t\t}\n\t\t\t\/* see gallery_shortcode() in wp-includes\/media.php *\/\n\t\t<\/style>\n\t\t<div id='gallery-1' class='gallery galleryid-9557 gallery-columns-3 gallery-size-thumbnail'><dl class='gallery-item'>\n\t\t\t<dt class='gallery-icon landscape'>\n\t\t\t\t<a href='https:\/\/sinprofaz.org.br\/2024\/wp-content\/uploads\/2019\/05\/02-1.jpg'><img loading=\"lazy\" decoding=\"async\" width=\"150\" height=\"150\" src=\"https:\/\/sinprofaz.org.br\/2024\/wp-content\/uploads\/2019\/05\/02-1-150x150.jpg\" class=\"attachment-thumbnail size-thumbnail\" alt=\"\" srcset=\"https:\/\/sinprofaz.org.br\/2024\/wp-content\/uploads\/2019\/05\/02-1-150x150.jpg 150w, https:\/\/sinprofaz.org.br\/2024\/wp-content\/uploads\/2019\/05\/02-1-300x300.jpg 300w, https:\/\/sinprofaz.org.br\/2024\/wp-content\/uploads\/2019\/05\/02-1-768x768.jpg 768w, https:\/\/sinprofaz.org.br\/2024\/wp-content\/uploads\/2019\/05\/02-1-315x315.jpg 315w, https:\/\/sinprofaz.org.br\/2024\/wp-content\/uploads\/2019\/05\/02-1-218x218.jpg 218w, https:\/\/sinprofaz.org.br\/2024\/wp-content\/uploads\/2019\/05\/02-1.jpg 800w\" sizes=\"(max-width: 150px) 100vw, 150px\" \/><\/a>\n\t\t\t<\/dt><\/dl><dl class='gallery-item'>\n\t\t\t<dt class='gallery-icon portrait'>\n\t\t\t\t<a href='https:\/\/sinprofaz.org.br\/2024\/wp-content\/uploads\/2019\/05\/03-1.jpg'><img loading=\"lazy\" decoding=\"async\" width=\"150\" height=\"150\" src=\"https:\/\/sinprofaz.org.br\/2024\/wp-content\/uploads\/2019\/05\/03-1-150x150.jpg\" class=\"attachment-thumbnail size-thumbnail\" alt=\"\" \/><\/a>\n\t\t\t<\/dt><\/dl>\n\t\t\t<br style='clear: both' \/>\n\t\t<\/div>\n\n","protected":false},"excerpt":{"rendered":"<p>A Carreira est\u00e1 convidada a participar do lan\u00e7amento da publica\u00e7\u00e3o \u201cProcesso Tribut\u00e1rio\u201d. Trata-se de uma obra de vanguarda, que analisa impactos do CPC\/15 em v\u00e1rios aspectos do processo tribut\u00e1rio, sob a \u00f3tica de operadores das mais variadas regi\u00f5es do pa\u00eds.<\/p>\n","protected":false},"author":2,"featured_media":9558,"comment_status":"open","ping_status":"open","sticky":false,"template":"","format":"standard","meta":{"footnotes":""},"categories":[8],"tags":[32,13,147],"featured_image_url":"https:\/\/sinprofaz.org.br\/2024\/wp-content\/uploads\/2019\/05\/01-1.jpg","character_count":690,"formatted_date":"06\/05\/2019 - 14:53","contentNovo":"A Carreira est\u00e1 convidada a participar do lan\u00e7amento da obra \u201cProcesso Tribut\u00e1rio\u201d, da editora F\u00f3rum. Trata-se de uma publica\u00e7\u00e3o de vanguarda, que analisa impactos do CPC\/2015 em v\u00e1rios aspectos do processo tribut\u00e1rio, sob a \u00f3tica de operadores atuantes nas mais variadas regi\u00f5es do pa\u00eds.\r\n\r\nA publica\u00e7\u00e3o \u00e9 coordenada pelos profs. Leonardo Buissa e Lucas Bevilacqua, doutores em Direito Econ\u00f4mico, Financeiro e Tribut\u00e1rio pela USP, e conta com a participa\u00e7\u00e3o, na qualidade de coautores, dos PFNs Elmo Duarte Jr. (delegado sindical em Goi\u00e1s), Phelippe Toledo (procurador-geral adjunto de Consultoria Tribut\u00e1ria e Previdenci\u00e1ria) e Rog\u00e9rio Campos (assessor especial da Secretaria Executiva do Minist\u00e9rio da Economia). \r\n\r\nO lan\u00e7amento ocorrer\u00e1 em Bras\u00edlia\/DF no dia 14 de maio, a partir das 19h, no Espa\u00e7o Cultural do STJ, e em Goi\u00e2nia\/GO, ao final do Semin\u00e1rio Macrovis\u00e3o do Processo Tribut\u00e1rio, no dia 20 de maio, \u00e0s 18h30. Mais informa\u00e7\u00f5es sobre o Semin\u00e1rio em <a href=\"http:\/\/bit.ly\/2J2KimD\" rel=\"noopener\" target=\"_blank\">bit.ly\/2J2KimD<\/a>.\r\n\r\n[gallery link=\"file\" ids=\"9559,9560\"]\r\n","_links":{"self":[{"href":"https:\/\/sinprofaz.org.br\/2024\/wp-json\/wp\/v2\/posts\/9557"}],"collection":[{"href":"https:\/\/sinprofaz.org.br\/2024\/wp-json\/wp\/v2\/posts"}],"about":[{"href":"https:\/\/sinprofaz.org.br\/2024\/wp-json\/wp\/v2\/types\/post"}],"author":[{"embeddable":true,"href":"https:\/\/sinprofaz.org.br\/2024\/wp-json\/wp\/v2\/users\/2"}],"replies":[{"embeddable":true,"href":"https:\/\/sinprofaz.org.br\/2024\/wp-json\/wp\/v2\/comments?post=9557"}],"version-history":[{"count":1,"href":"https:\/\/sinprofaz.org.br\/2024\/wp-json\/wp\/v2\/posts\/9557\/revisions"}],"predecessor-version":[{"id":9561,"href":"https:\/\/sinprofaz.org.br\/2024\/wp-json\/wp\/v2\/posts\/9557\/revisions\/9561"}],"wp:featuredmedia":[{"embeddable":true,"href":"https:\/\/sinprofaz.org.br\/2024\/wp-json\/wp\/v2\/media\/9558"}],"wp:attachment":[{"href":"https:\/\/sinprofaz.org.br\/2024\/wp-json\/wp\/v2\/media?parent=9557"}],"wp:term":[{"taxonomy":"category","embeddable":true,"href":"https:\/\/sinprofaz.org.br\/2024\/wp-json\/wp\/v2\/categories?post=9557"},{"taxonomy":"post_tag","embeddable":true,"href":"https:\/\/sinprofaz.org.br\/2024\/wp-json\/wp\/v2\/tags?post=9557"}],"curies":[{"name":"wp","href":"https:\/\/api.w.org\/{rel}","templated":true}]}}