{"id":9527,"date":"2019-04-26T08:38:26","date_gmt":"2019-04-26T11:38:26","guid":{"rendered":"http:\/\/www.sinprofaz.org.br\/?p=9527"},"modified":"2019-04-29T10:38:13","modified_gmt":"2019-04-29T13:38:13","slug":"delegado-fala-da-importancia-de-um-sindicato-forte-para-defesa-da-carreira","status":"publish","type":"post","link":"https:\/\/sinprofaz.org.br\/2024\/noticias\/delegado-fala-da-importancia-de-um-sindicato-forte-para-defesa-da-carreira\/","title":{"rendered":"DELEGADO FALA DA IMPORT\u00c2NCIA DE UM SINDICATO FORTE PARA DEFESA DA CARREIRA"},"content":{"rendered":"<p>Delegado sindical em Pernambuco, Paulo Mariano Vasconcelos acredita que muitos desafios ser\u00e3o impostos \u00e0 Carreira no atual momento pol\u00edtico. Segundo o delegado, para que os PFNs continuem conquistando vit\u00f3rias como a mais recente, em que a atua\u00e7\u00e3o do Sindicato evitou que um quadro alien\u00edgena ocupasse a Procuradoria-Geral da Fazenda Nacional, \u00e9 fundamental que o SINPROFAZ esteja fortalecido. <\/p>\n<p>&#8220;Grandes desafios h\u00e3o de vir, tanto para a defesa de prerrogativas j\u00e1 conquistadas, quanto para a expans\u00e3o dessas prerrogativas. Amea\u00e7as e ataques se fazem presentes. O per\u00edodo \u00e9 de tend\u00eancia neoliberal, de supress\u00e3o de direitos. Para nossa defesa, \u00e9 necess\u00e1rio que tenhamos um Sindicato forte, al\u00e9m da presen\u00e7a e uni\u00e3o de todos os Colegas.&#8221;<\/p>\n<p>Assista \u00e0 entrevista completa: <a href=\"http:\/\/twixar.me\/yjVK\" rel=\"noopener\" target=\"_blank\">http:\/\/twixar.me\/yjVK<\/a><\/p>\n","protected":false},"excerpt":{"rendered":"<p>Delegado em Pernambuco, Paulo Mariano acredita que muitos desafios ser\u00e3o impostos \u00e0 Carreira no atual momento pol\u00edtico. Segundo ele, para que os PFNs continuem conquistando vit\u00f3rias \u00e9 fundamental que o SINPROFAZ esteja fortalecido. Confira a entrevista.<\/p>\n","protected":false},"author":2,"featured_media":9528,"comment_status":"open","ping_status":"open","sticky":false,"template":"","format":"standard","meta":{"footnotes":""},"categories":[8],"tags":[41,32,25],"featured_image_url":"https:\/\/sinprofaz.org.br\/2024\/wp-content\/uploads\/2019\/04\/01-13.jpg","character_count":412,"formatted_date":"26\/04\/2019 - 08:38","contentNovo":"Delegado sindical em Pernambuco, Paulo Mariano Vasconcelos acredita que muitos desafios ser\u00e3o impostos \u00e0 Carreira no atual momento pol\u00edtico. Segundo o delegado, para que os PFNs continuem conquistando vit\u00f3rias como a mais recente, em que a atua\u00e7\u00e3o do Sindicato evitou que um quadro alien\u00edgena ocupasse a Procuradoria-Geral da Fazenda Nacional, \u00e9 fundamental que o SINPROFAZ esteja fortalecido. \r\n\r\n\"Grandes desafios h\u00e3o de vir, tanto para a defesa de prerrogativas j\u00e1 conquistadas, quanto para a expans\u00e3o dessas prerrogativas. Amea\u00e7as e ataques se fazem presentes. O per\u00edodo \u00e9 de tend\u00eancia neoliberal, de supress\u00e3o de direitos. Para nossa defesa, \u00e9 necess\u00e1rio que tenhamos um Sindicato forte, al\u00e9m da presen\u00e7a e uni\u00e3o de todos os Colegas.\"\r\n\r\nAssista \u00e0 entrevista completa: <a href=\"http:\/\/twixar.me\/yjVK\" rel=\"noopener\" target=\"_blank\">http:\/\/twixar.me\/yjVK<\/a>","_links":{"self":[{"href":"https:\/\/sinprofaz.org.br\/2024\/wp-json\/wp\/v2\/posts\/9527"}],"collection":[{"href":"https:\/\/sinprofaz.org.br\/2024\/wp-json\/wp\/v2\/posts"}],"about":[{"href":"https:\/\/sinprofaz.org.br\/2024\/wp-json\/wp\/v2\/types\/post"}],"author":[{"embeddable":true,"href":"https:\/\/sinprofaz.org.br\/2024\/wp-json\/wp\/v2\/users\/2"}],"replies":[{"embeddable":true,"href":"https:\/\/sinprofaz.org.br\/2024\/wp-json\/wp\/v2\/comments?post=9527"}],"version-history":[{"count":2,"href":"https:\/\/sinprofaz.org.br\/2024\/wp-json\/wp\/v2\/posts\/9527\/revisions"}],"predecessor-version":[{"id":9542,"href":"https:\/\/sinprofaz.org.br\/2024\/wp-json\/wp\/v2\/posts\/9527\/revisions\/9542"}],"wp:featuredmedia":[{"embeddable":true,"href":"https:\/\/sinprofaz.org.br\/2024\/wp-json\/wp\/v2\/media\/9528"}],"wp:attachment":[{"href":"https:\/\/sinprofaz.org.br\/2024\/wp-json\/wp\/v2\/media?parent=9527"}],"wp:term":[{"taxonomy":"category","embeddable":true,"href":"https:\/\/sinprofaz.org.br\/2024\/wp-json\/wp\/v2\/categories?post=9527"},{"taxonomy":"post_tag","embeddable":true,"href":"https:\/\/sinprofaz.org.br\/2024\/wp-json\/wp\/v2\/tags?post=9527"}],"curies":[{"name":"wp","href":"https:\/\/api.w.org\/{rel}","templated":true}]}}