{"id":9524,"date":"2019-04-25T08:54:13","date_gmt":"2019-04-25T11:54:13","guid":{"rendered":"http:\/\/www.sinprofaz.org.br\/?p=9524"},"modified":"2019-04-26T11:38:21","modified_gmt":"2019-04-26T14:38:21","slug":"para-professor-da-unb-direitos-constitucionais-estao-sendo-desprezados-no-pais","status":"publish","type":"post","link":"https:\/\/sinprofaz.org.br\/2024\/noticias\/para-professor-da-unb-direitos-constitucionais-estao-sendo-desprezados-no-pais\/","title":{"rendered":"PARA PROFESSOR DA UNB, DIREITOS CONSTITUCIONAIS EST\u00c3O SENDO DESPREZADOS NO PA\u00cdS"},"content":{"rendered":"<p>No 18\u00ba Encontro do SINPROFAZ, Marcelo Neves palestrou sobre os \u201cDescaminhos do Constitucionalismo no Brasil\u201d. Professor titular de Direito da Universidade de Bras\u00edlia &#8211; UnB, Marcelo Neves \u00e9 filho do PFN Jos\u00e9 Cavalcanti Neves, ex-procurador-geral da Fazenda Nacional (1963-1965), ex-presidente do Conselho Federal da OAB (1971-1973), ex-presidente da OAB-PE (1953-1971) e um dos mais antigos filiados do SINPROFAZ. <\/p>\n<p>&#8220;No atual contexto brasileiro, h\u00e1 a perspectiva do fundamentalismo religioso, o qual almeja que a religi\u00e3o prevale\u00e7a na pr\u00f3pria dimens\u00e3o constitucional. Quanto ao fundamentalismo econ\u00f4mico, o desejo \u00e9 que a l\u00f3gica do ganho prevale\u00e7a sobre os direitos. O constitucionalismo est\u00e1 sendo desprezado no pa\u00eds. Como juristas, precisamos lutar contra isso.&#8221; <\/p>\n<p>Assista \u00e0 entrevista completa: <a href=\"http:\/\/bit.ly\/2tUKcnx\" rel=\"noopener\" target=\"_blank\">bit.ly\/2tUKcnx<\/a><\/p>\n","protected":false},"excerpt":{"rendered":"<p>No 18\u00ba Encontro do SINPROFAZ, Marcelo Neves palestrou sobre os \u201cDescaminhos do Constitucionalismo no Brasil\u201d. Professor titular de Direito da Universidade de Bras\u00edlia &#8211; UnB, Marcelo Neves \u00e9 filho de Jos\u00e9 Cavalcanti Neves, ex-PGFN.<\/p>\n","protected":false},"author":2,"featured_media":9525,"comment_status":"open","ping_status":"open","sticky":false,"template":"","format":"standard","meta":{"footnotes":""},"categories":[8],"tags":[32,62,25],"featured_image_url":"https:\/\/sinprofaz.org.br\/2024\/wp-content\/uploads\/2019\/04\/01-12.jpg","character_count":425,"formatted_date":"25\/04\/2019 - 08:54","contentNovo":"No 18\u00ba Encontro do SINPROFAZ, Marcelo Neves palestrou sobre os \u201cDescaminhos do Constitucionalismo no Brasil\u201d. Professor titular de Direito da Universidade de Bras\u00edlia - UnB, Marcelo Neves \u00e9 filho do PFN Jos\u00e9 Cavalcanti Neves, ex-procurador-geral da Fazenda Nacional (1963-1965), ex-presidente do Conselho Federal da OAB (1971-1973), ex-presidente da OAB-PE (1953-1971) e um dos mais antigos filiados do SINPROFAZ. \r\n\r\n\"No atual contexto brasileiro, h\u00e1 a perspectiva do fundamentalismo religioso, o qual almeja que a religi\u00e3o prevale\u00e7a na pr\u00f3pria dimens\u00e3o constitucional. Quanto ao fundamentalismo econ\u00f4mico, o desejo \u00e9 que a l\u00f3gica do ganho prevale\u00e7a sobre os direitos. O constitucionalismo est\u00e1 sendo desprezado no pa\u00eds. Como juristas, precisamos lutar contra isso.\" \r\n\r\nAssista \u00e0 entrevista completa: <a href=\"http:\/\/bit.ly\/2tUKcnx\" rel=\"noopener\" target=\"_blank\">bit.ly\/2tUKcnx<\/a>","_links":{"self":[{"href":"https:\/\/sinprofaz.org.br\/2024\/wp-json\/wp\/v2\/posts\/9524"}],"collection":[{"href":"https:\/\/sinprofaz.org.br\/2024\/wp-json\/wp\/v2\/posts"}],"about":[{"href":"https:\/\/sinprofaz.org.br\/2024\/wp-json\/wp\/v2\/types\/post"}],"author":[{"embeddable":true,"href":"https:\/\/sinprofaz.org.br\/2024\/wp-json\/wp\/v2\/users\/2"}],"replies":[{"embeddable":true,"href":"https:\/\/sinprofaz.org.br\/2024\/wp-json\/wp\/v2\/comments?post=9524"}],"version-history":[{"count":2,"href":"https:\/\/sinprofaz.org.br\/2024\/wp-json\/wp\/v2\/posts\/9524\/revisions"}],"predecessor-version":[{"id":9530,"href":"https:\/\/sinprofaz.org.br\/2024\/wp-json\/wp\/v2\/posts\/9524\/revisions\/9530"}],"wp:featuredmedia":[{"embeddable":true,"href":"https:\/\/sinprofaz.org.br\/2024\/wp-json\/wp\/v2\/media\/9525"}],"wp:attachment":[{"href":"https:\/\/sinprofaz.org.br\/2024\/wp-json\/wp\/v2\/media?parent=9524"}],"wp:term":[{"taxonomy":"category","embeddable":true,"href":"https:\/\/sinprofaz.org.br\/2024\/wp-json\/wp\/v2\/categories?post=9524"},{"taxonomy":"post_tag","embeddable":true,"href":"https:\/\/sinprofaz.org.br\/2024\/wp-json\/wp\/v2\/tags?post=9524"}],"curies":[{"name":"wp","href":"https:\/\/api.w.org\/{rel}","templated":true}]}}