{"id":952,"date":"2012-08-09T18:17:27","date_gmt":"2012-08-09T18:17:27","guid":{"rendered":""},"modified":"-0001-11-30T00:00:00","modified_gmt":"-0001-11-30T03:00:00","slug":"advocacia-e-defensoria-publicas-federais-integram-grande-ato-publico-em-brasilia","status":"publish","type":"post","link":"https:\/\/sinprofaz.org.br\/2024\/noticias\/advocacia-e-defensoria-publicas-federais-integram-grande-ato-publico-em-brasilia\/","title":{"rendered":"Advocacia e Defensoria P\u00fablicas Federais integram grande ato p\u00fablico em Bras\u00edlia"},"content":{"rendered":"<p><img loading=\"lazy\" decoding=\"async\" style=\"margin-right: 10px; border: 1px solid #000000; float: left;\" alt=\"Advocacia e Defensoria P\u00fablicas Federais integram grande ato p\u00fablico em Bras\u00edlia\" src=\"images\/noticias\/mobilizacao-df-08-08-2012\/mobilizacao-df-08-08-2012-foto-05.jpg\" height=\"154\" width=\"218\" \/>Na tarde de ontem, 08\/08, foi realizada grande manifesta\u00e7\u00e3o no MPOG reunindo Advogados e Defensores P\u00fablicos Federais e outras Carreiras do servi\u00e7o p\u00fablico federal.<\/p>\n<p>Dirigentes do Forvm Nacional da Advocacia P\u00fablica Federal, da Unafe e da Anadef participaram do ato que contou com a ades\u00e3o de cerca de seis mil servidores reivindicando reajuste salarial, todos integrantes de Carreiras estrat\u00e9gicas para o funcionamento do Estado<\/p>\n<p>A manifesta\u00e7\u00e3o contou com o apoio dos deputados federais Ivan Valente (PSOL-SP), Chico Alencar (PSOL-RJ) e Arnaldo Faria de S\u00e1 (PTB-SP), os quais discursaram em favor das Carreiras e enfatizaram que os argumentos apresentados pelo Governo Federal para n\u00e3o conceder reajuste s\u00e3o enganosos e contradit\u00f3rios.<img loading=\"lazy\" decoding=\"async\" style=\"margin-left: 10px; margin-bottom: 5px; margin-top: 5px; border: 1px solid #000000; float: right;\" alt=\"Advocacia e Defensoria P\u00fablicas Federais integram grande ato p\u00fablico em Bras\u00edlia\" src=\"images\/noticias\/mobilizacao-df-08-08-2012\/mobilizacao-df-08-08-2012-foto-02.jpg\" height=\"100\" width=\"150\" \/><\/p>\n<p>O deputado Arnaldo Faria de S\u00e1 (PTB-SP) expressou seu incondicional apoio \u00e0 mobiliza\u00e7\u00e3o conjunta e \u00e0 Advocacia P\u00fablica Federal, criticando o Advogado-Geral da Uni\u00e3o pela edi\u00e7\u00e3o do Decreto 7.777\/2012, que permite a substitui\u00e7\u00e3o de servidores p\u00fablicos federais em greve, por equivalentes estaduais ou municipais mediante conv\u00eanio e o compartilhamento da execu\u00e7\u00e3o da atividade ou servi\u00e7o com Estados, Distrito Federal ou Munic\u00edpios.<\/p>\n<p>Os dirigentes da Advocacia P\u00fablica Federal enfatizaram no discurso que a afirma\u00e7\u00e3o do Governo de que a concess\u00e3o de reajuste s\u00f3 poder\u00e1 ser feita at\u00e9 o fim deste m\u00eas \u00e9 enganosa e que as carreiras devem continuar mobilizadas, uma vez que, at\u00e9 o \u00faltimo dia do ano, \u00e9 poss\u00edvel emendar o or\u00e7amento e incluir proposta de recomposi\u00e7\u00e3o remunerat\u00f3ria.<\/p>\n<p>Os l\u00edderes sindicais e associativos das carreiras que participaram do ato (Advocacia e Defensoria P\u00fablicas Federais, Auditoria do Fisco e do Trabalho, Delegados e Peritos da Pol\u00edcia Federal, do Ciclo de Gest\u00e3o e do N\u00facleo Financeiro, entre outras) destacaram que as paralisa\u00e7\u00f5es est\u00e3o sendo intensificadas e que, se n\u00e3o houver uma resposta do Governo, haver\u00e1 uma greve generalizada.<img loading=\"lazy\" decoding=\"async\" style=\"margin-left: 10px; margin-bottom: 5px; margin-top: 5px; border: 1px solid #000000; float: right;\" alt=\"Advocacia e Defensoria P\u00fablicas Federais integram grande ato p\u00fablico em Bras\u00edlia\" src=\"images\/noticias\/mobilizacao-df-08-08-2012\/mobilizacao-df-08-08-2012-foto-03.jpg\" height=\"100\" width=\"150\" \/><\/p>\n<p>Ap\u00f3s os discursos, os manifestantes caminharam da Esplanada dos Minist\u00e9rios at\u00e9 a Pra\u00e7a dos Tr\u00eas Poderes, onde a Pol\u00edcia Militar do Distrito Federal tentou impor restri\u00e7\u00e3o \u00e0 passagem, onde, ap\u00f3s rompida a barreira, postaram-se em frente ao Pal\u00e1cio do Planalto.<\/p>\n<h3>Pra\u00e7a dos Tr\u00eas Poderes<\/h3>\n<p>No in\u00edcio da tarde, paralelamente ao ato em frente ao MPOG, os Dirigentes do Forvm e da Unafe realizaram a exposi\u00e7\u00e3o de faixas e a entrega de panfletos nos sem\u00e1foros e estacionamentos do Senado, da C\u00e2mara e do Supremo Tribunal Federal.<\/p>\n<p>As mensagens das faixas enfatizaram a insatisfa\u00e7\u00e3o dos Advogados P\u00fablicos Federais com a disparidade remunerat\u00f3ria entre a Advocacia P\u00fablica Federal e as demais Fun\u00e7\u00f5es Essenciais \u00e0 Justi\u00e7a, pedindo a equipara\u00e7\u00e3o dos sal\u00e1rios imediatamente.<\/p>\n<p>&nbsp;<\/p>\n<p style=\"text-align: center;\"><img loading=\"lazy\" decoding=\"async\" style=\"margin-right: 5px; border: 1px solid #000000;\" alt=\"Advocacia e Defensoria P\u00fablicas Federais integram grande ato p\u00fablico em Bras\u00edlia\" src=\"images\/noticias\/mobilizacao-df-08-08-2012\/mobilizacao-df-08-08-2012-foto-01.jpg\" height=\"100\" width=\"150\" \/><img loading=\"lazy\" decoding=\"async\" style=\"margin-right: 5px; border: 1px solid #000000;\" alt=\"Advocacia e Defensoria P\u00fablicas Federais integram grande ato p\u00fablico em Bras\u00edlia\" src=\"images\/noticias\/mobilizacao-df-08-08-2012\/mobilizacao-df-08-08-2012-foto-04.jpg\" height=\"100\" width=\"150\" \/><img loading=\"lazy\" decoding=\"async\" style=\"margin-right: 5px; border: 1px solid #000000;\" alt=\"Advocacia e Defensoria P\u00fablicas Federais integram grande ato p\u00fablico em Bras\u00edlia\" src=\"images\/noticias\/mobilizacao-df-08-08-2012\/mobilizacao-df-08-08-2012-foto-06.jpg\" height=\"100\" width=\"150\" \/><img loading=\"lazy\" decoding=\"async\" style=\"border: 1px solid #000000;\" alt=\"Advocacia e Defensoria P\u00fablicas Federais integram grande ato p\u00fablico em Bras\u00edlia\" src=\"images\/noticias\/mobilizacao-df-08-08-2012\/mobilizacao-df-08-08-2012-foto-07.jpg\" height=\"100\" width=\"150\" \/><\/p>\n<p style=\"margin-top: 80px; text-align: center;\"><img decoding=\"async\" title=\"Mobiliza\u00e7\u00e3o\" alt=\"Banner Mobiliza\u00e7\u00e3o\" src=\"\/images\/noticias\/mobilizacao2.gif\" \/><\/p>\n","protected":false},"excerpt":{"rendered":"<p>Na tarde de ontem, 08\/08, foi realizada grande manifesta\u00e7\u00e3o no MPOG reunindo Advogados e Defensores P\u00fablicos Federais e outras Carreiras do servi\u00e7o p\u00fablico federal.<\/p>\n","protected":false},"author":1,"featured_media":0,"comment_status":"closed","ping_status":"open","sticky":false,"template":"","format":"standard","meta":{"footnotes":""},"categories":[8],"tags":[],"featured_image_url":"https:\/\/dummyimage.com\/720x400","character_count":1375,"formatted_date":"09\/08\/2012 - 18:17","contentNovo":"\r\n<p>Na tarde de ontem, 08\/08, foi realizada grande manifesta\u00e7\u00e3o no MPOG reunindo Advogados e Defensores P\u00fablicos Federais e outras Carreiras do servi\u00e7o p\u00fablico federal.<\/p>\r\n<p>Dirigentes do Forvm Nacional da Advocacia P\u00fablica Federal, da Unafe e da Anadef participaram do ato que contou com a ades\u00e3o de cerca de seis mil servidores reivindicando reajuste salarial, todos integrantes de Carreiras estrat\u00e9gicas para o funcionamento do Estado<\/p>\r\n<p>A manifesta\u00e7\u00e3o contou com o apoio dos deputados federais Ivan Valente (PSOL-SP), Chico Alencar (PSOL-RJ) e Arnaldo Faria de S\u00e1 (PTB-SP), os quais discursaram em favor das Carreiras e enfatizaram que os argumentos apresentados pelo Governo Federal para n\u00e3o conceder reajuste s\u00e3o enganosos e contradit\u00f3rios.<\/p>\r\n<p>O deputado Arnaldo Faria de S\u00e1 (PTB-SP) expressou seu incondicional apoio \u00e0 mobiliza\u00e7\u00e3o conjunta e \u00e0 Advocacia P\u00fablica Federal, criticando o Advogado-Geral da Uni\u00e3o pela edi\u00e7\u00e3o do Decreto 7.777\/2012, que permite a substitui\u00e7\u00e3o de servidores p\u00fablicos federais em greve, por equivalentes estaduais ou municipais mediante conv\u00eanio e o compartilhamento da execu\u00e7\u00e3o da atividade ou servi\u00e7o com Estados, Distrito Federal ou Munic\u00edpios.<\/p>\r\n<p>Os dirigentes da Advocacia P\u00fablica Federal enfatizaram no discurso que a afirma\u00e7\u00e3o do Governo de que a concess\u00e3o de reajuste s\u00f3 poder\u00e1 ser feita at\u00e9 o fim deste m\u00eas \u00e9 enganosa e que as carreiras devem continuar mobilizadas, uma vez que, at\u00e9 o \u00faltimo dia do ano, \u00e9 poss\u00edvel emendar o or\u00e7amento e incluir proposta de recomposi\u00e7\u00e3o remunerat\u00f3ria.<\/p>\r\n<p>Os l\u00edderes sindicais e associativos das carreiras que participaram do ato (Advocacia e Defensoria P\u00fablicas Federais, Auditoria do Fisco e do Trabalho, Delegados e Peritos da Pol\u00edcia Federal, do Ciclo de Gest\u00e3o e do N\u00facleo Financeiro, entre outras) destacaram que as paralisa\u00e7\u00f5es est\u00e3o sendo intensificadas e que, se n\u00e3o houver uma resposta do Governo, haver\u00e1 uma greve generalizada.<\/p>\r\n<p>Ap\u00f3s os discursos, os manifestantes caminharam da Esplanada dos Minist\u00e9rios at\u00e9 a Pra\u00e7a dos Tr\u00eas Poderes, onde a Pol\u00edcia Militar do Distrito Federal tentou impor restri\u00e7\u00e3o \u00e0 passagem, onde, ap\u00f3s rompida a barreira, postaram-se em frente ao Pal\u00e1cio do Planalto.<\/p>\r\nPra\u00e7a dos Tr\u00eas Poderes\r\n<p>No in\u00edcio da tarde, paralelamente ao ato em frente ao MPOG, os Dirigentes do Forvm e da Unafe realizaram a exposi\u00e7\u00e3o de faixas e a entrega de panfletos nos sem\u00e1foros e estacionamentos do Senado, da C\u00e2mara e do Supremo Tribunal Federal.<\/p>\r\n<p>As mensagens das faixas enfatizaram a insatisfa\u00e7\u00e3o dos Advogados P\u00fablicos Federais com a disparidade remunerat\u00f3ria entre a Advocacia P\u00fablica Federal e as demais Fun\u00e7\u00f5es Essenciais \u00e0 Justi\u00e7a, pedindo a equipara\u00e7\u00e3o dos sal\u00e1rios imediatamente.<\/p>\r\n<p>&nbsp;<\/p>\r\n<p style=\"text-align: center;\"><\/p>\r\n<p style=\"margin-top: 80px; text-align: center;\"><\/p>","_links":{"self":[{"href":"https:\/\/sinprofaz.org.br\/2024\/wp-json\/wp\/v2\/posts\/952"}],"collection":[{"href":"https:\/\/sinprofaz.org.br\/2024\/wp-json\/wp\/v2\/posts"}],"about":[{"href":"https:\/\/sinprofaz.org.br\/2024\/wp-json\/wp\/v2\/types\/post"}],"author":[{"embeddable":true,"href":"https:\/\/sinprofaz.org.br\/2024\/wp-json\/wp\/v2\/users\/1"}],"replies":[{"embeddable":true,"href":"https:\/\/sinprofaz.org.br\/2024\/wp-json\/wp\/v2\/comments?post=952"}],"version-history":[{"count":0,"href":"https:\/\/sinprofaz.org.br\/2024\/wp-json\/wp\/v2\/posts\/952\/revisions"}],"wp:attachment":[{"href":"https:\/\/sinprofaz.org.br\/2024\/wp-json\/wp\/v2\/media?parent=952"}],"wp:term":[{"taxonomy":"category","embeddable":true,"href":"https:\/\/sinprofaz.org.br\/2024\/wp-json\/wp\/v2\/categories?post=952"},{"taxonomy":"post_tag","embeddable":true,"href":"https:\/\/sinprofaz.org.br\/2024\/wp-json\/wp\/v2\/tags?post=952"}],"curies":[{"name":"wp","href":"https:\/\/api.w.org\/{rel}","templated":true}]}}