{"id":9516,"date":"2019-04-23T16:23:13","date_gmt":"2019-04-23T19:23:13","guid":{"rendered":"http:\/\/www.sinprofaz.org.br\/?p=9516"},"modified":"2019-04-23T16:32:56","modified_gmt":"2019-04-23T19:32:56","slug":"para-delegado-forca-do-sinprofaz-reflete-no-servico-publico-como-um-todo","status":"publish","type":"post","link":"https:\/\/sinprofaz.org.br\/2024\/noticias\/para-delegado-forca-do-sinprofaz-reflete-no-servico-publico-como-um-todo\/","title":{"rendered":"PARA DELEGADO, FOR\u00c7A DO SINPROFAZ REFLETE NO SERVI\u00c7O P\u00daBLICO COMO UM TODO"},"content":{"rendered":"<p>Durante a AGO 2019, o delegado sindical da Bahia Ricardo Queiroz concedeu entrevista \u00e0 TV SINPROFAZ. Segundo ele, \u00e9 preciso que a representatividade sindical seja reconhecida tamb\u00e9m por seu papel social. \u00c9 necess\u00e1rio ainda que o SINPROFAZ conte cada vez mais com a participa\u00e7\u00e3o dos filiados, aos quais compete, juntamente com os diretores e delegados, a miss\u00e3o de criticar, sugerir e elogiar.<\/p>\n<p>&#8220;Talvez o mais importante da representatividade sindical seja o dever de cidadania que por ela \u00e9 envolvido. Trabalhamos para buscar legitimamente as conquistas para a Carreira e tamb\u00e9m para o servi\u00e7o p\u00fablico. \u00c9 fundamental que os PFNs tenham a consci\u00eancia da import\u00e2ncia da representatividade e que participem cada vez mais. O fortalecimento do SINPROFAZ gera, intrinsecamente, o fortalecimento da Carreira e do servi\u00e7o p\u00fablico como um todo.&#8221;<\/p>\n<p>Assista \u00e0 \u00edntegra do v\u00eddeo: <a href=\"https:\/\/www.youtube.com\/watch?v=GGZ8XSNyT8I&amp;feature=youtu.be\" target=\"_blank\" rel=\"noopener\">youtu.be\/GGZ8XSNyT8I<\/a><\/p>\n","protected":false},"excerpt":{"rendered":"<p>Durante a AGO 2019, o delegado sindical da Bahia Ricardo Queiroz concedeu entrevista \u00e0 TV SINPROFAZ. Segundo ele, \u00e9 preciso que o SINPROFAZ conte cada vez mais com a participa\u00e7\u00e3o dos filiados, aos quais compete a miss\u00e3o de criticar, sugerir e elogiar.<\/p>\n","protected":false},"author":2,"featured_media":9521,"comment_status":"open","ping_status":"open","sticky":false,"template":"","format":"standard","meta":{"footnotes":""},"categories":[8],"tags":[41,32,25],"featured_image_url":"https:\/\/sinprofaz.org.br\/2024\/wp-content\/uploads\/2019\/04\/2.png","character_count":459,"formatted_date":"23\/04\/2019 - 16:23","contentNovo":"Durante a AGO 2019, o delegado sindical da Bahia Ricardo Queiroz concedeu entrevista \u00e0 TV SINPROFAZ. Segundo ele, \u00e9 preciso que a representatividade sindical seja reconhecida tamb\u00e9m por seu papel social. \u00c9 necess\u00e1rio ainda que o SINPROFAZ conte cada vez mais com a participa\u00e7\u00e3o dos filiados, aos quais compete, juntamente com os diretores e delegados, a miss\u00e3o de criticar, sugerir e elogiar.\r\n\r\n\"Talvez o mais importante da representatividade sindical seja o dever de cidadania que por ela \u00e9 envolvido. Trabalhamos para buscar legitimamente as conquistas para a Carreira e tamb\u00e9m para o servi\u00e7o p\u00fablico. \u00c9 fundamental que os PFNs tenham a consci\u00eancia da import\u00e2ncia da representatividade e que participem cada vez mais. O fortalecimento do SINPROFAZ gera, intrinsecamente, o fortalecimento da Carreira e do servi\u00e7o p\u00fablico como um todo.\"\r\n\r\nAssista \u00e0 \u00edntegra do v\u00eddeo: <a href=\"https:\/\/www.youtube.com\/watch?v=GGZ8XSNyT8I&amp;feature=youtu.be\" target=\"_blank\" rel=\"noopener\">youtu.be\/GGZ8XSNyT8I<\/a>","_links":{"self":[{"href":"https:\/\/sinprofaz.org.br\/2024\/wp-json\/wp\/v2\/posts\/9516"}],"collection":[{"href":"https:\/\/sinprofaz.org.br\/2024\/wp-json\/wp\/v2\/posts"}],"about":[{"href":"https:\/\/sinprofaz.org.br\/2024\/wp-json\/wp\/v2\/types\/post"}],"author":[{"embeddable":true,"href":"https:\/\/sinprofaz.org.br\/2024\/wp-json\/wp\/v2\/users\/2"}],"replies":[{"embeddable":true,"href":"https:\/\/sinprofaz.org.br\/2024\/wp-json\/wp\/v2\/comments?post=9516"}],"version-history":[{"count":3,"href":"https:\/\/sinprofaz.org.br\/2024\/wp-json\/wp\/v2\/posts\/9516\/revisions"}],"predecessor-version":[{"id":9520,"href":"https:\/\/sinprofaz.org.br\/2024\/wp-json\/wp\/v2\/posts\/9516\/revisions\/9520"}],"wp:featuredmedia":[{"embeddable":true,"href":"https:\/\/sinprofaz.org.br\/2024\/wp-json\/wp\/v2\/media\/9521"}],"wp:attachment":[{"href":"https:\/\/sinprofaz.org.br\/2024\/wp-json\/wp\/v2\/media?parent=9516"}],"wp:term":[{"taxonomy":"category","embeddable":true,"href":"https:\/\/sinprofaz.org.br\/2024\/wp-json\/wp\/v2\/categories?post=9516"},{"taxonomy":"post_tag","embeddable":true,"href":"https:\/\/sinprofaz.org.br\/2024\/wp-json\/wp\/v2\/tags?post=9516"}],"curies":[{"name":"wp","href":"https:\/\/api.w.org\/{rel}","templated":true}]}}