{"id":9500,"date":"2019-04-22T08:46:43","date_gmt":"2019-04-22T11:46:43","guid":{"rendered":"http:\/\/www.sinprofaz.org.br\/?p=9500"},"modified":"2019-04-22T16:19:53","modified_gmt":"2019-04-22T19:19:53","slug":"delegado-exalta-atuacao-do-sinprofaz-para-inserir-a-carreira-no-debate-politico","status":"publish","type":"post","link":"https:\/\/sinprofaz.org.br\/2024\/noticias\/delegado-exalta-atuacao-do-sinprofaz-para-inserir-a-carreira-no-debate-politico\/","title":{"rendered":"DELEGADO EXALTA ATUA\u00c7\u00c3O DO SINPROFAZ PARA INSERIR A CARREIRA NO DEBATE POL\u00cdTICO"},"content":{"rendered":"<p>Em Mato Grosso, o SINPROFAZ \u00e9 representado pelo delegado sindical S\u00e9rgio Andrade. Em entrevista concedida durante a AGO 2019, o PFN abordou a representatividade sindical que, para ele, ganha ainda mais import\u00e2ncia diante de um novo cen\u00e1rio pol\u00edtico. Segundo Andrade, essa import\u00e2ncia \u00e9 reconhecida pelos Colegas, que se interessam em acompanhar e participar da atua\u00e7\u00e3o do SINPROFAZ.<\/p>\n<p>&#8220;Como Fun\u00e7\u00e3o Essencial \u00e0 Justi\u00e7a, precisamos ter uma coloca\u00e7\u00e3o no ambiente de discuss\u00f5es pol\u00edticas. O Sindicato faz essa ponte e mant\u00e9m a Carreira nesse plano de relev\u00e2ncia e de di\u00e1logo institucional e pol\u00edtico.&#8221;<\/p>\n<p>Assista \u00e0 entrevista completa: <a href=\"http:\/\/youtu.be\/EdoyW3jaVDk\" target=\"_blank\" rel=\"noopener\">youtu.be\/EdoyW3jaVDk<\/a><\/p>\n","protected":false},"excerpt":{"rendered":"<p>Em Mato Grosso, o SINPROFAZ \u00e9 representado pelo delegado S\u00e9rgio Andrade. Em entrevista concedida durante a AGO 2019, o PFN abordou a representatividade sindical, que ganha ainda mais import\u00e2ncia no novo cen\u00e1rio pol\u00edtico.<\/p>\n","protected":false},"author":2,"featured_media":9501,"comment_status":"open","ping_status":"open","sticky":false,"template":"","format":"standard","meta":{"footnotes":""},"categories":[8],"tags":[41,32,25],"featured_image_url":"https:\/\/sinprofaz.org.br\/2024\/wp-content\/uploads\/2019\/04\/01-9.jpg","character_count":341,"formatted_date":"22\/04\/2019 - 08:46","contentNovo":"Em Mato Grosso, o SINPROFAZ \u00e9 representado pelo delegado sindical S\u00e9rgio Andrade. Em entrevista concedida durante a AGO 2019, o PFN abordou a representatividade sindical que, para ele, ganha ainda mais import\u00e2ncia diante de um novo cen\u00e1rio pol\u00edtico. Segundo Andrade, essa import\u00e2ncia \u00e9 reconhecida pelos Colegas, que se interessam em acompanhar e participar da atua\u00e7\u00e3o do SINPROFAZ.\r\n\r\n\"Como Fun\u00e7\u00e3o Essencial \u00e0 Justi\u00e7a, precisamos ter uma coloca\u00e7\u00e3o no ambiente de discuss\u00f5es pol\u00edticas. O Sindicato faz essa ponte e mant\u00e9m a Carreira nesse plano de relev\u00e2ncia e de di\u00e1logo institucional e pol\u00edtico.\"\r\n\r\nAssista \u00e0 entrevista completa: <a href=\"http:\/\/youtu.be\/EdoyW3jaVDk\" target=\"_blank\" rel=\"noopener\">youtu.be\/EdoyW3jaVDk<\/a>","_links":{"self":[{"href":"https:\/\/sinprofaz.org.br\/2024\/wp-json\/wp\/v2\/posts\/9500"}],"collection":[{"href":"https:\/\/sinprofaz.org.br\/2024\/wp-json\/wp\/v2\/posts"}],"about":[{"href":"https:\/\/sinprofaz.org.br\/2024\/wp-json\/wp\/v2\/types\/post"}],"author":[{"embeddable":true,"href":"https:\/\/sinprofaz.org.br\/2024\/wp-json\/wp\/v2\/users\/2"}],"replies":[{"embeddable":true,"href":"https:\/\/sinprofaz.org.br\/2024\/wp-json\/wp\/v2\/comments?post=9500"}],"version-history":[{"count":2,"href":"https:\/\/sinprofaz.org.br\/2024\/wp-json\/wp\/v2\/posts\/9500\/revisions"}],"predecessor-version":[{"id":9514,"href":"https:\/\/sinprofaz.org.br\/2024\/wp-json\/wp\/v2\/posts\/9500\/revisions\/9514"}],"wp:featuredmedia":[{"embeddable":true,"href":"https:\/\/sinprofaz.org.br\/2024\/wp-json\/wp\/v2\/media\/9501"}],"wp:attachment":[{"href":"https:\/\/sinprofaz.org.br\/2024\/wp-json\/wp\/v2\/media?parent=9500"}],"wp:term":[{"taxonomy":"category","embeddable":true,"href":"https:\/\/sinprofaz.org.br\/2024\/wp-json\/wp\/v2\/categories?post=9500"},{"taxonomy":"post_tag","embeddable":true,"href":"https:\/\/sinprofaz.org.br\/2024\/wp-json\/wp\/v2\/tags?post=9500"}],"curies":[{"name":"wp","href":"https:\/\/api.w.org\/{rel}","templated":true}]}}