{"id":949,"date":"2012-08-08T16:53:37","date_gmt":"2012-08-08T16:53:37","guid":{"rendered":""},"modified":"-0001-11-30T00:00:00","modified_gmt":"-0001-11-30T03:00:00","slug":"fim-da-contribuicao-de-inativos-consolida-apoios-na-camara","status":"publish","type":"post","link":"https:\/\/sinprofaz.org.br\/2024\/noticias\/fim-da-contribuicao-de-inativos-consolida-apoios-na-camara\/","title":{"rendered":"Fim da contribui\u00e7\u00e3o de inativos consolida apoios na C\u00e2mara"},"content":{"rendered":"<p>Centenas de pessoas comparecerem ao audit\u00f3rio Nereu Ramos, da C\u00e2mara dos Deputados, para cobrar a inclus\u00e3o da PEC 555\/2006 na Ordem do Dia do Plen\u00e1rio. A proposta de Emenda \u00e0 Constitui\u00e7\u00e3o, de autoria do ex-deputado Carlos Mota, acaba com a contribui\u00e7\u00e3o previdenci\u00e1ria de 11% sobre o benef\u00edcio de inativos que excede o teto do Instituto Nacional do Seguro Social (INSS) de R$ 3916,00.<\/p>\n<p>O ato desta ter\u00e7a-feira, 7 de agosto, foi promovido pelo Movimento Nacional dos Servidores P\u00fablicos Aposentados e Pensionistas (Mosap). Foi o presidente do Mosap, Edison Guilherme Haubert, que coordenou a mesa de abertura do evento.<\/p>\n<p>Edison Haubert confirmou que a meta \u00e9 votar a PEC no Plen\u00e1rio da C\u00e2mara. \u201cNosso objetivo \u00e9 que cada parlamentar apresente um requerimento ao presidente da C\u00e2mara, Marco Maia, para que ele coloque a PEC em discuss\u00e3o no Plen\u00e1rio\u201d, destacou.<\/p>\n<p>V\u00e1rios deputados compareceram ao ato e manifestaram apoio \u00e0 aprova\u00e7\u00e3o da PEC 555. O l\u00edder do PSC na C\u00e2mara, deputado Andr\u00e9 Moura (SE), lembrou que a Casa s\u00f3 funciona com press\u00e3o. \u201cEssa PEC pode ser colocada em vota\u00e7\u00e3o, basta ter boa vontade\u201d, disse. Os deputados Andr\u00e9 Figueiredo (PDT\/CE), Antonio Bulh\u00f5es (PRB\/SP) e Antonio Carlos Magalh\u00e3es Neto (DEM\/BA) tamb\u00e9m registraram apoio \u00e0 mat\u00e9ria.<\/p>\n<p>O ex-deputado Carlos Mota, autor da PEC, relatou que a semente plantada com maior carinho na passagem pela C\u00e2mara foi justamente a 555. \u201cA contribui\u00e7\u00e3o dos inativos \u00e9 uma tunga que o governo perpetrou contra os aposentados. \u00c9 um atentado \u00e0 l\u00f3gica cobrar contribui\u00e7\u00e3o dos aposentados\u201d, justificou.<\/p>\n<p>A PEC espera por vota\u00e7\u00e3o desde 2010 e, na semana passada, mais tr\u00eas deputados apresentaram requerimento para o pedido de inclus\u00e3o da mat\u00e9ria na ordem do dia da C\u00e2mara.<\/p>\n<p style=\"margin-top: 80px; text-align: center;\"><img decoding=\"async\" title=\"Mobiliza\u00e7\u00e3o\" alt=\"Banner Mobiliza\u00e7\u00e3o\" src=\"\/s\/images\/stories\/mobilizacao2.gif\" \/><\/p>\n","protected":false},"excerpt":{"rendered":"<p>SINPROFAZ, representado pelo diretor de Assuntos Relativos aos Aposentados e Servi\u00e7os, Jos\u00e9 Vila\u00e7o da Silva, marcou presen\u00e7a em evento de ades\u00e3o \u00e0 PEC 555\/06.<\/p>\n","protected":false},"author":1,"featured_media":0,"comment_status":"closed","ping_status":"open","sticky":false,"template":"","format":"standard","meta":{"footnotes":""},"categories":[8],"tags":[],"featured_image_url":"https:\/\/dummyimage.com\/720x400","character_count":889,"formatted_date":"08\/08\/2012 - 16:53","contentNovo":"\r\n<p>Centenas de pessoas comparecerem ao audit\u00f3rio Nereu Ramos, da C\u00e2mara dos Deputados, para cobrar a inclus\u00e3o da PEC 555\/2006 na Ordem do Dia do Plen\u00e1rio. A proposta de Emenda \u00e0 Constitui\u00e7\u00e3o, de autoria do ex-deputado Carlos Mota, acaba com a contribui\u00e7\u00e3o previdenci\u00e1ria de 11% sobre o benef\u00edcio de inativos que excede o teto do Instituto Nacional do Seguro Social (INSS) de R$ 3916,00.<\/p>\r\n<p>O ato desta ter\u00e7a-feira, 7 de agosto, foi promovido pelo Movimento Nacional dos Servidores P\u00fablicos Aposentados e Pensionistas (Mosap). Foi o presidente do Mosap, Edison Guilherme Haubert, que coordenou a mesa de abertura do evento.<\/p>\r\n<p>Edison Haubert confirmou que a meta \u00e9 votar a PEC no Plen\u00e1rio da C\u00e2mara. \u201cNosso objetivo \u00e9 que cada parlamentar apresente um requerimento ao presidente da C\u00e2mara, Marco Maia, para que ele coloque a PEC em discuss\u00e3o no Plen\u00e1rio\u201d, destacou.<\/p>\r\n<p>V\u00e1rios deputados compareceram ao ato e manifestaram apoio \u00e0 aprova\u00e7\u00e3o da PEC 555. O l\u00edder do PSC na C\u00e2mara, deputado Andr\u00e9 Moura (SE), lembrou que a Casa s\u00f3 funciona com press\u00e3o. \u201cEssa PEC pode ser colocada em vota\u00e7\u00e3o, basta ter boa vontade\u201d, disse. Os deputados Andr\u00e9 Figueiredo (PDT\/CE), Antonio Bulh\u00f5es (PRB\/SP) e Antonio Carlos Magalh\u00e3es Neto (DEM\/BA) tamb\u00e9m registraram apoio \u00e0 mat\u00e9ria.<\/p>\r\n<p>O ex-deputado Carlos Mota, autor da PEC, relatou que a semente plantada com maior carinho na passagem pela C\u00e2mara foi justamente a 555. \u201cA contribui\u00e7\u00e3o dos inativos \u00e9 uma tunga que o governo perpetrou contra os aposentados. \u00c9 um atentado \u00e0 l\u00f3gica cobrar contribui\u00e7\u00e3o dos aposentados\u201d, justificou.<\/p>\r\n<p>A PEC espera por vota\u00e7\u00e3o desde 2010 e, na semana passada, mais tr\u00eas deputados apresentaram requerimento para o pedido de inclus\u00e3o da mat\u00e9ria na ordem do dia da C\u00e2mara.<\/p>\r\n<p style=\"margin-top: 80px; text-align: center;\"><\/p>","_links":{"self":[{"href":"https:\/\/sinprofaz.org.br\/2024\/wp-json\/wp\/v2\/posts\/949"}],"collection":[{"href":"https:\/\/sinprofaz.org.br\/2024\/wp-json\/wp\/v2\/posts"}],"about":[{"href":"https:\/\/sinprofaz.org.br\/2024\/wp-json\/wp\/v2\/types\/post"}],"author":[{"embeddable":true,"href":"https:\/\/sinprofaz.org.br\/2024\/wp-json\/wp\/v2\/users\/1"}],"replies":[{"embeddable":true,"href":"https:\/\/sinprofaz.org.br\/2024\/wp-json\/wp\/v2\/comments?post=949"}],"version-history":[{"count":0,"href":"https:\/\/sinprofaz.org.br\/2024\/wp-json\/wp\/v2\/posts\/949\/revisions"}],"wp:attachment":[{"href":"https:\/\/sinprofaz.org.br\/2024\/wp-json\/wp\/v2\/media?parent=949"}],"wp:term":[{"taxonomy":"category","embeddable":true,"href":"https:\/\/sinprofaz.org.br\/2024\/wp-json\/wp\/v2\/categories?post=949"},{"taxonomy":"post_tag","embeddable":true,"href":"https:\/\/sinprofaz.org.br\/2024\/wp-json\/wp\/v2\/tags?post=949"}],"curies":[{"name":"wp","href":"https:\/\/api.w.org\/{rel}","templated":true}]}}