{"id":947,"date":"2012-08-07T16:57:11","date_gmt":"2012-08-07T16:57:11","guid":{"rendered":""},"modified":"-0001-11-30T00:00:00","modified_gmt":"-0001-11-30T03:00:00","slug":"pfn-participe-amanha-88-de-grande-mobilizacao-de-servidores-em-brasilia","status":"publish","type":"post","link":"https:\/\/sinprofaz.org.br\/2024\/noticias\/pfn-participe-amanha-88-de-grande-mobilizacao-de-servidores-em-brasilia\/","title":{"rendered":"PFN, participe amanh\u00e3, 8\/8, de grande mobiliza\u00e7\u00e3o de servidores em Bras\u00edlia"},"content":{"rendered":"<p>O Forvm Nacional da Advocacia P\u00fablica Federal (Anajur, Anpaf, Anpprev, Apbc, Apaferj e Sinprofaz) convoca todos os membros associados para grande mobiliza\u00e7\u00e3o em conjunto com diversas entidades que representam as carreiras da Advocacia e Defensoria P\u00fablicas Federais, Auditoria do Fisco e do Trabalho, Delegados e Peritos da Pol\u00edcia Federal e do Ciclo de Gest\u00e3o e do N\u00facleo Financeiro.<\/p>\n<p>Haver\u00e1 panfletagem nas imedia\u00e7\u00f5es da Pra\u00e7a dos Tr\u00eas Poderes e nas entradas do Congresso Nacional. Os Advogados e Defensores P\u00fablicos Federais v\u00e3o se concentrar na sede do Minist\u00e9rio do Planejamento a partir das 15h.<\/p>\n<p>O prop\u00f3sito dos atos dessa quarta-feira \u00e9 intensificar as press\u00f5es sobre o Governo Federal para ado\u00e7\u00e3o de medidas concretas no sentido da recomposi\u00e7\u00e3o remunerat\u00f3ria, respeitando as pautas espec\u00edficas de cada carreira.<\/p>\n<p>\u00c9 preciso continuar intensificando o movimento para que o Governo Federal apresente propostas reais em rela\u00e7\u00e3o \u00e0 negocia\u00e7\u00e3o salarial, que embora corram em mesas separadas, vem recebendo o mesmo tratamento de descaso do Governo Federal.<\/p>\n<p style=\"margin-top: 80px; text-align: center;\"><img decoding=\"async\" style=\"border: 1px solid #000000;\" title=\"Mobiliza\u00e7\u00e3o\" alt=\"Banner Mobiliza\u00e7\u00e3o\" src=\"\/images\/noticias\/mobilizacao2.gif\" \/><\/p>\n","protected":false},"excerpt":{"rendered":"<p>Os atos v\u00e3o ocorrer em v\u00e1rios pontos da Esplanada dos Minist\u00e9rios. Concentra\u00e7\u00e3o de Advogados e Defensores P\u00fablicos Federais ser\u00e1 no MPOG a partir das 15h.<\/p>\n","protected":false},"author":1,"featured_media":0,"comment_status":"closed","ping_status":"open","sticky":false,"template":"","format":"standard","meta":{"footnotes":""},"categories":[8],"tags":[],"featured_image_url":"https:\/\/dummyimage.com\/720x400","character_count":543,"formatted_date":"07\/08\/2012 - 16:57","contentNovo":"\r\n<p>O Forvm Nacional da Advocacia P\u00fablica Federal (Anajur, Anpaf, Anpprev, Apbc, Apaferj e Sinprofaz) convoca todos os membros associados para grande mobiliza\u00e7\u00e3o em conjunto com diversas entidades que representam as carreiras da Advocacia e Defensoria P\u00fablicas Federais, Auditoria do Fisco e do Trabalho, Delegados e Peritos da Pol\u00edcia Federal e do Ciclo de Gest\u00e3o e do N\u00facleo Financeiro.<\/p>\r\n<p>Haver\u00e1 panfletagem nas imedia\u00e7\u00f5es da Pra\u00e7a dos Tr\u00eas Poderes e nas entradas do Congresso Nacional. Os Advogados e Defensores P\u00fablicos Federais v\u00e3o se concentrar na sede do Minist\u00e9rio do Planejamento a partir das 15h.<\/p>\r\n<p>O prop\u00f3sito dos atos dessa quarta-feira \u00e9 intensificar as press\u00f5es sobre o Governo Federal para ado\u00e7\u00e3o de medidas concretas no sentido da recomposi\u00e7\u00e3o remunerat\u00f3ria, respeitando as pautas espec\u00edficas de cada carreira.<\/p>\r\n<p>\u00c9 preciso continuar intensificando o movimento para que o Governo Federal apresente propostas reais em rela\u00e7\u00e3o \u00e0 negocia\u00e7\u00e3o salarial, que embora corram em mesas separadas, vem recebendo o mesmo tratamento de descaso do Governo Federal.<\/p>\r\n<p style=\"margin-top: 80px; text-align: center;\"><\/p>","_links":{"self":[{"href":"https:\/\/sinprofaz.org.br\/2024\/wp-json\/wp\/v2\/posts\/947"}],"collection":[{"href":"https:\/\/sinprofaz.org.br\/2024\/wp-json\/wp\/v2\/posts"}],"about":[{"href":"https:\/\/sinprofaz.org.br\/2024\/wp-json\/wp\/v2\/types\/post"}],"author":[{"embeddable":true,"href":"https:\/\/sinprofaz.org.br\/2024\/wp-json\/wp\/v2\/users\/1"}],"replies":[{"embeddable":true,"href":"https:\/\/sinprofaz.org.br\/2024\/wp-json\/wp\/v2\/comments?post=947"}],"version-history":[{"count":0,"href":"https:\/\/sinprofaz.org.br\/2024\/wp-json\/wp\/v2\/posts\/947\/revisions"}],"wp:attachment":[{"href":"https:\/\/sinprofaz.org.br\/2024\/wp-json\/wp\/v2\/media?parent=947"}],"wp:term":[{"taxonomy":"category","embeddable":true,"href":"https:\/\/sinprofaz.org.br\/2024\/wp-json\/wp\/v2\/categories?post=947"},{"taxonomy":"post_tag","embeddable":true,"href":"https:\/\/sinprofaz.org.br\/2024\/wp-json\/wp\/v2\/tags?post=947"}],"curies":[{"name":"wp","href":"https:\/\/api.w.org\/{rel}","templated":true}]}}