{"id":9448,"date":"2019-04-15T08:38:18","date_gmt":"2019-04-15T11:38:18","guid":{"rendered":"http:\/\/www.sinprofaz.org.br\/?p=9448"},"modified":"2019-04-18T15:04:37","modified_gmt":"2019-04-18T18:04:37","slug":"diretor-do-sinprofaz-e-designado-membro-de-comissao-do-conselho-federal-da-oab","status":"publish","type":"post","link":"https:\/\/sinprofaz.org.br\/2024\/noticias\/diretor-do-sinprofaz-e-designado-membro-de-comissao-do-conselho-federal-da-oab\/","title":{"rendered":"DIRETOR DO SINPROFAZ \u00c9 DESIGNADO MEMBRO DE COMISS\u00c3O DO CONSELHO FEDERAL DA OAB"},"content":{"rendered":"<p>O diretor-jur\u00eddico do SINPROFAZ, Roberto Rodrigues, foi designado Membro da Comiss\u00e3o Nacional de Advocacia P\u00fablica do Conselho Federal da Ordem dos Advogados do Brasil (CFOAB). A designa\u00e7\u00e3o, feita pelo presidente nacional da OAB, Felipe Santa Cruz, foi regulamentada pela Portaria n. 460\/2019, que pode ser <a href=\"https:\/\/www.sinprofaz.org.br\/pdfs\/portaria-n-460-2019-cnap-designa-membros.pdf\">acessada aqui<\/a>.<\/p>\n<p>A partir de profundos debates sobre temas de interesse dos advogados p\u00fablicos, a Comiss\u00e3o Nacional de Advocacia P\u00fablica objetiva fixar, no \u00e2mbito da OAB, diretrizes que reverberem no maior respeito \u00e0 Carreira, tanto do ponto de vista da atua\u00e7\u00e3o profissional, quanto da estrutura disponibilizada aos seus membros. Como mais novo integrante titular do comit\u00ea, Roberto Rodrigues assume a responsabilidade de contribuir com sugest\u00f5es e delibera\u00e7\u00f5es que repercutam no amplo exerc\u00edcio profissional dos advogados p\u00fablicos, em especial, dos procuradores da Fazenda Nacional.<\/p>\n","protected":false},"excerpt":{"rendered":"<p>O diretor-jur\u00eddico do SINPROFAZ, Roberto Rodrigues, foi designado Membro da Comiss\u00e3o Nacional de Advocacia P\u00fablica do Conselho Federal da Ordem dos Advogados do Brasil. A designa\u00e7\u00e3o foi feita pelo presidente da OAB, Felipe Santa Cruz. Leia mais.<\/p>\n","protected":false},"author":2,"featured_media":9495,"comment_status":"open","ping_status":"open","sticky":false,"template":"","format":"standard","meta":{"footnotes":""},"categories":[8],"tags":[27,22,25],"featured_image_url":"https:\/\/sinprofaz.org.br\/2024\/wp-content\/uploads\/2019\/04\/logo-oab.jpg","character_count":454,"formatted_date":"15\/04\/2019 - 08:38","contentNovo":"O diretor-jur\u00eddico do SINPROFAZ, Roberto Rodrigues, foi designado Membro da Comiss\u00e3o Nacional de Advocacia P\u00fablica do Conselho Federal da Ordem dos Advogados do Brasil (CFOAB). A designa\u00e7\u00e3o, feita pelo presidente nacional da OAB, Felipe Santa Cruz, foi regulamentada pela Portaria n. 460\/2019, que pode ser <a href=\"https:\/\/www.sinprofaz.org.br\/pdfs\/portaria-n-460-2019-cnap-designa-membros.pdf\">acessada aqui<\/a>.\r\n\r\nA partir de profundos debates sobre temas de interesse dos advogados p\u00fablicos, a Comiss\u00e3o Nacional de Advocacia P\u00fablica objetiva fixar, no \u00e2mbito da OAB, diretrizes que reverberem no maior respeito \u00e0 Carreira, tanto do ponto de vista da atua\u00e7\u00e3o profissional, quanto da estrutura disponibilizada aos seus membros. Como mais novo integrante titular do comit\u00ea, Roberto Rodrigues assume a responsabilidade de contribuir com sugest\u00f5es e delibera\u00e7\u00f5es que repercutam no amplo exerc\u00edcio profissional dos advogados p\u00fablicos, em especial, dos procuradores da Fazenda Nacional.","_links":{"self":[{"href":"https:\/\/sinprofaz.org.br\/2024\/wp-json\/wp\/v2\/posts\/9448"}],"collection":[{"href":"https:\/\/sinprofaz.org.br\/2024\/wp-json\/wp\/v2\/posts"}],"about":[{"href":"https:\/\/sinprofaz.org.br\/2024\/wp-json\/wp\/v2\/types\/post"}],"author":[{"embeddable":true,"href":"https:\/\/sinprofaz.org.br\/2024\/wp-json\/wp\/v2\/users\/2"}],"replies":[{"embeddable":true,"href":"https:\/\/sinprofaz.org.br\/2024\/wp-json\/wp\/v2\/comments?post=9448"}],"version-history":[{"count":6,"href":"https:\/\/sinprofaz.org.br\/2024\/wp-json\/wp\/v2\/posts\/9448\/revisions"}],"predecessor-version":[{"id":9455,"href":"https:\/\/sinprofaz.org.br\/2024\/wp-json\/wp\/v2\/posts\/9448\/revisions\/9455"}],"wp:featuredmedia":[{"embeddable":true,"href":"https:\/\/sinprofaz.org.br\/2024\/wp-json\/wp\/v2\/media\/9495"}],"wp:attachment":[{"href":"https:\/\/sinprofaz.org.br\/2024\/wp-json\/wp\/v2\/media?parent=9448"}],"wp:term":[{"taxonomy":"category","embeddable":true,"href":"https:\/\/sinprofaz.org.br\/2024\/wp-json\/wp\/v2\/categories?post=9448"},{"taxonomy":"post_tag","embeddable":true,"href":"https:\/\/sinprofaz.org.br\/2024\/wp-json\/wp\/v2\/tags?post=9448"}],"curies":[{"name":"wp","href":"https:\/\/api.w.org\/{rel}","templated":true}]}}