{"id":944,"date":"2012-08-06T14:13:55","date_gmt":"2012-08-06T14:13:55","guid":{"rendered":""},"modified":"-0001-11-30T00:00:00","modified_gmt":"-0001-11-30T03:00:00","slug":"sinprofaz-estara-presente-no-dia-de-mobilizacao-em-brasilia-para-aprovar-a-pec-555","status":"publish","type":"post","link":"https:\/\/sinprofaz.org.br\/2024\/noticias\/sinprofaz-estara-presente-no-dia-de-mobilizacao-em-brasilia-para-aprovar-a-pec-555\/","title":{"rendered":"SINPROFAZ estar\u00e1 presente no Dia de Mobiliza\u00e7\u00e3o em Bras\u00edlia para aprovar a PEC 555"},"content":{"rendered":"<p>A Proposta de Emenda \u00e0 Constitui\u00e7\u00e3o (PEC) 555\/2006, de autoria do ex-deputado federal e vice-presidente da ANPPREV Carlos Mota, encontra-se pronta para inclus\u00e3o e vota\u00e7\u00e3o no plen\u00e1rio da C\u00e2mara dos Deputados.<\/p>\n<p>O ato p\u00fablico, promovido pelo Instituto Mosap (Movimento dos Servidores P\u00fablicos Aposentados e Pensionistas), ser\u00e1 realizado no Audit\u00f3rio Nereu Ramos, na C\u00e2mara dos Deputados, a partir das 9h. A inten\u00e7\u00e3o \u00e9 reunir grande n\u00famero de servidores ativos, aposentados e pensionistas para pressionar os parlamentares a aprovarem a PEC 555.<\/p>\n<p>Al\u00e9m do SINPROFAZ, entidades representativas de servidores p\u00fablicos da Uni\u00e3o, Estados e Munic\u00edpios estar\u00e3o presentes na mobiliza\u00e7\u00e3o de amanh\u00e3 em Bras\u00edlia.<\/p>\n<p>\u00c9 preciso muita mobiliza\u00e7\u00e3o pol\u00edtica para a aprova\u00e7\u00e3o da PEC. Primeiro, para que a proposta seja inclu\u00edda na pauta do plen\u00e1rio e, segundo, para garantir o voto favor\u00e1vel de, pelo menos, 308 deputados, nos dois turnos de vota\u00e7\u00e3o.<\/p>\n<p>A favor da inclus\u00e3o da PEC 555 na agenda do plen\u00e1rio da C\u00e2mara e sua vota\u00e7\u00e3o j\u00e1 foram apresentados diversos requerimentos, todos tamb\u00e9m pendentes de aprecia\u00e7\u00e3o pelos deputados federais.<\/p>\n<h3>Mobiliza\u00e7\u00e3o vitoriosa<\/h3>\n<p>O movimento pretende repetir o \u00eaxito alcan\u00e7ado ano passado. No dia 31 de agosto de 2011, mais de mil representantes de aposentados e pensionistas de todo o pa\u00eds fizeram um ato no Senado Federal em favor da aprova\u00e7\u00e3o da PEC 270\/2008. De autoria da deputada Andreia Zito (PSDB\/RJ) e promulgada como Emenda Constitucional n\u00ba 70\/2012, a mat\u00e9ria garante ao servidor p\u00fablico que se aposentar por invalidez permanente o direito aos reajustes equivalentes dos servidores da ativa.<\/p>\n<p style=\"margin-top: 80px; text-align: center;\"><img decoding=\"async\" style=\"border: 1px solid #000000;\" title=\"Mobiliza\u00e7\u00e3o\" alt=\"Banner Mobiliza\u00e7\u00e3o\" src=\"\/images\/noticias\/mobilizacao2.gif\" \/><\/p>\n","protected":false},"excerpt":{"rendered":"<p>Ser\u00e1 nesta ter\u00e7a-feira, 7 de agosto, no audit\u00f3rio Nereu Ramos da C\u00e2mara dos Deputados. Proposta acaba com a contribui\u00e7\u00e3o previdenci\u00e1ria de aposentados e pensionistas.<\/p>\n","protected":false},"author":1,"featured_media":0,"comment_status":"closed","ping_status":"open","sticky":false,"template":"","format":"standard","meta":{"footnotes":""},"categories":[8],"tags":[],"featured_image_url":"https:\/\/dummyimage.com\/720x400","character_count":831,"formatted_date":"06\/08\/2012 - 14:13","contentNovo":"\r\n<p>A Proposta de Emenda \u00e0 Constitui\u00e7\u00e3o (PEC) 555\/2006, de autoria do ex-deputado federal e vice-presidente da ANPPREV Carlos Mota, encontra-se pronta para inclus\u00e3o e vota\u00e7\u00e3o no plen\u00e1rio da C\u00e2mara dos Deputados.<\/p>\r\n<p>O ato p\u00fablico, promovido pelo Instituto Mosap (Movimento dos Servidores P\u00fablicos Aposentados e Pensionistas), ser\u00e1 realizado no Audit\u00f3rio Nereu Ramos, na C\u00e2mara dos Deputados, a partir das 9h. A inten\u00e7\u00e3o \u00e9 reunir grande n\u00famero de servidores ativos, aposentados e pensionistas para pressionar os parlamentares a aprovarem a PEC 555.<\/p>\r\n<p>Al\u00e9m do SINPROFAZ, entidades representativas de servidores p\u00fablicos da Uni\u00e3o, Estados e Munic\u00edpios estar\u00e3o presentes na mobiliza\u00e7\u00e3o de amanh\u00e3 em Bras\u00edlia.<\/p>\r\n<p>\u00c9 preciso muita mobiliza\u00e7\u00e3o pol\u00edtica para a aprova\u00e7\u00e3o da PEC. Primeiro, para que a proposta seja inclu\u00edda na pauta do plen\u00e1rio e, segundo, para garantir o voto favor\u00e1vel de, pelo menos, 308 deputados, nos dois turnos de vota\u00e7\u00e3o.<\/p>\r\n<p>A favor da inclus\u00e3o da PEC 555 na agenda do plen\u00e1rio da C\u00e2mara e sua vota\u00e7\u00e3o j\u00e1 foram apresentados diversos requerimentos, todos tamb\u00e9m pendentes de aprecia\u00e7\u00e3o pelos deputados federais.<\/p>\r\nMobiliza\u00e7\u00e3o vitoriosa\r\n<p>O movimento pretende repetir o \u00eaxito alcan\u00e7ado ano passado. No dia 31 de agosto de 2011, mais de mil representantes de aposentados e pensionistas de todo o pa\u00eds fizeram um ato no Senado Federal em favor da aprova\u00e7\u00e3o da PEC 270\/2008. De autoria da deputada Andreia Zito (PSDB\/RJ) e promulgada como Emenda Constitucional n\u00ba 70\/2012, a mat\u00e9ria garante ao servidor p\u00fablico que se aposentar por invalidez permanente o direito aos reajustes equivalentes dos servidores da ativa.<\/p>\r\n<p style=\"margin-top: 80px; text-align: center;\"><\/p>","_links":{"self":[{"href":"https:\/\/sinprofaz.org.br\/2024\/wp-json\/wp\/v2\/posts\/944"}],"collection":[{"href":"https:\/\/sinprofaz.org.br\/2024\/wp-json\/wp\/v2\/posts"}],"about":[{"href":"https:\/\/sinprofaz.org.br\/2024\/wp-json\/wp\/v2\/types\/post"}],"author":[{"embeddable":true,"href":"https:\/\/sinprofaz.org.br\/2024\/wp-json\/wp\/v2\/users\/1"}],"replies":[{"embeddable":true,"href":"https:\/\/sinprofaz.org.br\/2024\/wp-json\/wp\/v2\/comments?post=944"}],"version-history":[{"count":0,"href":"https:\/\/sinprofaz.org.br\/2024\/wp-json\/wp\/v2\/posts\/944\/revisions"}],"wp:attachment":[{"href":"https:\/\/sinprofaz.org.br\/2024\/wp-json\/wp\/v2\/media?parent=944"}],"wp:term":[{"taxonomy":"category","embeddable":true,"href":"https:\/\/sinprofaz.org.br\/2024\/wp-json\/wp\/v2\/categories?post=944"},{"taxonomy":"post_tag","embeddable":true,"href":"https:\/\/sinprofaz.org.br\/2024\/wp-json\/wp\/v2\/tags?post=944"}],"curies":[{"name":"wp","href":"https:\/\/api.w.org\/{rel}","templated":true}]}}