{"id":9429,"date":"2019-04-05T09:07:24","date_gmt":"2019-04-05T12:07:24","guid":{"rendered":"http:\/\/www.sinprofaz.org.br\/?p=9429"},"modified":"2019-04-08T09:33:15","modified_gmt":"2019-04-08T12:33:15","slug":"sinprofaz-se-reune-com-pfns-da-seccional-de-osasco-sp","status":"publish","type":"post","link":"https:\/\/sinprofaz.org.br\/2024\/noticias\/sinprofaz-se-reune-com-pfns-da-seccional-de-osasco-sp\/","title":{"rendered":"SINPROFAZ SE RE\u00daNE COM PFNS DA SECCIONAL DE OSASCO\/SP"},"content":{"rendered":"<p>O SINPROFAZ, representado pelo presidente Achilles Frias, reuniu-se ontem (4) com os PFNs da Procuradoria da Fazenda Nacional em Osasco\/SP, a maior proje\u00e7\u00e3o Seccional da PGFN no Brasil. Participou da reuni\u00e3o o ex-presidente do SINPROFAZ Her\u00e1clio Camargo, que \u00e9 lotado na unidade. <\/p>\n<p>Durante o encontro, que contou com expressiva participa\u00e7\u00e3o dos Colegas, foram discutidas estrat\u00e9gias para atua\u00e7\u00e3o do Sindicato frente \u00e0s lutas do presente ano, especialmente no que concerne \u00e0 defesa de prerrogativa da Carreira. Atento aos questionamentos, Achilles Frias tirou d\u00favidas dos Colegas e colheu sugest\u00f5es.<\/p>\n<p>O presidente ressaltou ainda a import\u00e2ncia de os PFNs, sobretudo os mais novos na Carreira, filiarem-se ao SINPROFAZ \u2013 entidade que se fortalece \u00e0 medida que novos Colegas se unem em prol dos interesses comuns. Feita a conclama\u00e7\u00e3o, o presidente contou com amplo apoio dos presentes.<\/p>\n","protected":false},"excerpt":{"rendered":"<p>O SINPROFAZ, representado pelo presidente Achilles Frias, reuniu-se com os PFNs da Procuradoria da Fazenda Nacional em Osasco, a maior proje\u00e7\u00e3o Seccional da PGFN. Participou da reuni\u00e3o o ex-presidente Her\u00e1clio Camargo, que \u00e9 lotado na unidade. <\/p>\n","protected":false},"author":2,"featured_media":9430,"comment_status":"open","ping_status":"open","sticky":false,"template":"","format":"standard","meta":{"footnotes":""},"categories":[8],"tags":[32,25],"featured_image_url":"https:\/\/sinprofaz.org.br\/2024\/wp-content\/uploads\/2019\/04\/01-4-744x198.jpg","character_count":451,"formatted_date":"05\/04\/2019 - 09:07","contentNovo":"O SINPROFAZ, representado pelo presidente Achilles Frias, reuniu-se ontem (4) com os PFNs da Procuradoria da Fazenda Nacional em Osasco\/SP, a maior proje\u00e7\u00e3o Seccional da PGFN no Brasil. Participou da reuni\u00e3o o ex-presidente do SINPROFAZ Her\u00e1clio Camargo, que \u00e9 lotado na unidade. \r\n\r\nDurante o encontro, que contou com expressiva participa\u00e7\u00e3o dos Colegas, foram discutidas estrat\u00e9gias para atua\u00e7\u00e3o do Sindicato frente \u00e0s lutas do presente ano, especialmente no que concerne \u00e0 defesa de prerrogativa da Carreira. Atento aos questionamentos, Achilles Frias tirou d\u00favidas dos Colegas e colheu sugest\u00f5es.\r\n\r\nO presidente ressaltou ainda a import\u00e2ncia de os PFNs, sobretudo os mais novos na Carreira, filiarem-se ao SINPROFAZ \u2013 entidade que se fortalece \u00e0 medida que novos Colegas se unem em prol dos interesses comuns. Feita a conclama\u00e7\u00e3o, o presidente contou com amplo apoio dos presentes.","_links":{"self":[{"href":"https:\/\/sinprofaz.org.br\/2024\/wp-json\/wp\/v2\/posts\/9429"}],"collection":[{"href":"https:\/\/sinprofaz.org.br\/2024\/wp-json\/wp\/v2\/posts"}],"about":[{"href":"https:\/\/sinprofaz.org.br\/2024\/wp-json\/wp\/v2\/types\/post"}],"author":[{"embeddable":true,"href":"https:\/\/sinprofaz.org.br\/2024\/wp-json\/wp\/v2\/users\/2"}],"replies":[{"embeddable":true,"href":"https:\/\/sinprofaz.org.br\/2024\/wp-json\/wp\/v2\/comments?post=9429"}],"version-history":[{"count":1,"href":"https:\/\/sinprofaz.org.br\/2024\/wp-json\/wp\/v2\/posts\/9429\/revisions"}],"predecessor-version":[{"id":9431,"href":"https:\/\/sinprofaz.org.br\/2024\/wp-json\/wp\/v2\/posts\/9429\/revisions\/9431"}],"wp:featuredmedia":[{"embeddable":true,"href":"https:\/\/sinprofaz.org.br\/2024\/wp-json\/wp\/v2\/media\/9430"}],"wp:attachment":[{"href":"https:\/\/sinprofaz.org.br\/2024\/wp-json\/wp\/v2\/media?parent=9429"}],"wp:term":[{"taxonomy":"category","embeddable":true,"href":"https:\/\/sinprofaz.org.br\/2024\/wp-json\/wp\/v2\/categories?post=9429"},{"taxonomy":"post_tag","embeddable":true,"href":"https:\/\/sinprofaz.org.br\/2024\/wp-json\/wp\/v2\/tags?post=9429"}],"curies":[{"name":"wp","href":"https:\/\/api.w.org\/{rel}","templated":true}]}}