{"id":9427,"date":"2019-04-04T10:41:48","date_gmt":"2019-04-04T13:41:48","guid":{"rendered":"http:\/\/www.sinprofaz.org.br\/?p=9427"},"modified":"2019-04-05T10:24:19","modified_gmt":"2019-04-05T13:24:19","slug":"sinprofaz-assina-manifesto-em-defesa-do-supremo-tribunal-federal","status":"publish","type":"post","link":"https:\/\/sinprofaz.org.br\/2024\/noticias\/sinprofaz-assina-manifesto-em-defesa-do-supremo-tribunal-federal\/","title":{"rendered":"SINPROFAZ ASSINA MANIFESTO EM DEFESA DO SUPREMO TRIBUNAL FEDERAL"},"content":{"rendered":"<p>O SINPROFAZ, representado pelo presidente Achilles Frias, assinou o Manifesto em defesa do Supremo Tribunal Federal. Divulgado na quarta-feira (3), o documento contou com a aprova\u00e7\u00e3o de mais de 200 entidades da sociedade civil. O Manifesto repudia os ataques sofridos pelo STF e reafirma a import\u00e2ncia da Corte para a defesa da Constitui\u00e7\u00e3o Federal e para a manuten\u00e7\u00e3o do Estado Democr\u00e1tico de Direito no Brasil. <\/p>\n<p>&#8220;A discord\u00e2ncia, a cr\u00edtica civilizada e o di\u00e1logo s\u00e3o inerentes \u00e0 democracia, tal qual o respeito e, em \u00faltima inst\u00e2ncia, a solidariedade. Por isso, s\u00e3o inadmiss\u00edveis os discursos que pregam o \u00f3dio, a viol\u00eancia e a desarmonia na sociedade e contra o Supremo Tribunal Federal. Reafirmar a import\u00e2ncia do STF \u00e9 defender a Constitui\u00e7\u00e3o e as garantias da cidadania nela contidas. A democracia e a conviv\u00eancia solid\u00e1ria n\u00e3o permitem um retrocesso institucional&#8221;, afirma trecho do documento.<\/p>\n<p>Confira a \u00edntegra do Manifesto: <a href=\"http:\/\/www.stf.jus.br\/arquivo\/cms\/noticiaNoticiaStf\/anexo\/Manifesto.pdf\" rel=\"noopener\" target=\"_blank\">http:\/\/www.stf.jus.br\/arquivo\/cms\/noticiaNoticiaStf\/anexo\/Manifesto.pdf<\/a><\/p>\n","protected":false},"excerpt":{"rendered":"<p>O SINPROFAZ, representado pelo presidente Achilles Frias, assinou o Manifesto em defesa do Supremo Tribunal Federal. Divulgado na quarta-feira (3), o documento contou com a aprova\u00e7\u00e3o de mais de 200 entidades da sociedade civil. Leia a \u00edntegra do Manifesto.<\/p>\n","protected":false},"author":2,"featured_media":2626,"comment_status":"open","ping_status":"open","sticky":false,"template":"","format":"standard","meta":{"footnotes":""},"categories":[8],"tags":[32,139,25],"featured_image_url":"https:\/\/sinprofaz.org.br\/2024\/wp-content\/uploads\/2016\/01\/logo-sinprofaz.jpg","character_count":522,"formatted_date":"04\/04\/2019 - 10:41","contentNovo":"O SINPROFAZ, representado pelo presidente Achilles Frias, assinou o Manifesto em defesa do Supremo Tribunal Federal. Divulgado na quarta-feira (3), o documento contou com a aprova\u00e7\u00e3o de mais de 200 entidades da sociedade civil. O Manifesto repudia os ataques sofridos pelo STF e reafirma a import\u00e2ncia da Corte para a defesa da Constitui\u00e7\u00e3o Federal e para a manuten\u00e7\u00e3o do Estado Democr\u00e1tico de Direito no Brasil. \r\n\r\n\"A discord\u00e2ncia, a cr\u00edtica civilizada e o di\u00e1logo s\u00e3o inerentes \u00e0 democracia, tal qual o respeito e, em \u00faltima inst\u00e2ncia, a solidariedade. Por isso, s\u00e3o inadmiss\u00edveis os discursos que pregam o \u00f3dio, a viol\u00eancia e a desarmonia na sociedade e contra o Supremo Tribunal Federal. Reafirmar a import\u00e2ncia do STF \u00e9 defender a Constitui\u00e7\u00e3o e as garantias da cidadania nela contidas. A democracia e a conviv\u00eancia solid\u00e1ria n\u00e3o permitem um retrocesso institucional\", afirma trecho do documento.\r\n\r\nConfira a \u00edntegra do Manifesto: <a href=\"http:\/\/www.stf.jus.br\/arquivo\/cms\/noticiaNoticiaStf\/anexo\/Manifesto.pdf\" rel=\"noopener\" target=\"_blank\">http:\/\/www.stf.jus.br\/arquivo\/cms\/noticiaNoticiaStf\/anexo\/Manifesto.pdf<\/a>","_links":{"self":[{"href":"https:\/\/sinprofaz.org.br\/2024\/wp-json\/wp\/v2\/posts\/9427"}],"collection":[{"href":"https:\/\/sinprofaz.org.br\/2024\/wp-json\/wp\/v2\/posts"}],"about":[{"href":"https:\/\/sinprofaz.org.br\/2024\/wp-json\/wp\/v2\/types\/post"}],"author":[{"embeddable":true,"href":"https:\/\/sinprofaz.org.br\/2024\/wp-json\/wp\/v2\/users\/2"}],"replies":[{"embeddable":true,"href":"https:\/\/sinprofaz.org.br\/2024\/wp-json\/wp\/v2\/comments?post=9427"}],"version-history":[{"count":1,"href":"https:\/\/sinprofaz.org.br\/2024\/wp-json\/wp\/v2\/posts\/9427\/revisions"}],"predecessor-version":[{"id":9428,"href":"https:\/\/sinprofaz.org.br\/2024\/wp-json\/wp\/v2\/posts\/9427\/revisions\/9428"}],"wp:featuredmedia":[{"embeddable":true,"href":"https:\/\/sinprofaz.org.br\/2024\/wp-json\/wp\/v2\/media\/2626"}],"wp:attachment":[{"href":"https:\/\/sinprofaz.org.br\/2024\/wp-json\/wp\/v2\/media?parent=9427"}],"wp:term":[{"taxonomy":"category","embeddable":true,"href":"https:\/\/sinprofaz.org.br\/2024\/wp-json\/wp\/v2\/categories?post=9427"},{"taxonomy":"post_tag","embeddable":true,"href":"https:\/\/sinprofaz.org.br\/2024\/wp-json\/wp\/v2\/tags?post=9427"}],"curies":[{"name":"wp","href":"https:\/\/api.w.org\/{rel}","templated":true}]}}