{"id":942,"date":"2012-08-02T21:38:20","date_gmt":"2012-08-02T21:38:20","guid":{"rendered":""},"modified":"-0001-11-30T00:00:00","modified_gmt":"-0001-11-30T03:00:00","slug":"advocacia-e-defensoria-publicas-federais-aumentam-pressao-sobre-o-governo","status":"publish","type":"post","link":"https:\/\/sinprofaz.org.br\/2024\/noticias\/advocacia-e-defensoria-publicas-federais-aumentam-pressao-sobre-o-governo\/","title":{"rendered":"Advocacia e Defensoria P\u00fablicas Federais aumentam press\u00e3o sobre o Governo"},"content":{"rendered":"<p>Os Dirigentes do Forvm (Anajur, Anpaf, Anpprev, Apbc, Apaferj e Sinprofaz), Unafe e Anadef se reuniram na manh\u00e3 de hoje, 2\/08, para tra\u00e7ar as a\u00e7\u00f5es e mobiliza\u00e7\u00f5es objetivando pressionar o Governo Federal para apresentar proposta de reajuste e para que efetive o tratamento ison\u00f4mico entre as Fun\u00e7\u00f5es Essenciais \u00e0 Justi\u00e7a.<\/p>\n<p>Nesta semana, o MPOG encaminhou convoca\u00e7\u00e3o informando que marcar\u00e1 nova reuni\u00e3o com todas as entidades do servi\u00e7o p\u00fablico federal entre 13 e 17 de agosto de 2012.<\/p>\n<p>Assim, os Dirigentes entendem que \u00e9 o momento da Advocacia e Defensoria P\u00fablicas Federais endurecerem o movimento, diante do quadro de descaso do Governo com o tratamento remunerat\u00f3rio. Definiram, dessa forma, as seguintes medidas:<\/p>\n<ol>\n<li>Colocar em delibera\u00e7\u00e3o a deflagra\u00e7\u00e3o de greve, entre outras a\u00e7\u00f5es, a partir do m\u00eas de agosto, caso sejam frustradas as negocia\u00e7\u00f5es em curso com o Governo Federal;<\/li>\n<li>Uma grande paralisa\u00e7\u00e3o nacional, a ser realizada no dia 08 de agosto de 2012:\n<ol>\n<li>Em Bras\u00edlia, o ato consistir\u00e1 em concentra\u00e7\u00e3o e panfletagem entre o Pal\u00e1cio do Planalto e o Congresso Nacional, a partir das 14 h (segundo informa\u00e7\u00f5es da Seguran\u00e7a do DF, estar\u00e3o restritas as aglomera\u00e7\u00f5es e manifesta\u00e7\u00f5es na Pra\u00e7a dos Tr\u00eas Poderes durante o per\u00edodo de julgamento do Mensal\u00e3o).<\/li>\n<li>Nos Estados, conclama-se formarem Comiss\u00f5es locais para realiza\u00e7\u00e3o do ato, adequando-se \u00e0 cada realidade. Recomenda-se que os Advogados e Defensores P\u00fablicos Federais paralisem completamente a entidade nesse dia.<\/li>\n<\/ol>\n<\/li>\n<li>Participa\u00e7\u00e3o nos atos em defesa da Advocacia que ser\u00e3o realizados em todas as Seccionais da OAB do pa\u00eds, com finalidade de comemora\u00e7\u00e3o do dia do advogado, levando aos eventos as nossas reivindica\u00e7\u00f5es.<\/li>\n<\/ol>\n<p>Os Dirigentes refor\u00e7am e alertam para a necessidade de participa\u00e7\u00e3o efetiva e engajamento nesse momento crucial.<\/p>\n<p>Seguem panfletos para impress\u00e3o e divulga\u00e7\u00e3o.<\/p>\n<p><a href=\"images\/stories\/pdfs\/panfleto_manifesto_advocacia.pdf\" target=\"_blank\">Manifesto da Advocacia e Defensoria P\u00fablicas Federais<\/a>.<\/p>\n<p><a href=\"images\/stories\/pdfs\/panfleto_manifesto_senhor_parlamentar.pdf\" target=\"_blank\">Manifesto da Advocacia e Defensoria P\u00fablicas Federais. Senhor Parlamentar<\/a>.<\/p>\n<p style=\"margin-top: 80px; text-align: center;\"><img decoding=\"async\" style=\"border: 1px solid #000000;\" title=\"Mobiliza\u00e7\u00e3o\" alt=\"Banner Mobiliza\u00e7\u00e3o\" src=\"\/images\/noticias\/mobilizacao2.gif\" \/><\/p>\n","protected":false},"excerpt":{"rendered":"<p>Dirigentes do Forvm (Anajur, Anpaf, Anpprev, Apbc, Apaferj e Sinprofaz), Unafe e Anadef definem proposta para intensificar press\u00e3o da pauta remunerat\u00f3ria sobre o Governo Federal.<\/p>\n","protected":false},"author":1,"featured_media":0,"comment_status":"closed","ping_status":"open","sticky":false,"template":"","format":"standard","meta":{"footnotes":""},"categories":[8],"tags":[],"featured_image_url":"https:\/\/dummyimage.com\/720x400","character_count":1014,"formatted_date":"02\/08\/2012 - 21:38","contentNovo":"\r\n<p>Os Dirigentes do Forvm (Anajur, Anpaf, Anpprev, Apbc, Apaferj e Sinprofaz), Unafe e Anadef se reuniram na manh\u00e3 de hoje, 2\/08, para tra\u00e7ar as a\u00e7\u00f5es e mobiliza\u00e7\u00f5es objetivando pressionar o Governo Federal para apresentar proposta de reajuste e para que efetive o tratamento ison\u00f4mico entre as Fun\u00e7\u00f5es Essenciais \u00e0 Justi\u00e7a.<\/p>\r\n<p>Nesta semana, o MPOG encaminhou convoca\u00e7\u00e3o informando que marcar\u00e1 nova reuni\u00e3o com todas as entidades do servi\u00e7o p\u00fablico federal entre 13 e 17 de agosto de 2012.<\/p>\r\n<p>Assim, os Dirigentes entendem que \u00e9 o momento da Advocacia e Defensoria P\u00fablicas Federais endurecerem o movimento, diante do quadro de descaso do Governo com o tratamento remunerat\u00f3rio. Definiram, dessa forma, as seguintes medidas:<\/p>\r\n\r\nColocar em delibera\u00e7\u00e3o a deflagra\u00e7\u00e3o de greve, entre outras a\u00e7\u00f5es, a partir do m\u00eas de agosto, caso sejam frustradas as negocia\u00e7\u00f5es em curso com o Governo Federal;\r\nUma grande paralisa\u00e7\u00e3o nacional, a ser realizada no dia 08 de agosto de 2012:\r\nEm Bras\u00edlia, o ato consistir\u00e1 em concentra\u00e7\u00e3o e panfletagem entre o Pal\u00e1cio do Planalto e o Congresso Nacional, a partir das 14 h (segundo informa\u00e7\u00f5es da Seguran\u00e7a do DF, estar\u00e3o restritas as aglomera\u00e7\u00f5es e manifesta\u00e7\u00f5es na Pra\u00e7a dos Tr\u00eas Poderes durante o per\u00edodo de julgamento do Mensal\u00e3o).\r\nNos Estados, conclama-se formarem Comiss\u00f5es locais para realiza\u00e7\u00e3o do ato, adequando-se \u00e0 cada realidade. Recomenda-se que os Advogados e Defensores P\u00fablicos Federais paralisem completamente a entidade nesse dia.\r\n\r\nParticipa\u00e7\u00e3o nos atos em defesa da Advocacia que ser\u00e3o realizados em todas as Seccionais da OAB do pa\u00eds, com finalidade de comemora\u00e7\u00e3o do dia do advogado, levando aos eventos as nossas reivindica\u00e7\u00f5es.\r\n\r\n<p>Os Dirigentes refor\u00e7am e alertam para a necessidade de participa\u00e7\u00e3o efetiva e engajamento nesse momento crucial.<\/p>\r\n<p>Seguem panfletos para impress\u00e3o e divulga\u00e7\u00e3o.<\/p>\r\n<p><a href=\"images\/stories\/pdfs\/panfleto_manifesto_advocacia.pdf\" target=\"_blank\">Manifesto da Advocacia e Defensoria P\u00fablicas Federais<\/a>.<\/p>\r\n<p><a href=\"images\/stories\/pdfs\/panfleto_manifesto_senhor_parlamentar.pdf\" target=\"_blank\">Manifesto da Advocacia e Defensoria P\u00fablicas Federais. Senhor Parlamentar<\/a>.<\/p>\r\n<p style=\"margin-top: 80px; text-align: center;\"><\/p>","_links":{"self":[{"href":"https:\/\/sinprofaz.org.br\/2024\/wp-json\/wp\/v2\/posts\/942"}],"collection":[{"href":"https:\/\/sinprofaz.org.br\/2024\/wp-json\/wp\/v2\/posts"}],"about":[{"href":"https:\/\/sinprofaz.org.br\/2024\/wp-json\/wp\/v2\/types\/post"}],"author":[{"embeddable":true,"href":"https:\/\/sinprofaz.org.br\/2024\/wp-json\/wp\/v2\/users\/1"}],"replies":[{"embeddable":true,"href":"https:\/\/sinprofaz.org.br\/2024\/wp-json\/wp\/v2\/comments?post=942"}],"version-history":[{"count":0,"href":"https:\/\/sinprofaz.org.br\/2024\/wp-json\/wp\/v2\/posts\/942\/revisions"}],"wp:attachment":[{"href":"https:\/\/sinprofaz.org.br\/2024\/wp-json\/wp\/v2\/media?parent=942"}],"wp:term":[{"taxonomy":"category","embeddable":true,"href":"https:\/\/sinprofaz.org.br\/2024\/wp-json\/wp\/v2\/categories?post=942"},{"taxonomy":"post_tag","embeddable":true,"href":"https:\/\/sinprofaz.org.br\/2024\/wp-json\/wp\/v2\/tags?post=942"}],"curies":[{"name":"wp","href":"https:\/\/api.w.org\/{rel}","templated":true}]}}