{"id":940,"date":"2012-08-02T20:04:52","date_gmt":"2012-08-02T20:04:52","guid":{"rendered":""},"modified":"-0001-11-30T00:00:00","modified_gmt":"-0001-11-30T03:00:00","slug":"grande-manifestacao-no-palacio-do-planalto-dia-8-de-agosto","status":"publish","type":"post","link":"https:\/\/sinprofaz.org.br\/2024\/noticias\/grande-manifestacao-no-palacio-do-planalto-dia-8-de-agosto\/","title":{"rendered":"Grande manifesta\u00e7\u00e3o no Minist\u00e9rio do Planejamento dia 8 de agosto"},"content":{"rendered":"<p>As entidades que representam as carreiras da Advocacia e Defensoria P\u00fablicas Federais, Auditoria do Fisco e do Trabalho, Delegados e Peritos da Pol\u00edcia Federal e do Ciclo de Gest\u00e3o e do N\u00facleo Financeiro, entre elas o Sinprofaz, que est\u00e3o mobilizadas para pressionar o Governo Federal para ado\u00e7\u00e3o de atos concretos objetivando a recomposi\u00e7\u00e3o remunerat\u00f3ria, respeitando as pautas espec\u00edficas, se reuniram nesta quarta-feira, 1\u00ba, para debaterem novas estrat\u00e9gias de atua\u00e7\u00e3o.<\/p>\n<p>No in\u00edcio da reuni\u00e3o, os representantes destacaram a reuni\u00e3o com o Deputado Arnaldo Faria de S\u00e1 (PTB-SP), nessa segunda-feira, 30, em Santos &#8211; SP, em que foram debatidas estrat\u00e9gias contra o Decreto n\u00ba 7777\/2012, editado pela Presid\u00eancia da Rep\u00fablica no dia 25 de julho deste ano.<\/p>\n<p>O Ato do Executivo permite a substitui\u00e7\u00e3o de servidores p\u00fablicos federais em greve, por equivalentes estaduais ou municipais mediante conv\u00eanio e o compartilhamento da execu\u00e7\u00e3o da atividade ou servi\u00e7o com Estados, Distrito Federal ou Munic\u00edpios, ferindo o Pacto Federativo, a regra constitucional de ocupa\u00e7\u00e3o de cargos p\u00fablicos ap\u00f3s provimento em concurso de provas e t\u00edtulos, o princ\u00edpio constitucional da efici\u00eancia, al\u00e9m de constituir grave ofensa ao direito constitucional de greve, assegurado a todo e qualquer trabalhador brasileiro, conforme destacado em Nota de Rep\u00fadio elaborada por essas carreiras.<\/p>\n<p>Com subs\u00eddios t\u00e9cnicos e jur\u00eddicos encaminhados pelas entidades, o Deputado apresentou na reuni\u00e3o Projeto de Decreto Legislativo n\u00b0 641\/12 com o objetivo de suspender os efeitos do Decreto 7777\/12 por inconstitucionalidade ainda nesta semana.<\/p>\n<p>As entidades acreditam que precisam continuar alertando as Carreiras sobre a necessidade de intensificar o movimento para que o Governo Federal apresente propostas reais em rela\u00e7\u00e3o \u00e0 negocia\u00e7\u00e3o salarial, que embora corram em mesas separadas, vem recebendo o mesmo tratamento de descaso do Governo Federal.<\/p>\n<p>Durante a reuni\u00e3o, os representantes definiram a realiza\u00e7\u00e3o de um grande Ato P\u00fablico conjunto que ser\u00e1 realizado em todo o Pa\u00eds no dia 8 de agosto, em Bras\u00edlia. Nesse dia est\u00e1 prevista a realiza\u00e7\u00e3o de uma vig\u00edlia, a partir das 14h30, em frente ao Minist\u00e9rio do Planejamento, com os integrantes das Carreiras que comp\u00f5em o movimento. Os detalhes do Ato ser\u00e3o anunciados pelos representantes das entidades at\u00e9 o final desta semana.<\/p>\n<p>Tamb\u00e9m foi discutida a possibilidade de as entidades que comp\u00f5em o movimento conjunto se comprometer a colocar em delibera\u00e7\u00e3o de seus associados \u00e0 realiza\u00e7\u00e3o de greve neste m\u00eas de agosto.<\/p>\n<p>Os Dirigentes das entidades da Advocacia e Defensoria P\u00fablicas Federais que est\u00e3o mobilizadas tamb\u00e9m ir\u00e3o se reunir at\u00e9 o final desta semana para tra\u00e7ar estrat\u00e9gias de atua\u00e7\u00e3o, que ser\u00e3o oportunamente divulgadas.<\/p>\n<p style=\"margin-top: 80px; text-align: center;\"><img decoding=\"async\" style=\"border: 1px solid #000000;\" title=\"Mobiliza\u00e7\u00e3o\" alt=\"Banner Mobiliza\u00e7\u00e3o\" src=\"\/images\/noticias\/mobilizacao2.gif\" \/><\/p>\n","protected":false},"excerpt":{"rendered":"<p>Mobiliza\u00e7\u00e3o reunir\u00e1 entidades que representam carreiras da Advocacia e Defensoria P\u00fablicas Federais, Auditoria do Fisco e do Trabalho, Delegados e Peritos da Pol\u00edcia Federal e do Ciclo de Gest\u00e3o e do N\u00facleo Financeiro, entre elas o Sinprofaz.<\/p>\n","protected":false},"author":1,"featured_media":0,"comment_status":"closed","ping_status":"open","sticky":false,"template":"","format":"standard","meta":{"footnotes":""},"categories":[8],"tags":[],"featured_image_url":"https:\/\/dummyimage.com\/720x400","character_count":1416,"formatted_date":"02\/08\/2012 - 20:04","contentNovo":"\r\n<p>As entidades que representam as carreiras da Advocacia e Defensoria P\u00fablicas Federais, Auditoria do Fisco e do Trabalho, Delegados e Peritos da Pol\u00edcia Federal e do Ciclo de Gest\u00e3o e do N\u00facleo Financeiro, entre elas o Sinprofaz, que est\u00e3o mobilizadas para pressionar o Governo Federal para ado\u00e7\u00e3o de atos concretos objetivando a recomposi\u00e7\u00e3o remunerat\u00f3ria, respeitando as pautas espec\u00edficas, se reuniram nesta quarta-feira, 1\u00ba, para debaterem novas estrat\u00e9gias de atua\u00e7\u00e3o.<\/p>\r\n<p>No in\u00edcio da reuni\u00e3o, os representantes destacaram a reuni\u00e3o com o Deputado Arnaldo Faria de S\u00e1 (PTB-SP), nessa segunda-feira, 30, em Santos - SP, em que foram debatidas estrat\u00e9gias contra o Decreto n\u00ba 7777\/2012, editado pela Presid\u00eancia da Rep\u00fablica no dia 25 de julho deste ano.<\/p>\r\n<p>O Ato do Executivo permite a substitui\u00e7\u00e3o de servidores p\u00fablicos federais em greve, por equivalentes estaduais ou municipais mediante conv\u00eanio e o compartilhamento da execu\u00e7\u00e3o da atividade ou servi\u00e7o com Estados, Distrito Federal ou Munic\u00edpios, ferindo o Pacto Federativo, a regra constitucional de ocupa\u00e7\u00e3o de cargos p\u00fablicos ap\u00f3s provimento em concurso de provas e t\u00edtulos, o princ\u00edpio constitucional da efici\u00eancia, al\u00e9m de constituir grave ofensa ao direito constitucional de greve, assegurado a todo e qualquer trabalhador brasileiro, conforme destacado em Nota de Rep\u00fadio elaborada por essas carreiras.<\/p>\r\n<p>Com subs\u00eddios t\u00e9cnicos e jur\u00eddicos encaminhados pelas entidades, o Deputado apresentou na reuni\u00e3o Projeto de Decreto Legislativo n\u00b0 641\/12 com o objetivo de suspender os efeitos do Decreto 7777\/12 por inconstitucionalidade ainda nesta semana.<\/p>\r\n<p>As entidades acreditam que precisam continuar alertando as Carreiras sobre a necessidade de intensificar o movimento para que o Governo Federal apresente propostas reais em rela\u00e7\u00e3o \u00e0 negocia\u00e7\u00e3o salarial, que embora corram em mesas separadas, vem recebendo o mesmo tratamento de descaso do Governo Federal.<\/p>\r\n<p>Durante a reuni\u00e3o, os representantes definiram a realiza\u00e7\u00e3o de um grande Ato P\u00fablico conjunto que ser\u00e1 realizado em todo o Pa\u00eds no dia 8 de agosto, em Bras\u00edlia. Nesse dia est\u00e1 prevista a realiza\u00e7\u00e3o de uma vig\u00edlia, a partir das 14h30, em frente ao Minist\u00e9rio do Planejamento, com os integrantes das Carreiras que comp\u00f5em o movimento. Os detalhes do Ato ser\u00e3o anunciados pelos representantes das entidades at\u00e9 o final desta semana.<\/p>\r\n<p>Tamb\u00e9m foi discutida a possibilidade de as entidades que comp\u00f5em o movimento conjunto se comprometer a colocar em delibera\u00e7\u00e3o de seus associados \u00e0 realiza\u00e7\u00e3o de greve neste m\u00eas de agosto.<\/p>\r\n<p>Os Dirigentes das entidades da Advocacia e Defensoria P\u00fablicas Federais que est\u00e3o mobilizadas tamb\u00e9m ir\u00e3o se reunir at\u00e9 o final desta semana para tra\u00e7ar estrat\u00e9gias de atua\u00e7\u00e3o, que ser\u00e3o oportunamente divulgadas.<\/p>\r\n<p style=\"margin-top: 80px; text-align: center;\"><\/p>","_links":{"self":[{"href":"https:\/\/sinprofaz.org.br\/2024\/wp-json\/wp\/v2\/posts\/940"}],"collection":[{"href":"https:\/\/sinprofaz.org.br\/2024\/wp-json\/wp\/v2\/posts"}],"about":[{"href":"https:\/\/sinprofaz.org.br\/2024\/wp-json\/wp\/v2\/types\/post"}],"author":[{"embeddable":true,"href":"https:\/\/sinprofaz.org.br\/2024\/wp-json\/wp\/v2\/users\/1"}],"replies":[{"embeddable":true,"href":"https:\/\/sinprofaz.org.br\/2024\/wp-json\/wp\/v2\/comments?post=940"}],"version-history":[{"count":0,"href":"https:\/\/sinprofaz.org.br\/2024\/wp-json\/wp\/v2\/posts\/940\/revisions"}],"wp:attachment":[{"href":"https:\/\/sinprofaz.org.br\/2024\/wp-json\/wp\/v2\/media?parent=940"}],"wp:term":[{"taxonomy":"category","embeddable":true,"href":"https:\/\/sinprofaz.org.br\/2024\/wp-json\/wp\/v2\/categories?post=940"},{"taxonomy":"post_tag","embeddable":true,"href":"https:\/\/sinprofaz.org.br\/2024\/wp-json\/wp\/v2\/tags?post=940"}],"curies":[{"name":"wp","href":"https:\/\/api.w.org\/{rel}","templated":true}]}}