{"id":939,"date":"2012-08-01T12:17:28","date_gmt":"2012-08-01T12:17:28","guid":{"rendered":""},"modified":"-0001-11-30T00:00:00","modified_gmt":"-0001-11-30T03:00:00","slug":"deputado-vieira-da-cunha-recebe-advogados-publicos-em-porto-alegre","status":"publish","type":"post","link":"https:\/\/sinprofaz.org.br\/2024\/noticias\/deputado-vieira-da-cunha-recebe-advogados-publicos-em-porto-alegre\/","title":{"rendered":"Deputado Vieira da Cunha recebe advogados p\u00fablicos em Porto Alegre"},"content":{"rendered":"<p><img loading=\"lazy\" decoding=\"async\" style=\"margin-right: 10px; border: 1px solid #000000; float: left;\" alt=\"dep-vieira-da-cunha-recebe-adv-publicos-maior\" src=\"images\/noticias\/dep-vieira-cunha-recebe-adv\/dep-vieira-da-cunha-recebe-adv-publicos-maior.jpg\" height=\"154\" width=\"218\" \/>Procuradoras da Fazenda e outros membros de carreiras da AGU trataram da lei org\u00e2nica com o parlamentar que se colocou \u00e0 disposi\u00e7\u00e3o para propor emendas ao projeto.<\/p>\n<p>A reuni\u00e3o foi na \u00faltima segunda, 30 de julho, no escrit\u00f3rio do deputado Vieira da Cunha (PDT-RS) em Porto Alegre. Representaram o SINPROFAZ na audi\u00eancia a PFN Deysi D\u2019rolt, diretora jur\u00eddica do Sindicato, e a delegada sindical no Rio Grande do Sul, a PFN Maria do Carmo Puccini Caminha.<\/p>\n<p>A pauta da reuni\u00e3o foi a proposta de revis\u00e3o da Lei Complementar da Advocacia-Geral da Uni\u00e3o, agora divulgada oficialmente pela AGU. Os advogados p\u00fablicos comentaram especialmente sobre a aus\u00eancia de previs\u00e3o de prerrogativas \u00e0s carreiras, que esperavam fossem bem pr\u00f3ximas as dos membros da Magistratura e as do Minist\u00e9rio P\u00fablico, que entendem de Direito, em vista das fun\u00e7\u00f5es similares que exercem. Demonstraram sua inconformidade com alguns itens, ora inclu\u00eddos no referido projeto, como a possibilidade de advogados n\u00e3o concursados virem a fazer parte do agora denominado &#8220;Sistema AGU&#8221;, considerando um retrocesso ao que j\u00e1 havia sido determinado nas gest\u00f5es anteriores.<\/p>\n<p>Os advogados p\u00fablicos tamb\u00e9m expuseram ao deputado a preocupa\u00e7\u00e3o com o rumo que a atual administra\u00e7\u00e3o vem imprimindo a \u00e0 Institui\u00e7\u00e3o.<\/p>\n<p>O deputado Vieira da Cunha disse que conhece as demandas da advocacia p\u00fablica e que pretende se inteirar mais sobre o atual quadro da AGU e suas perspectivas estruturais e salariais. Ele colocou o mandato e sua participa\u00e7\u00e3o como membro da Comiss\u00e3o de Constitui\u00e7\u00e3o e Justi\u00e7a da C\u00e2mara dos Deputados \u00e0 disposi\u00e7\u00e3o das associa\u00e7\u00f5es e das carreiras para, quando o projeto de Lei Complementar chegar ao Congresso, debater e discutir a possibilidade de sua altera\u00e7\u00e3o mediante apresenta\u00e7\u00e3o de emendas que viabilizem os pleitos por melhorias estruturais da AGU e por prerrogativas dos advogados p\u00fablicos federais.<\/p>\n<p style=\"margin-top: 80px; text-align: center;\"><img decoding=\"async\" title=\"Mobiliza\u00e7\u00e3o\" alt=\"Banner Mobiliza\u00e7\u00e3o\" src=\"\/images\/noticias\/mobilizacao2.gif\" \/><\/p>\n","protected":false},"excerpt":{"rendered":"<p>Procuradoras da Fazenda e outros membros de carreiras da AGU trataram da lei org\u00e2nica com o parlamentar que se colocou \u00e0 disposi\u00e7\u00e3o para propor emendas ao projeto.<\/p>\n","protected":false},"author":1,"featured_media":0,"comment_status":"closed","ping_status":"open","sticky":false,"template":"","format":"standard","meta":{"footnotes":""},"categories":[8],"tags":[],"featured_image_url":"https:\/\/dummyimage.com\/720x400","character_count":966,"formatted_date":"01\/08\/2012 - 12:17","contentNovo":"\r\n<p>Procuradoras da Fazenda e outros membros de carreiras da AGU trataram da lei org\u00e2nica com o parlamentar que se colocou \u00e0 disposi\u00e7\u00e3o para propor emendas ao projeto.<\/p>\r\n<p>A reuni\u00e3o foi na \u00faltima segunda, 30 de julho, no escrit\u00f3rio do deputado Vieira da Cunha (PDT-RS) em Porto Alegre. Representaram o SINPROFAZ na audi\u00eancia a PFN Deysi D\u2019rolt, diretora jur\u00eddica do Sindicato, e a delegada sindical no Rio Grande do Sul, a PFN Maria do Carmo Puccini Caminha.<\/p>\r\n<p>A pauta da reuni\u00e3o foi a proposta de revis\u00e3o da Lei Complementar da Advocacia-Geral da Uni\u00e3o, agora divulgada oficialmente pela AGU. Os advogados p\u00fablicos comentaram especialmente sobre a aus\u00eancia de previs\u00e3o de prerrogativas \u00e0s carreiras, que esperavam fossem bem pr\u00f3ximas as dos membros da Magistratura e as do Minist\u00e9rio P\u00fablico, que entendem de Direito, em vista das fun\u00e7\u00f5es similares que exercem. Demonstraram sua inconformidade com alguns itens, ora inclu\u00eddos no referido projeto, como a possibilidade de advogados n\u00e3o concursados virem a fazer parte do agora denominado \"Sistema AGU\", considerando um retrocesso ao que j\u00e1 havia sido determinado nas gest\u00f5es anteriores.<\/p>\r\n<p>Os advogados p\u00fablicos tamb\u00e9m expuseram ao deputado a preocupa\u00e7\u00e3o com o rumo que a atual administra\u00e7\u00e3o vem imprimindo a \u00e0 Institui\u00e7\u00e3o.<\/p>\r\n<p>O deputado Vieira da Cunha disse que conhece as demandas da advocacia p\u00fablica e que pretende se inteirar mais sobre o atual quadro da AGU e suas perspectivas estruturais e salariais. Ele colocou o mandato e sua participa\u00e7\u00e3o como membro da Comiss\u00e3o de Constitui\u00e7\u00e3o e Justi\u00e7a da C\u00e2mara dos Deputados \u00e0 disposi\u00e7\u00e3o das associa\u00e7\u00f5es e das carreiras para, quando o projeto de Lei Complementar chegar ao Congresso, debater e discutir a possibilidade de sua altera\u00e7\u00e3o mediante apresenta\u00e7\u00e3o de emendas que viabilizem os pleitos por melhorias estruturais da AGU e por prerrogativas dos advogados p\u00fablicos federais.<\/p>\r\n<p style=\"margin-top: 80px; text-align: center;\"><\/p>","_links":{"self":[{"href":"https:\/\/sinprofaz.org.br\/2024\/wp-json\/wp\/v2\/posts\/939"}],"collection":[{"href":"https:\/\/sinprofaz.org.br\/2024\/wp-json\/wp\/v2\/posts"}],"about":[{"href":"https:\/\/sinprofaz.org.br\/2024\/wp-json\/wp\/v2\/types\/post"}],"author":[{"embeddable":true,"href":"https:\/\/sinprofaz.org.br\/2024\/wp-json\/wp\/v2\/users\/1"}],"replies":[{"embeddable":true,"href":"https:\/\/sinprofaz.org.br\/2024\/wp-json\/wp\/v2\/comments?post=939"}],"version-history":[{"count":0,"href":"https:\/\/sinprofaz.org.br\/2024\/wp-json\/wp\/v2\/posts\/939\/revisions"}],"wp:attachment":[{"href":"https:\/\/sinprofaz.org.br\/2024\/wp-json\/wp\/v2\/media?parent=939"}],"wp:term":[{"taxonomy":"category","embeddable":true,"href":"https:\/\/sinprofaz.org.br\/2024\/wp-json\/wp\/v2\/categories?post=939"},{"taxonomy":"post_tag","embeddable":true,"href":"https:\/\/sinprofaz.org.br\/2024\/wp-json\/wp\/v2\/tags?post=939"}],"curies":[{"name":"wp","href":"https:\/\/api.w.org\/{rel}","templated":true}]}}