{"id":9368,"date":"2019-03-29T08:55:45","date_gmt":"2019-03-29T11:55:45","guid":{"rendered":"http:\/\/www.sinprofaz.org.br\/?p=9368"},"modified":"2019-04-01T10:33:20","modified_gmt":"2019-04-01T13:33:20","slug":"ultimo-dia-para-preencher-procuracao-eletronica-da-ago-2019","status":"publish","type":"post","link":"https:\/\/sinprofaz.org.br\/2024\/noticias\/ultimo-dia-para-preencher-procuracao-eletronica-da-ago-2019\/","title":{"rendered":"\u00daLTIMO DIA PARA PREENCHER PROCURA\u00c7\u00c3O ELETR\u00d4NICA DA AGO 2019"},"content":{"rendered":"<p>Hoje (29) \u00e9 o \u00faltimo dia para que os filiados do SINPROFAZ preencham a procura\u00e7\u00e3o eletr\u00f4nica e participem, assim, da AGO 2019. Para preencher, basta acessar a <a href=\"http:\/\/bit.ly\/2VSjnwo\" target=\"_blank\" rel=\"noopener\">\u00c1rea do Filiado<\/a> (\u00e9 necess\u00e1rio digitar matr\u00edcula e senha) e buscar pelo link &#8220;Procura\u00e7\u00e3o Eletr\u00f4nica \u2013 Mar\u00e7o\/2019&#8221;.<\/p>\n<p>A procura\u00e7\u00e3o digital outorga a representa\u00e7\u00e3o na Assembleia ao presidente do Sindicato. Para indicar outro outorgado, os filiados devem utilizar a vers\u00e3o impressa da procura\u00e7\u00e3o, que precisa ser preenchida e entregue ao delegado sindical do estado correspondente.<\/p>\n<p>A Assembleia Geral Ordin\u00e1ria 2019 ocorre amanh\u00e3, a partir das 9h30, no Comfort Suites Bras\u00edlia, localizado no SHN Quadra 04, Bloco D, Asa Norte, Bras\u00edlia\/DF.<\/p>\n","protected":false},"excerpt":{"rendered":"<p>Hoje \u00e9 o \u00faltimo dia para que os filiados do SINPROFAZ preencham a procura\u00e7\u00e3o eletr\u00f4nica e participem da AGO 2019. Para preencher, basta acessar a \u00c1rea do Filiado (\u00e9 necess\u00e1rio digitar matr\u00edcula e senha) e buscar pelo link &#8220;Procura\u00e7\u00e3o Eletr\u00f4nica \u2013 Mar\u00e7o\/2019&#8221;.<\/p>\n","protected":false},"author":2,"featured_media":2626,"comment_status":"open","ping_status":"open","sticky":false,"template":"","format":"standard","meta":{"footnotes":""},"categories":[8],"tags":[41,32,25],"featured_image_url":"https:\/\/sinprofaz.org.br\/2024\/wp-content\/uploads\/2016\/01\/logo-sinprofaz.jpg","character_count":366,"formatted_date":"29\/03\/2019 - 08:55","contentNovo":"Hoje (29) \u00e9 o \u00faltimo dia para que os filiados do SINPROFAZ preencham a procura\u00e7\u00e3o eletr\u00f4nica e participem, assim, da AGO 2019. Para preencher, basta acessar a <a href=\"http:\/\/bit.ly\/2VSjnwo\" target=\"_blank\" rel=\"noopener\">\u00c1rea do Filiado<\/a> (\u00e9 necess\u00e1rio digitar matr\u00edcula e senha) e buscar pelo link \"Procura\u00e7\u00e3o Eletr\u00f4nica \u2013 Mar\u00e7o\/2019\".\r\n\r\nA procura\u00e7\u00e3o digital outorga a representa\u00e7\u00e3o na Assembleia ao presidente do Sindicato. Para indicar outro outorgado, os filiados devem utilizar a vers\u00e3o impressa da procura\u00e7\u00e3o, que precisa ser preenchida e entregue ao delegado sindical do estado correspondente.\r\n\r\nA Assembleia Geral Ordin\u00e1ria 2019 ocorre amanh\u00e3, a partir das 9h30, no Comfort Suites Bras\u00edlia, localizado no SHN Quadra 04, Bloco D, Asa Norte, Bras\u00edlia\/DF.","_links":{"self":[{"href":"https:\/\/sinprofaz.org.br\/2024\/wp-json\/wp\/v2\/posts\/9368"}],"collection":[{"href":"https:\/\/sinprofaz.org.br\/2024\/wp-json\/wp\/v2\/posts"}],"about":[{"href":"https:\/\/sinprofaz.org.br\/2024\/wp-json\/wp\/v2\/types\/post"}],"author":[{"embeddable":true,"href":"https:\/\/sinprofaz.org.br\/2024\/wp-json\/wp\/v2\/users\/2"}],"replies":[{"embeddable":true,"href":"https:\/\/sinprofaz.org.br\/2024\/wp-json\/wp\/v2\/comments?post=9368"}],"version-history":[{"count":2,"href":"https:\/\/sinprofaz.org.br\/2024\/wp-json\/wp\/v2\/posts\/9368\/revisions"}],"predecessor-version":[{"id":9372,"href":"https:\/\/sinprofaz.org.br\/2024\/wp-json\/wp\/v2\/posts\/9368\/revisions\/9372"}],"wp:featuredmedia":[{"embeddable":true,"href":"https:\/\/sinprofaz.org.br\/2024\/wp-json\/wp\/v2\/media\/2626"}],"wp:attachment":[{"href":"https:\/\/sinprofaz.org.br\/2024\/wp-json\/wp\/v2\/media?parent=9368"}],"wp:term":[{"taxonomy":"category","embeddable":true,"href":"https:\/\/sinprofaz.org.br\/2024\/wp-json\/wp\/v2\/categories?post=9368"},{"taxonomy":"post_tag","embeddable":true,"href":"https:\/\/sinprofaz.org.br\/2024\/wp-json\/wp\/v2\/tags?post=9368"}],"curies":[{"name":"wp","href":"https:\/\/api.w.org\/{rel}","templated":true}]}}