{"id":9354,"date":"2019-03-26T08:45:56","date_gmt":"2019-03-26T11:45:56","guid":{"rendered":"http:\/\/www.sinprofaz.org.br\/?p=9354"},"modified":"2019-03-27T09:36:37","modified_gmt":"2019-03-27T12:36:37","slug":"ago-2019-acesse-a-procuracao-eletronica-na-area-do-filiado","status":"publish","type":"post","link":"https:\/\/sinprofaz.org.br\/2024\/noticias\/ago-2019-acesse-a-procuracao-eletronica-na-area-do-filiado\/","title":{"rendered":"AGO 2019: ACESSE A PROCURA\u00c7\u00c3O ELETR\u00d4NICA NA \u00c1REA DO FILIADO"},"content":{"rendered":"<p>No pr\u00f3ximo s\u00e1bado (30), o SINPROFAZ realiza a Assembleia Geral Ordin\u00e1ria 2019. A reuni\u00e3o ocorre a partir das 9h30, no Comfort Suites Bras\u00edlia, localizado no SHN Quadra 04, Bloco D, Asa Norte, Bras\u00edlia\/DF.<\/p>\n<p>Para aqueles que n\u00e3o puderem comparecer, o SINPROFAZ disponibiliza uma procura\u00e7\u00e3o eletr\u00f4nica que outorga a representa\u00e7\u00e3o na Assembleia ao presidente do Sindicato. Para ter acesso \u00e0 Procura\u00e7\u00e3o Eletr\u00f4nica &#8211; Mar\u00e7o\/2019, acesse a \u00c1rea do Filiado (\u00e9 necess\u00e1rio digitar matr\u00edcula e senha): <a href=\"http:\/\/bit.ly\/2VSjnwo\" rel=\"noopener\" target=\"_blank\">bit.ly\/2VSjnwo<\/a>.<\/p>\n<p>Os associados podem ainda indicar outro outorgado. Para tal, devem utilizar a vers\u00e3o impressa da procura\u00e7\u00e3o, que pode ser entregue preenchida ao delegado sindical do estado correspondente ou encaminhada ao SINPROFAZ via Correios.<\/p>\n","protected":false},"excerpt":{"rendered":"<p>No pr\u00f3ximo s\u00e1bado (30), o SINPROFAZ realiza a AGO 2019. A reuni\u00e3o ocorre a partir das 9h30, em Bras\u00edlia\/DF. Para aqueles que n\u00e3o puderem comparecer, o SINPROFAZ disponibiliza uma procura\u00e7\u00e3o eletr\u00f4nica que outorga a representa\u00e7\u00e3o ao presidente.<\/p>\n","protected":false},"author":2,"featured_media":2626,"comment_status":"open","ping_status":"open","sticky":false,"template":"","format":"standard","meta":{"footnotes":""},"categories":[8],"tags":[41,32,25],"featured_image_url":"https:\/\/sinprofaz.org.br\/2024\/wp-content\/uploads\/2016\/01\/logo-sinprofaz.jpg","character_count":383,"formatted_date":"26\/03\/2019 - 08:45","contentNovo":"No pr\u00f3ximo s\u00e1bado (30), o SINPROFAZ realiza a Assembleia Geral Ordin\u00e1ria 2019. A reuni\u00e3o ocorre a partir das 9h30, no Comfort Suites Bras\u00edlia, localizado no SHN Quadra 04, Bloco D, Asa Norte, Bras\u00edlia\/DF.\r\n\r\nPara aqueles que n\u00e3o puderem comparecer, o SINPROFAZ disponibiliza uma procura\u00e7\u00e3o eletr\u00f4nica que outorga a representa\u00e7\u00e3o na Assembleia ao presidente do Sindicato. Para ter acesso \u00e0 Procura\u00e7\u00e3o Eletr\u00f4nica - Mar\u00e7o\/2019, acesse a \u00c1rea do Filiado (\u00e9 necess\u00e1rio digitar matr\u00edcula e senha): <a href=\"http:\/\/bit.ly\/2VSjnwo\" rel=\"noopener\" target=\"_blank\">bit.ly\/2VSjnwo<\/a>.\r\n\r\nOs associados podem ainda indicar outro outorgado. Para tal, devem utilizar a vers\u00e3o impressa da procura\u00e7\u00e3o, que pode ser entregue preenchida ao delegado sindical do estado correspondente ou encaminhada ao SINPROFAZ via Correios.","_links":{"self":[{"href":"https:\/\/sinprofaz.org.br\/2024\/wp-json\/wp\/v2\/posts\/9354"}],"collection":[{"href":"https:\/\/sinprofaz.org.br\/2024\/wp-json\/wp\/v2\/posts"}],"about":[{"href":"https:\/\/sinprofaz.org.br\/2024\/wp-json\/wp\/v2\/types\/post"}],"author":[{"embeddable":true,"href":"https:\/\/sinprofaz.org.br\/2024\/wp-json\/wp\/v2\/users\/2"}],"replies":[{"embeddable":true,"href":"https:\/\/sinprofaz.org.br\/2024\/wp-json\/wp\/v2\/comments?post=9354"}],"version-history":[{"count":2,"href":"https:\/\/sinprofaz.org.br\/2024\/wp-json\/wp\/v2\/posts\/9354\/revisions"}],"predecessor-version":[{"id":9356,"href":"https:\/\/sinprofaz.org.br\/2024\/wp-json\/wp\/v2\/posts\/9354\/revisions\/9356"}],"wp:featuredmedia":[{"embeddable":true,"href":"https:\/\/sinprofaz.org.br\/2024\/wp-json\/wp\/v2\/media\/2626"}],"wp:attachment":[{"href":"https:\/\/sinprofaz.org.br\/2024\/wp-json\/wp\/v2\/media?parent=9354"}],"wp:term":[{"taxonomy":"category","embeddable":true,"href":"https:\/\/sinprofaz.org.br\/2024\/wp-json\/wp\/v2\/categories?post=9354"},{"taxonomy":"post_tag","embeddable":true,"href":"https:\/\/sinprofaz.org.br\/2024\/wp-json\/wp\/v2\/tags?post=9354"}],"curies":[{"name":"wp","href":"https:\/\/api.w.org\/{rel}","templated":true}]}}