{"id":933,"date":"2012-07-27T16:31:06","date_gmt":"2012-07-27T16:31:06","guid":{"rendered":""},"modified":"-0001-11-30T00:00:00","modified_gmt":"-0001-11-30T03:00:00","slug":"pfns-de-pernambuco-mobilizados-em-conjunto-com-outros-servidores","status":"publish","type":"post","link":"https:\/\/sinprofaz.org.br\/2024\/noticias\/pfns-de-pernambuco-mobilizados-em-conjunto-com-outros-servidores\/","title":{"rendered":"PFNs de Pernambuco mobilizados em conjunto com outros servidores"},"content":{"rendered":"<p><img loading=\"lazy\" decoding=\"async\" style=\"margin-right: 10px; border: 1px solid #000000; float: left;\" alt=\"pfns-pernambuco-27072012-2\" src=\"images\/noticias\/pfns-pernambuco\/pfns-pernambuco-27072012-2.jpg\" height=\"154\" width=\"218\" \/>A pauta das manifesta\u00e7\u00f5es n\u00e3o \u00e9 meramente salarial. Ressalta principalmente o sucateamento das carreiras t\u00edpicas de Estado e a falta de condi\u00e7\u00f5es adequadas de trabalho, realidade tamb\u00e9m presente na PRFN5 em Recife.<\/p>\n<p>Os Procuradores da Fazenda lotados em Recife est\u00e3o mobilizados e participaram nesta quinta-feira, 26\/07, de ato que reuniu cerca de 300 servidores p\u00fablicos de categorias profissionais diversas. A manifesta\u00e7\u00e3o ocorreu em frente ao pr\u00e9dio do Banco Central.<\/p>\n<p>Al\u00e9m de Procuradores da Fazenda, marcaram presen\u00e7a membros das demais carreiras da AGU, auditores fiscais, servidores do BC e peritos criminais da Pol\u00edcia Federal.<\/p>\n<p>Segundo os servidores, nenhum representante do Governo apareceu na manifesta\u00e7\u00e3o e os presentes agendaram novo ato de protesto para a pr\u00f3xima ter\u00e7a-feira, 31\/07, na SRT (antiga DRT), localizada na Avenida Agamenon Magalh\u00e3es.<\/p>\n<p style=\"margin-top: 80px; text-align: center;\"><img decoding=\"async\" style=\"border: 1px solid #000000;\" title=\"Mobiliza\u00e7\u00e3o\" alt=\"Banner Mobiliza\u00e7\u00e3o\" src=\"\/images\/noticias\/mobilizacao2.gif\" \/><\/p>\n","protected":false},"excerpt":{"rendered":"<p>No pr\u00f3ximo dia 31\/07, ser\u00e1 realizado mais um ato de protesto de servidores p\u00fablicos na SRT (antiga DRT), localizada na Avenida Agamenon Magalh\u00e3es.<\/p>\n","protected":false},"author":1,"featured_media":0,"comment_status":"closed","ping_status":"open","sticky":false,"template":"","format":"standard","meta":{"footnotes":""},"categories":[8],"tags":[],"featured_image_url":"https:\/\/dummyimage.com\/720x400","character_count":440,"formatted_date":"27\/07\/2012 - 16:31","contentNovo":"\r\n<p>A pauta das manifesta\u00e7\u00f5es n\u00e3o \u00e9 meramente salarial. Ressalta principalmente o sucateamento das carreiras t\u00edpicas de Estado e a falta de condi\u00e7\u00f5es adequadas de trabalho, realidade tamb\u00e9m presente na PRFN5 em Recife.<\/p>\r\n<p>Os Procuradores da Fazenda lotados em Recife est\u00e3o mobilizados e participaram nesta quinta-feira, 26\/07, de ato que reuniu cerca de 300 servidores p\u00fablicos de categorias profissionais diversas. A manifesta\u00e7\u00e3o ocorreu em frente ao pr\u00e9dio do Banco Central.<\/p>\r\n<p>Al\u00e9m de Procuradores da Fazenda, marcaram presen\u00e7a membros das demais carreiras da AGU, auditores fiscais, servidores do BC e peritos criminais da Pol\u00edcia Federal.<\/p>\r\n<p>Segundo os servidores, nenhum representante do Governo apareceu na manifesta\u00e7\u00e3o e os presentes agendaram novo ato de protesto para a pr\u00f3xima ter\u00e7a-feira, 31\/07, na SRT (antiga DRT), localizada na Avenida Agamenon Magalh\u00e3es.<\/p>\r\n<p style=\"margin-top: 80px; text-align: center;\"><\/p>","_links":{"self":[{"href":"https:\/\/sinprofaz.org.br\/2024\/wp-json\/wp\/v2\/posts\/933"}],"collection":[{"href":"https:\/\/sinprofaz.org.br\/2024\/wp-json\/wp\/v2\/posts"}],"about":[{"href":"https:\/\/sinprofaz.org.br\/2024\/wp-json\/wp\/v2\/types\/post"}],"author":[{"embeddable":true,"href":"https:\/\/sinprofaz.org.br\/2024\/wp-json\/wp\/v2\/users\/1"}],"replies":[{"embeddable":true,"href":"https:\/\/sinprofaz.org.br\/2024\/wp-json\/wp\/v2\/comments?post=933"}],"version-history":[{"count":0,"href":"https:\/\/sinprofaz.org.br\/2024\/wp-json\/wp\/v2\/posts\/933\/revisions"}],"wp:attachment":[{"href":"https:\/\/sinprofaz.org.br\/2024\/wp-json\/wp\/v2\/media?parent=933"}],"wp:term":[{"taxonomy":"category","embeddable":true,"href":"https:\/\/sinprofaz.org.br\/2024\/wp-json\/wp\/v2\/categories?post=933"},{"taxonomy":"post_tag","embeddable":true,"href":"https:\/\/sinprofaz.org.br\/2024\/wp-json\/wp\/v2\/tags?post=933"}],"curies":[{"name":"wp","href":"https:\/\/api.w.org\/{rel}","templated":true}]}}