{"id":9327,"date":"2019-03-19T08:55:25","date_gmt":"2019-03-19T11:55:25","guid":{"rendered":"http:\/\/www.sinprofaz.org.br\/?p=9327"},"modified":"2019-03-26T14:21:59","modified_gmt":"2019-03-26T17:21:59","slug":"sinprofaz-comparece-a-solenidade-de-posse-da-nova-diretoria-da-anauni","status":"publish","type":"post","link":"https:\/\/sinprofaz.org.br\/2024\/noticias\/sinprofaz-comparece-a-solenidade-de-posse-da-nova-diretoria-da-anauni\/","title":{"rendered":"SINPROFAZ COMPARECE \u00c0 SOLENIDADE DE POSSE DA NOVA DIRETORIA DA ANAUNI"},"content":{"rendered":"<p>O SINPROFAZ, representado pelo presidente Achilles Frias, participou na sexta-feira (15) da solenidade de posse da diretoria da Associa\u00e7\u00e3o Nacional dos Advogados da Uni\u00e3o &#8211; ANAUNI eleita para o bi\u00eanio 2019-2021. Na ocasi\u00e3o do evento, Achilles Frias representou tamb\u00e9m o F\u00f3rum Nacional da Advocacia P\u00fablica Federal.<\/p>\n<p>A cerim\u00f4nia realizada em Bras\u00edlia\/DF contou com a presen\u00e7a de associados e autoridades, como o advogado-geral da Uni\u00e3o, Andr\u00e9 Mendon\u00e7a, e o ex-AGU e ex-ministro da Justi\u00e7a, Jos\u00e9 Eduardo Cardozo.<\/p>\n","protected":false},"excerpt":{"rendered":"<p>O SINPROFAZ, representado por Achilles Frias, participou na sexta-feira (15) da solenidade de posse da diretoria da Associa\u00e7\u00e3o Nacional dos Advogados da Uni\u00e3o &#8211; ANAUNI eleita para o bi\u00eanio 2019\/2021. Na ocasi\u00e3o do evento, Achilles Frias representou tamb\u00e9m o FORVM.<\/p>\n","protected":false},"author":2,"featured_media":9328,"comment_status":"open","ping_status":"open","sticky":false,"template":"","format":"standard","meta":{"footnotes":""},"categories":[8],"tags":[34,32,25],"featured_image_url":"https:\/\/sinprofaz.org.br\/2024\/wp-content\/uploads\/2019\/03\/01-6-651x198.jpg","character_count":266,"formatted_date":"19\/03\/2019 - 08:55","contentNovo":"O SINPROFAZ, representado pelo presidente Achilles Frias, participou na sexta-feira (15) da solenidade de posse da diretoria da Associa\u00e7\u00e3o Nacional dos Advogados da Uni\u00e3o - ANAUNI eleita para o bi\u00eanio 2019-2021. Na ocasi\u00e3o do evento, Achilles Frias representou tamb\u00e9m o F\u00f3rum Nacional da Advocacia P\u00fablica Federal.\r\n\r\nA cerim\u00f4nia realizada em Bras\u00edlia\/DF contou com a presen\u00e7a de associados e autoridades, como o advogado-geral da Uni\u00e3o, Andr\u00e9 Mendon\u00e7a, e o ex-AGU e ex-ministro da Justi\u00e7a, Jos\u00e9 Eduardo Cardozo.","_links":{"self":[{"href":"https:\/\/sinprofaz.org.br\/2024\/wp-json\/wp\/v2\/posts\/9327"}],"collection":[{"href":"https:\/\/sinprofaz.org.br\/2024\/wp-json\/wp\/v2\/posts"}],"about":[{"href":"https:\/\/sinprofaz.org.br\/2024\/wp-json\/wp\/v2\/types\/post"}],"author":[{"embeddable":true,"href":"https:\/\/sinprofaz.org.br\/2024\/wp-json\/wp\/v2\/users\/2"}],"replies":[{"embeddable":true,"href":"https:\/\/sinprofaz.org.br\/2024\/wp-json\/wp\/v2\/comments?post=9327"}],"version-history":[{"count":1,"href":"https:\/\/sinprofaz.org.br\/2024\/wp-json\/wp\/v2\/posts\/9327\/revisions"}],"predecessor-version":[{"id":9329,"href":"https:\/\/sinprofaz.org.br\/2024\/wp-json\/wp\/v2\/posts\/9327\/revisions\/9329"}],"wp:featuredmedia":[{"embeddable":true,"href":"https:\/\/sinprofaz.org.br\/2024\/wp-json\/wp\/v2\/media\/9328"}],"wp:attachment":[{"href":"https:\/\/sinprofaz.org.br\/2024\/wp-json\/wp\/v2\/media?parent=9327"}],"wp:term":[{"taxonomy":"category","embeddable":true,"href":"https:\/\/sinprofaz.org.br\/2024\/wp-json\/wp\/v2\/categories?post=9327"},{"taxonomy":"post_tag","embeddable":true,"href":"https:\/\/sinprofaz.org.br\/2024\/wp-json\/wp\/v2\/tags?post=9327"}],"curies":[{"name":"wp","href":"https:\/\/api.w.org\/{rel}","templated":true}]}}