{"id":932,"date":"2012-07-27T16:09:16","date_gmt":"2012-07-27T16:09:16","guid":{"rendered":""},"modified":"-0001-11-30T00:00:00","modified_gmt":"-0001-11-30T03:00:00","slug":"servidores-publicos-federais-realizam-protesto-na-esplanada-dos-ministerios","status":"publish","type":"post","link":"https:\/\/sinprofaz.org.br\/2024\/noticias\/servidores-publicos-federais-realizam-protesto-na-esplanada-dos-ministerios\/","title":{"rendered":"Servidores p\u00fablicos federais realizam protesto na Esplanada dos Minist\u00e9rios"},"content":{"rendered":"<p>Al\u00e9m do F\u00f3rum Nacional da Advocacia P\u00fablica Federal (Anajur, Apaferj, Sinprofaz, Anpaf, Anpprev, Apbc), Unafe e Anadef, o ato reuniu Delegados e Peritos da Pol\u00edcia Federal, Oficiais da Intelig\u00eancia, Auditores da Receita Federal e do Trabalho, Servidores do Minist\u00e9rio das Rela\u00e7\u00f5es Exteriores, Ciclo de Gest\u00e3o, N\u00facleo Financeiro e Ag\u00eancias Reguladoras em frente ao pr\u00e9dio do Minist\u00e9rio do Planejamento.<\/p>\n<p>Cerca de tr\u00eas mil pessoas integraram a mobiliza\u00e7\u00e3o que parou a Esplanada dos Minist\u00e9rios e contou no seu final com a participa\u00e7\u00e3o tamb\u00e9m das For\u00e7as de Seguran\u00e7a P\u00fablica do Distrito Federal, gerando cerca de 4 km de congestionamento. A imprensa deu ampla cobertura para a mobiliza\u00e7\u00e3o.<\/p>\n<p>Os dirigentes das entidades mobilizadas endureceram os discursos contra a aus\u00eancia de di\u00e1logo e propostas reais do Governo em rela\u00e7\u00e3o \u00e0 negocia\u00e7\u00e3o salarial das carreiras que, embora corram em mesas separadas, vem recebendo o mesmo tratamento de descaso do Governo Federal.<\/p>\n<p>Os dirigentes das entidades da Advocacia e Defensoria P\u00fablicas Federais alertaram em suas falas sobre a paralisa\u00e7\u00e3o de algumas atividades por meio de opera\u00e7\u00e3o-padr\u00e3o dos Advogados e Defensores P\u00fablicos Federais e enfatizaram a insatisfa\u00e7\u00e3o dos membros com o atual quadro vivenciado nas Institui\u00e7\u00f5es.<\/p>\n<p>Os representantes dos Advogados e Defensores P\u00fablicos Federais refor\u00e7aram que, ap\u00f3s dois anos de negocia\u00e7\u00f5es salariais infrut\u00edferas com o Governo Federal, as bases est\u00e3o sendo empurradas para a greve e que n\u00e3o temer\u00e3o usar de paralisa\u00e7\u00f5es gerais de suas atividades para obter do Governo o reconhecimento salarial da import\u00e2ncia de suas atribui\u00e7\u00f5es.<\/p>\n<p>Outro ponto abordado no discurso pelos representantes das carreiras jur\u00eddicas federais foi a postura d\u00fabia do Governo em rela\u00e7\u00e3o ao que determina a Constitui\u00e7\u00e3o Federal pois, para estabelecer a nova Previd\u00eancia Complementar para o Servi\u00e7o P\u00fablico, o discurso do Governo foi o cumprimento da Constitui\u00e7\u00e3o, por\u00e9m o mesmo Governo ignora a determina\u00e7\u00e3o constitucional de revis\u00e3o geral anual dos subs\u00eddios.<\/p>\n<p>Os demais representantes classistas e sindicais enfatizaram em suas manifesta\u00e7\u00f5es que a postura de ignorar as reivindica\u00e7\u00f5es das categorias, que negociam em mesas separadas, est\u00e1 sendo mantida pelo Governo e enfatizaram que o momento \u00e9 de radicaliza\u00e7\u00e3o para que a Presidente da Rep\u00fablica reconhe\u00e7a o trabalho desempenhado pelas carreiras que t\u00eam papel estrat\u00e9gico para o funcionamento do Estado.<\/p>\n<p>Novas mobiliza\u00e7\u00f5es conjuntas j\u00e1 est\u00e3o sendo programadas pelas entidades e ser\u00e3o divulgadas de acordo com as reuni\u00f5es entre os Dirigentes associativos e sindicais das carreiras que buscam em conjunto melhores condi\u00e7\u00f5es de trabalho.<\/p>\n<p><img loading=\"lazy\" decoding=\"async\" style=\"border: 1px solid #000000;\" alt=\"\" src=\"images\/noticias\/protesto-servidores-27072012\/IMG_0072.JPG\" height=\"120\" width=\"180\" \/> <img loading=\"lazy\" decoding=\"async\" style=\"border: 1px solid #000000;\" alt=\"\" src=\"images\/noticias\/protesto-servidores-27072012\/IMG_0095.JPG\" height=\"120\" width=\"180\" \/> <img loading=\"lazy\" decoding=\"async\" style=\"border: 1px solid #000000;\" alt=\"\" src=\"images\/noticias\/protesto-servidores-27072012\/IMG_0096.JPG\" height=\"120\" width=\"180\" \/> <img loading=\"lazy\" decoding=\"async\" style=\"border: 1px solid #000000;\" alt=\"\" src=\"images\/noticias\/protesto-servidores-27072012\/IMG_0132.JPG\" height=\"120\" width=\"180\" \/> <img loading=\"lazy\" decoding=\"async\" style=\"border: 1px solid #000000;\" alt=\"\" src=\"images\/noticias\/protesto-servidores-27072012\/IMG_0175.JPG\" height=\"120\" width=\"180\" \/> <img loading=\"lazy\" decoding=\"async\" style=\"border: 1px solid #000000;\" alt=\"\" src=\"images\/noticias\/protesto-servidores-27072012\/IMG_0180.JPG\" height=\"120\" width=\"180\" \/><\/p>\n<p style=\"margin-top: 80px; text-align: center;\"><img decoding=\"async\" title=\"Mobiliza\u00e7\u00e3o\" alt=\"Banner Mobiliza\u00e7\u00e3o\" src=\"\/images\/noticias\/mobilizacao2.gif\" \/><\/p>\n","protected":false},"excerpt":{"rendered":"<p>Os dirigentes e associados do Forvm integraram ontem, 26\/07, mais um grande ato de protesto promovido em conjunto com outras categorias do servi\u00e7o p\u00fablico federal.<\/p>\n","protected":false},"author":1,"featured_media":0,"comment_status":"closed","ping_status":"open","sticky":false,"template":"","format":"standard","meta":{"footnotes":""},"categories":[8],"tags":[],"featured_image_url":"https:\/\/dummyimage.com\/720x400","character_count":1369,"formatted_date":"27\/07\/2012 - 16:09","contentNovo":"\r\n<p>Al\u00e9m do F\u00f3rum Nacional da Advocacia P\u00fablica Federal (Anajur, Apaferj, Sinprofaz, Anpaf, Anpprev, Apbc), Unafe e Anadef, o ato reuniu Delegados e Peritos da Pol\u00edcia Federal, Oficiais da Intelig\u00eancia, Auditores da Receita Federal e do Trabalho, Servidores do Minist\u00e9rio das Rela\u00e7\u00f5es Exteriores, Ciclo de Gest\u00e3o, N\u00facleo Financeiro e Ag\u00eancias Reguladoras em frente ao pr\u00e9dio do Minist\u00e9rio do Planejamento.<\/p>\r\n<p>Cerca de tr\u00eas mil pessoas integraram a mobiliza\u00e7\u00e3o que parou a Esplanada dos Minist\u00e9rios e contou no seu final com a participa\u00e7\u00e3o tamb\u00e9m das For\u00e7as de Seguran\u00e7a P\u00fablica do Distrito Federal, gerando cerca de 4 km de congestionamento. A imprensa deu ampla cobertura para a mobiliza\u00e7\u00e3o.<\/p>\r\n<p>Os dirigentes das entidades mobilizadas endureceram os discursos contra a aus\u00eancia de di\u00e1logo e propostas reais do Governo em rela\u00e7\u00e3o \u00e0 negocia\u00e7\u00e3o salarial das carreiras que, embora corram em mesas separadas, vem recebendo o mesmo tratamento de descaso do Governo Federal.<\/p>\r\n<p>Os dirigentes das entidades da Advocacia e Defensoria P\u00fablicas Federais alertaram em suas falas sobre a paralisa\u00e7\u00e3o de algumas atividades por meio de opera\u00e7\u00e3o-padr\u00e3o dos Advogados e Defensores P\u00fablicos Federais e enfatizaram a insatisfa\u00e7\u00e3o dos membros com o atual quadro vivenciado nas Institui\u00e7\u00f5es.<\/p>\r\n<p>Os representantes dos Advogados e Defensores P\u00fablicos Federais refor\u00e7aram que, ap\u00f3s dois anos de negocia\u00e7\u00f5es salariais infrut\u00edferas com o Governo Federal, as bases est\u00e3o sendo empurradas para a greve e que n\u00e3o temer\u00e3o usar de paralisa\u00e7\u00f5es gerais de suas atividades para obter do Governo o reconhecimento salarial da import\u00e2ncia de suas atribui\u00e7\u00f5es.<\/p>\r\n<p>Outro ponto abordado no discurso pelos representantes das carreiras jur\u00eddicas federais foi a postura d\u00fabia do Governo em rela\u00e7\u00e3o ao que determina a Constitui\u00e7\u00e3o Federal pois, para estabelecer a nova Previd\u00eancia Complementar para o Servi\u00e7o P\u00fablico, o discurso do Governo foi o cumprimento da Constitui\u00e7\u00e3o, por\u00e9m o mesmo Governo ignora a determina\u00e7\u00e3o constitucional de revis\u00e3o geral anual dos subs\u00eddios.<\/p>\r\n<p>Os demais representantes classistas e sindicais enfatizaram em suas manifesta\u00e7\u00f5es que a postura de ignorar as reivindica\u00e7\u00f5es das categorias, que negociam em mesas separadas, est\u00e1 sendo mantida pelo Governo e enfatizaram que o momento \u00e9 de radicaliza\u00e7\u00e3o para que a Presidente da Rep\u00fablica reconhe\u00e7a o trabalho desempenhado pelas carreiras que t\u00eam papel estrat\u00e9gico para o funcionamento do Estado.<\/p>\r\n<p>Novas mobiliza\u00e7\u00f5es conjuntas j\u00e1 est\u00e3o sendo programadas pelas entidades e ser\u00e3o divulgadas de acordo com as reuni\u00f5es entre os Dirigentes associativos e sindicais das carreiras que buscam em conjunto melhores condi\u00e7\u00f5es de trabalho.<\/p>\r\n<p>     <\/p>\r\n<p style=\"margin-top: 80px; text-align: center;\"><\/p>","_links":{"self":[{"href":"https:\/\/sinprofaz.org.br\/2024\/wp-json\/wp\/v2\/posts\/932"}],"collection":[{"href":"https:\/\/sinprofaz.org.br\/2024\/wp-json\/wp\/v2\/posts"}],"about":[{"href":"https:\/\/sinprofaz.org.br\/2024\/wp-json\/wp\/v2\/types\/post"}],"author":[{"embeddable":true,"href":"https:\/\/sinprofaz.org.br\/2024\/wp-json\/wp\/v2\/users\/1"}],"replies":[{"embeddable":true,"href":"https:\/\/sinprofaz.org.br\/2024\/wp-json\/wp\/v2\/comments?post=932"}],"version-history":[{"count":0,"href":"https:\/\/sinprofaz.org.br\/2024\/wp-json\/wp\/v2\/posts\/932\/revisions"}],"wp:attachment":[{"href":"https:\/\/sinprofaz.org.br\/2024\/wp-json\/wp\/v2\/media?parent=932"}],"wp:term":[{"taxonomy":"category","embeddable":true,"href":"https:\/\/sinprofaz.org.br\/2024\/wp-json\/wp\/v2\/categories?post=932"},{"taxonomy":"post_tag","embeddable":true,"href":"https:\/\/sinprofaz.org.br\/2024\/wp-json\/wp\/v2\/tags?post=932"}],"curies":[{"name":"wp","href":"https:\/\/api.w.org\/{rel}","templated":true}]}}