{"id":93,"date":"2010-10-18T14:04:31","date_gmt":"2010-10-18T14:04:31","guid":{"rendered":""},"modified":"2016-03-16T12:11:51","modified_gmt":"2016-03-16T12:11:51","slug":"portal-do-stf-vai-oferecer-servico-de-certidoes-online","status":"publish","type":"post","link":"https:\/\/sinprofaz.org.br\/2024\/noticias\/portal-do-stf-vai-oferecer-servico-de-certidoes-online\/","title":{"rendered":"Portal do STF oferece servi\u00e7o de certid\u00f5es online"},"content":{"rendered":"<p>O usu\u00e1rio pode receber a certid\u00e3o assinada digitalmente em seu e-mail ou ainda retir\u00e1-la no balc\u00e3o de atendimento do STF (Central do Cidad\u00e3o e Atendimento), das 11h \u00e0s 19h, no t\u00e9rreo do Edif\u00edcio Anexo II.\u00a0<br style=\"font-family: Arial;\" \/><br style=\"font-family: Arial;\" \/>Segundo o STF, o prazo de emiss\u00e3o das certid\u00f5es \u00e9 de cinco dias, mas esse tempo pode aumentar nos casos de eventual complexidade do processo.<br style=\"font-family: Arial;\" \/><br style=\"font-family: Arial;\" \/>As certid\u00f5es de processos sob segredo de Justi\u00e7a s\u00f3 podem ser retiradas pessoalmente pelas partes da a\u00e7\u00e3o ou por advogado constitu\u00eddo nos autos, ou, ainda, por pessoa expressamente autorizada por eles.<br style=\"font-family: Arial;\" \/><br style=\"font-family: Arial;\" \/>Veja os tipos de certid\u00f5es que estar\u00e3o dispon\u00edveis por meio eletr\u00f4nico<\/p>\n<ul>\n<li>Certid\u00e3o de distribui\u00e7\u00f5es criminais<\/li>\n<li>Certid\u00e3o de distribui\u00e7\u00f5es c\u00edveis<\/li>\n<li>Certid\u00e3o de distribui\u00e7\u00f5es c\u00edveis e criminais<\/li>\n<li>Certid\u00e3o para fins eleitorais<\/li>\n<li>Certid\u00e3o de atua\u00e7\u00e3o profissional<\/li>\n<li>Certid\u00e3o de objeto e p\u00e9 do processo<\/li>\n<li>Certid\u00e3o de tr\u00e2nsito em julgado<\/li>\n<\/ul>\n","protected":false},"excerpt":{"rendered":"<p>O Supremo Tribunal Federal (STF) lan\u00e7ou o servi\u00e7o de pedido de certid\u00e3o por meio de seu portal na internet. O servi\u00e7o vai permitir ao usu\u00e1rio pedir e receber certid\u00f5es sem a necessidade de protocolar peti\u00e7\u00e3o.<\/p>\n","protected":false},"author":1,"featured_media":2626,"comment_status":"closed","ping_status":"open","sticky":false,"template":"","format":"standard","meta":{"footnotes":""},"categories":[8],"tags":[],"featured_image_url":"https:\/\/sinprofaz.org.br\/2024\/wp-content\/uploads\/2016\/01\/logo-sinprofaz.jpg","character_count":453,"formatted_date":"18\/10\/2010 - 14:04","contentNovo":"O usu\u00e1rio pode receber a certid\u00e3o assinada digitalmente em seu e-mail ou ainda retir\u00e1-la no balc\u00e3o de atendimento do STF (Central do Cidad\u00e3o e Atendimento), das 11h \u00e0s 19h, no t\u00e9rreo do Edif\u00edcio Anexo II.\u00a0Segundo o STF, o prazo de emiss\u00e3o das certid\u00f5es \u00e9 de cinco dias, mas esse tempo pode aumentar nos casos de eventual complexidade do processo.As certid\u00f5es de processos sob segredo de Justi\u00e7a s\u00f3 podem ser retiradas pessoalmente pelas partes da a\u00e7\u00e3o ou por advogado constitu\u00eddo nos autos, ou, ainda, por pessoa expressamente autorizada por eles.Veja os tipos de certid\u00f5es que estar\u00e3o dispon\u00edveis por meio eletr\u00f4nico\r\n\r\n\tCertid\u00e3o de distribui\u00e7\u00f5es criminais\r\n\tCertid\u00e3o de distribui\u00e7\u00f5es c\u00edveis\r\n\tCertid\u00e3o de distribui\u00e7\u00f5es c\u00edveis e criminais\r\n\tCertid\u00e3o para fins eleitorais\r\n\tCertid\u00e3o de atua\u00e7\u00e3o profissional\r\n\tCertid\u00e3o de objeto e p\u00e9 do processo\r\n\tCertid\u00e3o de tr\u00e2nsito em julgado\r\n","_links":{"self":[{"href":"https:\/\/sinprofaz.org.br\/2024\/wp-json\/wp\/v2\/posts\/93"}],"collection":[{"href":"https:\/\/sinprofaz.org.br\/2024\/wp-json\/wp\/v2\/posts"}],"about":[{"href":"https:\/\/sinprofaz.org.br\/2024\/wp-json\/wp\/v2\/types\/post"}],"author":[{"embeddable":true,"href":"https:\/\/sinprofaz.org.br\/2024\/wp-json\/wp\/v2\/users\/1"}],"replies":[{"embeddable":true,"href":"https:\/\/sinprofaz.org.br\/2024\/wp-json\/wp\/v2\/comments?post=93"}],"version-history":[{"count":1,"href":"https:\/\/sinprofaz.org.br\/2024\/wp-json\/wp\/v2\/posts\/93\/revisions"}],"predecessor-version":[{"id":3744,"href":"https:\/\/sinprofaz.org.br\/2024\/wp-json\/wp\/v2\/posts\/93\/revisions\/3744"}],"wp:featuredmedia":[{"embeddable":true,"href":"https:\/\/sinprofaz.org.br\/2024\/wp-json\/wp\/v2\/media\/2626"}],"wp:attachment":[{"href":"https:\/\/sinprofaz.org.br\/2024\/wp-json\/wp\/v2\/media?parent=93"}],"wp:term":[{"taxonomy":"category","embeddable":true,"href":"https:\/\/sinprofaz.org.br\/2024\/wp-json\/wp\/v2\/categories?post=93"},{"taxonomy":"post_tag","embeddable":true,"href":"https:\/\/sinprofaz.org.br\/2024\/wp-json\/wp\/v2\/tags?post=93"}],"curies":[{"name":"wp","href":"https:\/\/api.w.org\/{rel}","templated":true}]}}