{"id":9288,"date":"2019-03-13T17:59:08","date_gmt":"2019-03-13T20:59:08","guid":{"rendered":"http:\/\/www.sinprofaz.org.br\/?p=9288"},"modified":"2019-03-14T16:38:19","modified_gmt":"2019-03-14T19:38:19","slug":"sinprofaz-participa-de-comemoracoes-no-ceara-pelo-dia-da-advocacia-publica","status":"publish","type":"post","link":"https:\/\/sinprofaz.org.br\/2024\/noticias\/sinprofaz-participa-de-comemoracoes-no-ceara-pelo-dia-da-advocacia-publica\/","title":{"rendered":"SINPROFAZ PARTICIPA DE COMEMORA\u00c7\u00d5ES NO CEAR\u00c1 PELO DIA DA ADVOCACIA P\u00daBLICA"},"content":{"rendered":"<p>O SINPROFAZ, representado pela delegada sindical Danielle Mendes Pinheiro, participou dos eventos realizados no estado do Cear\u00e1 em celebra\u00e7\u00e3o ao Dia Nacional da Advocacia P\u00fablica, comemorado em 7 de mar\u00e7o. <\/p>\n<p>Por ocasi\u00e3o da data, Danielle Pinheiro concedeu entrevista ao programa Mundo Jur\u00eddico, da TV Fortaleza. Acompanhada da procuradora-chefe da PFN no Cear\u00e1, Joana Marta Onofre de Ara\u00fajo, a delegada falou sobre a atua\u00e7\u00e3o dos procuradores da Fazenda Nacional e os benef\u00edcios revertidos em favor da sociedade, al\u00e9m do papel da Advocacia P\u00fablica como Fun\u00e7\u00e3o Essencial \u00e0 busca pela justi\u00e7a social e fiscal no Brasil. <\/p>\n<p>As procuradoras da Fazenda Nacional tamb\u00e9m representaram a Carreira no lan\u00e7amento do Movimento Estadual de Valoriza\u00e7\u00e3o da Advocacia P\u00fablica, idealizado pela Ordem dos Advogados do Brasil &#8211; Sec\u00e7\u00e3o Cear\u00e1. Lan\u00e7ado no dia 7, o Movimento visa \u00e0 conscientiza\u00e7\u00e3o social sobre a import\u00e2ncia do papel dos advogados p\u00fablicos na defesa do Estado e no combate \u00e0 corrup\u00e7\u00e3o.<\/p>\n<p>No Cear\u00e1, as comemora\u00e7\u00f5es pelo Dia Nacional da Advocacia P\u00fablica ocorrem at\u00e9 26 de mar\u00e7o, data em que haver\u00e1 um evento na C\u00e2mara Municipal de Fortaleza. Na oportunidade, ser\u00e3o homenageados representantes de cada uma das carreiras da Advocacia P\u00fablica no estado.<\/p>\n","protected":false},"excerpt":{"rendered":"<p>O SINPROFAZ, representado pela delegada Danielle Pinheiro, participou dos eventos realizados no Cear\u00e1 em celebra\u00e7\u00e3o ao Dia Nacional da Advocacia P\u00fablica. Por ocasi\u00e3o da data, Danielle Pinheiro concedeu entrevista ao programa Mundo Jur\u00eddico, da TV Fortaleza. <\/p>\n","protected":false},"author":2,"featured_media":9290,"comment_status":"open","ping_status":"open","sticky":false,"template":"","format":"standard","meta":{"footnotes":""},"categories":[8],"tags":[34,32,25],"featured_image_url":"https:\/\/sinprofaz.org.br\/2024\/wp-content\/uploads\/2019\/03\/01-2-800x198.jpg","character_count":646,"formatted_date":"13\/03\/2019 - 17:59","contentNovo":"O SINPROFAZ, representado pela delegada sindical Danielle Mendes Pinheiro, participou dos eventos realizados no estado do Cear\u00e1 em celebra\u00e7\u00e3o ao Dia Nacional da Advocacia P\u00fablica, comemorado em 7 de mar\u00e7o. \r\n\r\nPor ocasi\u00e3o da data, Danielle Pinheiro concedeu entrevista ao programa Mundo Jur\u00eddico, da TV Fortaleza. Acompanhada da procuradora-chefe da PFN no Cear\u00e1, Joana Marta Onofre de Ara\u00fajo, a delegada falou sobre a atua\u00e7\u00e3o dos procuradores da Fazenda Nacional e os benef\u00edcios revertidos em favor da sociedade, al\u00e9m do papel da Advocacia P\u00fablica como Fun\u00e7\u00e3o Essencial \u00e0 busca pela justi\u00e7a social e fiscal no Brasil. \r\n\r\nAs procuradoras da Fazenda Nacional tamb\u00e9m representaram a Carreira no lan\u00e7amento do Movimento Estadual de Valoriza\u00e7\u00e3o da Advocacia P\u00fablica, idealizado pela Ordem dos Advogados do Brasil - Sec\u00e7\u00e3o Cear\u00e1. Lan\u00e7ado no dia 7, o Movimento visa \u00e0 conscientiza\u00e7\u00e3o social sobre a import\u00e2ncia do papel dos advogados p\u00fablicos na defesa do Estado e no combate \u00e0 corrup\u00e7\u00e3o.\r\n\r\nNo Cear\u00e1, as comemora\u00e7\u00f5es pelo Dia Nacional da Advocacia P\u00fablica ocorrem at\u00e9 26 de mar\u00e7o, data em que haver\u00e1 um evento na C\u00e2mara Municipal de Fortaleza. Na oportunidade, ser\u00e3o homenageados representantes de cada uma das carreiras da Advocacia P\u00fablica no estado.","_links":{"self":[{"href":"https:\/\/sinprofaz.org.br\/2024\/wp-json\/wp\/v2\/posts\/9288"}],"collection":[{"href":"https:\/\/sinprofaz.org.br\/2024\/wp-json\/wp\/v2\/posts"}],"about":[{"href":"https:\/\/sinprofaz.org.br\/2024\/wp-json\/wp\/v2\/types\/post"}],"author":[{"embeddable":true,"href":"https:\/\/sinprofaz.org.br\/2024\/wp-json\/wp\/v2\/users\/2"}],"replies":[{"embeddable":true,"href":"https:\/\/sinprofaz.org.br\/2024\/wp-json\/wp\/v2\/comments?post=9288"}],"version-history":[{"count":1,"href":"https:\/\/sinprofaz.org.br\/2024\/wp-json\/wp\/v2\/posts\/9288\/revisions"}],"predecessor-version":[{"id":9289,"href":"https:\/\/sinprofaz.org.br\/2024\/wp-json\/wp\/v2\/posts\/9288\/revisions\/9289"}],"wp:featuredmedia":[{"embeddable":true,"href":"https:\/\/sinprofaz.org.br\/2024\/wp-json\/wp\/v2\/media\/9290"}],"wp:attachment":[{"href":"https:\/\/sinprofaz.org.br\/2024\/wp-json\/wp\/v2\/media?parent=9288"}],"wp:term":[{"taxonomy":"category","embeddable":true,"href":"https:\/\/sinprofaz.org.br\/2024\/wp-json\/wp\/v2\/categories?post=9288"},{"taxonomy":"post_tag","embeddable":true,"href":"https:\/\/sinprofaz.org.br\/2024\/wp-json\/wp\/v2\/tags?post=9288"}],"curies":[{"name":"wp","href":"https:\/\/api.w.org\/{rel}","templated":true}]}}