{"id":9285,"date":"2019-03-13T13:59:37","date_gmt":"2019-03-13T16:59:37","guid":{"rendered":"http:\/\/www.sinprofaz.org.br\/?p=9285"},"modified":"2019-03-15T09:06:55","modified_gmt":"2019-03-15T12:06:55","slug":"em-assembleia-do-fonacate-sinprofaz-discute-teor-de-emendas-a-pec-62019","status":"publish","type":"post","link":"https:\/\/sinprofaz.org.br\/2024\/noticias\/em-assembleia-do-fonacate-sinprofaz-discute-teor-de-emendas-a-pec-62019\/","title":{"rendered":"EM ASSEMBLEIA DO FONACATE, SINPROFAZ DISCUTE TEOR DE EMENDAS \u00c0 PEC 6\/2019"},"content":{"rendered":"<p>O SINPROFAZ, representado pelo presidente Achilles Frias, compareceu ontem (12) \u00e0 Assembleia Geral do F\u00f3rum Nacional Permanente de Carreiras T\u00edpicas de Estado &#8211; Fonacate. No encontro realizado em Bras\u00edlia\/DF, SINPROFAZ e demais entidades prosseguiram com os debates sobre a PEC 6\/2019, que prop\u00f5e a reforma da Previd\u00eancia.<\/p>\n<p>Ao longo da reuni\u00e3o, os presentes apontaram as fragilidades t\u00e9cnicas da Proposta e discutiram o teor das emendas necess\u00e1rias, as quais ser\u00e3o elaboradas at\u00e9 o final desta semana. Tamb\u00e9m foram debatidos detalhes da mobiliza\u00e7\u00e3o contra a PEC. A atua\u00e7\u00e3o das entidades reunidas pelo Fonacate incluir\u00e1, al\u00e9m do trabalho parlamentar, campanhas nas redes sociais e na imprensa.<\/p>\n<p>Participou da reuni\u00e3o a advogada Thais Riedel, autora da obra &#8220;O direito previdenci\u00e1rio e o princ\u00edpio da veda\u00e7\u00e3o do retrocesso&#8221;. Riedel presidiu a Comiss\u00e3o Especial de Direito Previdenci\u00e1rio do Conselho Federal da OAB durante as discuss\u00f5es sobre a reforma proposta pelo governo Temer. Diante de uma nova PEC em 2019, a advogada vem contribuindo com sugest\u00f5es t\u00e9cnicas para emendas que impe\u00e7am a perda de direitos por parte dos trabalhadores p\u00fablicos e privados.<\/p>\n","protected":false},"excerpt":{"rendered":"<p>O presidente Achilles Frias compareceu ontem (12) \u00e0 Assembleia Geral do Fonacate. No encontro realizado em Bras\u00edlia\/DF, SINPROFAZ e demais entidades prosseguiram com os debates sobre a PEC 6\/2019, que prop\u00f5e a reforma da Previd\u00eancia. Saiba mais.<\/p>\n","protected":false},"author":2,"featured_media":9286,"comment_status":"open","ping_status":"open","sticky":false,"template":"","format":"standard","meta":{"footnotes":""},"categories":[8],"tags":[122,77,25],"featured_image_url":"https:\/\/sinprofaz.org.br\/2024\/wp-content\/uploads\/2019\/03\/001-800x198.png","character_count":601,"formatted_date":"13\/03\/2019 - 13:59","contentNovo":"O SINPROFAZ, representado pelo presidente Achilles Frias, compareceu ontem (12) \u00e0 Assembleia Geral do F\u00f3rum Nacional Permanente de Carreiras T\u00edpicas de Estado - Fonacate. No encontro realizado em Bras\u00edlia\/DF, SINPROFAZ e demais entidades prosseguiram com os debates sobre a PEC 6\/2019, que prop\u00f5e a reforma da Previd\u00eancia.\r\n\r\nAo longo da reuni\u00e3o, os presentes apontaram as fragilidades t\u00e9cnicas da Proposta e discutiram o teor das emendas necess\u00e1rias, as quais ser\u00e3o elaboradas at\u00e9 o final desta semana. Tamb\u00e9m foram debatidos detalhes da mobiliza\u00e7\u00e3o contra a PEC. A atua\u00e7\u00e3o das entidades reunidas pelo Fonacate incluir\u00e1, al\u00e9m do trabalho parlamentar, campanhas nas redes sociais e na imprensa.\r\n\r\nParticipou da reuni\u00e3o a advogada Thais Riedel, autora da obra \"O direito previdenci\u00e1rio e o princ\u00edpio da veda\u00e7\u00e3o do retrocesso\". Riedel presidiu a Comiss\u00e3o Especial de Direito Previdenci\u00e1rio do Conselho Federal da OAB durante as discuss\u00f5es sobre a reforma proposta pelo governo Temer. Diante de uma nova PEC em 2019, a advogada vem contribuindo com sugest\u00f5es t\u00e9cnicas para emendas que impe\u00e7am a perda de direitos por parte dos trabalhadores p\u00fablicos e privados.","_links":{"self":[{"href":"https:\/\/sinprofaz.org.br\/2024\/wp-json\/wp\/v2\/posts\/9285"}],"collection":[{"href":"https:\/\/sinprofaz.org.br\/2024\/wp-json\/wp\/v2\/posts"}],"about":[{"href":"https:\/\/sinprofaz.org.br\/2024\/wp-json\/wp\/v2\/types\/post"}],"author":[{"embeddable":true,"href":"https:\/\/sinprofaz.org.br\/2024\/wp-json\/wp\/v2\/users\/2"}],"replies":[{"embeddable":true,"href":"https:\/\/sinprofaz.org.br\/2024\/wp-json\/wp\/v2\/comments?post=9285"}],"version-history":[{"count":1,"href":"https:\/\/sinprofaz.org.br\/2024\/wp-json\/wp\/v2\/posts\/9285\/revisions"}],"predecessor-version":[{"id":9287,"href":"https:\/\/sinprofaz.org.br\/2024\/wp-json\/wp\/v2\/posts\/9285\/revisions\/9287"}],"wp:featuredmedia":[{"embeddable":true,"href":"https:\/\/sinprofaz.org.br\/2024\/wp-json\/wp\/v2\/media\/9286"}],"wp:attachment":[{"href":"https:\/\/sinprofaz.org.br\/2024\/wp-json\/wp\/v2\/media?parent=9285"}],"wp:term":[{"taxonomy":"category","embeddable":true,"href":"https:\/\/sinprofaz.org.br\/2024\/wp-json\/wp\/v2\/categories?post=9285"},{"taxonomy":"post_tag","embeddable":true,"href":"https:\/\/sinprofaz.org.br\/2024\/wp-json\/wp\/v2\/tags?post=9285"}],"curies":[{"name":"wp","href":"https:\/\/api.w.org\/{rel}","templated":true}]}}