{"id":9282,"date":"2019-03-13T09:23:55","date_gmt":"2019-03-13T12:23:55","guid":{"rendered":"http:\/\/www.sinprofaz.org.br\/?p=9282"},"modified":"2019-03-15T09:07:12","modified_gmt":"2019-03-15T12:07:12","slug":"prosseguem-trabalhos-do-gt-que-debate-aprimoramento-do-perfil-da-agu","status":"publish","type":"post","link":"https:\/\/sinprofaz.org.br\/2024\/noticias\/prosseguem-trabalhos-do-gt-que-debate-aprimoramento-do-perfil-da-agu\/","title":{"rendered":"PROSSEGUEM TRABALHOS DO GT QUE DEBATE APRIMORAMENTO DO PERFIL DA AGU"},"content":{"rendered":"<p>O SINPROFAZ, representado pelo diretor Jos\u00e9 Ernane Brito, esteve reunido ontem (12) com o vice-AGU, Renato de Lima Fran\u00e7a, e dirigentes das demais entidades representativas da Advocacia P\u00fablica Federal. Na reuni\u00e3o realizada em Bras\u00edlia\/DF, deu-se prosseguimento \u00e0s atividades do Grupo de Trabalho formado para estudar medidas que contribuam com o aprimoramento do perfil institucional da Advocacia-Geral da Uni\u00e3o.<\/p>\n<p>No GT, o SINPROFAZ \u00e9 representado pelos diretores Roberto Rodrigues e Jos\u00e9 Ernane Brito, nomeados pela Portaria\/AGU n\u00ba 85. Enquanto membros do Grupo de Trabalho, eles s\u00e3o respons\u00e1veis por defender os pleitos e as prerrogativas dos procuradores da Fazenda Nacional na minuta da Proposta de Emenda \u00e0 Constitui\u00e7\u00e3o que resultar\u00e1 desse esfor\u00e7o conjunto das entidades.<\/p>\n","protected":false},"excerpt":{"rendered":"<p>No GT, o SINPROFAZ \u00e9 representado por Roberto Rodrigues e Jos\u00e9 Ernane Brito. Enquanto membros do Grupo de Trabalho, eles s\u00e3o respons\u00e1veis por defender os pleitos e as prerrogativas dos PFNs na minuta de PEC que resultar\u00e1 desse esfor\u00e7o conjunto das entidades.<\/p>\n","protected":false},"author":2,"featured_media":9283,"comment_status":"open","ping_status":"open","sticky":false,"template":"","format":"standard","meta":{"footnotes":""},"categories":[8],"tags":[43,32,25],"featured_image_url":"https:\/\/sinprofaz.org.br\/2024\/wp-content\/uploads\/2019\/03\/01-1-800x198.jpg","character_count":397,"formatted_date":"13\/03\/2019 - 09:23","contentNovo":"O SINPROFAZ, representado pelo diretor Jos\u00e9 Ernane Brito, esteve reunido ontem (12) com o vice-AGU, Renato de Lima Fran\u00e7a, e dirigentes das demais entidades representativas da Advocacia P\u00fablica Federal. Na reuni\u00e3o realizada em Bras\u00edlia\/DF, deu-se prosseguimento \u00e0s atividades do Grupo de Trabalho formado para estudar medidas que contribuam com o aprimoramento do perfil institucional da Advocacia-Geral da Uni\u00e3o.\r\n\r\nNo GT, o SINPROFAZ \u00e9 representado pelos diretores Roberto Rodrigues e Jos\u00e9 Ernane Brito, nomeados pela Portaria\/AGU n\u00ba 85. Enquanto membros do Grupo de Trabalho, eles s\u00e3o respons\u00e1veis por defender os pleitos e as prerrogativas dos procuradores da Fazenda Nacional na minuta da Proposta de Emenda \u00e0 Constitui\u00e7\u00e3o que resultar\u00e1 desse esfor\u00e7o conjunto das entidades.","_links":{"self":[{"href":"https:\/\/sinprofaz.org.br\/2024\/wp-json\/wp\/v2\/posts\/9282"}],"collection":[{"href":"https:\/\/sinprofaz.org.br\/2024\/wp-json\/wp\/v2\/posts"}],"about":[{"href":"https:\/\/sinprofaz.org.br\/2024\/wp-json\/wp\/v2\/types\/post"}],"author":[{"embeddable":true,"href":"https:\/\/sinprofaz.org.br\/2024\/wp-json\/wp\/v2\/users\/2"}],"replies":[{"embeddable":true,"href":"https:\/\/sinprofaz.org.br\/2024\/wp-json\/wp\/v2\/comments?post=9282"}],"version-history":[{"count":1,"href":"https:\/\/sinprofaz.org.br\/2024\/wp-json\/wp\/v2\/posts\/9282\/revisions"}],"predecessor-version":[{"id":9284,"href":"https:\/\/sinprofaz.org.br\/2024\/wp-json\/wp\/v2\/posts\/9282\/revisions\/9284"}],"wp:featuredmedia":[{"embeddable":true,"href":"https:\/\/sinprofaz.org.br\/2024\/wp-json\/wp\/v2\/media\/9283"}],"wp:attachment":[{"href":"https:\/\/sinprofaz.org.br\/2024\/wp-json\/wp\/v2\/media?parent=9282"}],"wp:term":[{"taxonomy":"category","embeddable":true,"href":"https:\/\/sinprofaz.org.br\/2024\/wp-json\/wp\/v2\/categories?post=9282"},{"taxonomy":"post_tag","embeddable":true,"href":"https:\/\/sinprofaz.org.br\/2024\/wp-json\/wp\/v2\/tags?post=9282"}],"curies":[{"name":"wp","href":"https:\/\/api.w.org\/{rel}","templated":true}]}}