{"id":9277,"date":"2019-03-11T15:18:57","date_gmt":"2019-03-11T18:18:57","guid":{"rendered":"http:\/\/www.sinprofaz.org.br\/?p=9277"},"modified":"2019-03-15T09:07:18","modified_gmt":"2019-03-15T12:07:18","slug":"ago-2019-procuracao-eletronica-ja-esta-disponivel-na-area-do-filiado","status":"publish","type":"post","link":"https:\/\/sinprofaz.org.br\/2024\/noticias\/ago-2019-procuracao-eletronica-ja-esta-disponivel-na-area-do-filiado\/","title":{"rendered":"AGO 2019: PROCURA\u00c7\u00c3O ELETR\u00d4NICA J\u00c1 EST\u00c1 DISPON\u00cdVEL NA \u00c1REA DO FILIADO"},"content":{"rendered":"<p>A AGO 2019 se aproxima: a Assembleia ser\u00e1 realizada no dia 30 de mar\u00e7o, a partir das 9h30, no Comfort Suites Bras\u00edlia, localizado no SHN Quadra 04, Bloco D, Asa Norte, Bras\u00edlia\/DF.<\/p>\n<p>\u00c0queles que n\u00e3o puderem comparecer, o SINPROFAZ disponibiliza procura\u00e7\u00f5es eletr\u00f4nicas e impressas. A procura\u00e7\u00e3o eletr\u00f4nica outorga a representa\u00e7\u00e3o na Assembleia ao presidente do Sindicato. Para indicar outro outorgado, deve-se utilizar a vers\u00e3o impressa, a qual pode ser entregue preenchida ao delegado sindical do estado correspondente ou encaminhada ao SINPROFAZ via Correios.<\/p>\n<p>Para ter acesso \u00e0 Procura\u00e7\u00e3o Eletr\u00f4nica &#8211; Mar\u00e7o\/2019, acesse a \u00c1rea do Filiado (\u00e9 necess\u00e1rio digitar matr\u00edcula e senha): <a href=\"http:\/\/www.sinprofaz.org.br\/2014\/log-in\/\" target=\"_blank\" rel=\"noopener\">bit.ly\/2VSjnwo<\/a>.<\/p>\n","protected":false},"excerpt":{"rendered":"<p>\u00c0queles que n\u00e3o puderem comparecer, o SINPROFAZ disponibiliza procura\u00e7\u00f5es eletr\u00f4nicas e impressas. A procura\u00e7\u00e3o eletr\u00f4nica outorga a representa\u00e7\u00e3o na Assembleia ao presidente do Sindicato. Para indicar outro outorgado, utilize a vers\u00e3o impressa.<\/p>\n","protected":false},"author":2,"featured_media":2626,"comment_status":"open","ping_status":"open","sticky":false,"template":"","format":"standard","meta":{"footnotes":""},"categories":[8],"tags":[41,32,25],"featured_image_url":"https:\/\/sinprofaz.org.br\/2024\/wp-content\/uploads\/2016\/01\/logo-sinprofaz.jpg","character_count":364,"formatted_date":"11\/03\/2019 - 15:18","contentNovo":"A AGO 2019 se aproxima: a Assembleia ser\u00e1 realizada no dia 30 de mar\u00e7o, a partir das 9h30, no Comfort Suites Bras\u00edlia, localizado no SHN Quadra 04, Bloco D, Asa Norte, Bras\u00edlia\/DF.\r\n\r\n\u00c0queles que n\u00e3o puderem comparecer, o SINPROFAZ disponibiliza procura\u00e7\u00f5es eletr\u00f4nicas e impressas. A procura\u00e7\u00e3o eletr\u00f4nica outorga a representa\u00e7\u00e3o na Assembleia ao presidente do Sindicato. Para indicar outro outorgado, deve-se utilizar a vers\u00e3o impressa, a qual pode ser entregue preenchida ao delegado sindical do estado correspondente ou encaminhada ao SINPROFAZ via Correios.\r\n\r\nPara ter acesso \u00e0 Procura\u00e7\u00e3o Eletr\u00f4nica - Mar\u00e7o\/2019, acesse a \u00c1rea do Filiado (\u00e9 necess\u00e1rio digitar matr\u00edcula e senha): <a href=\"http:\/\/www.sinprofaz.org.br\/2014\/log-in\/\" target=\"_blank\" rel=\"noopener\">bit.ly\/2VSjnwo<\/a>.","_links":{"self":[{"href":"https:\/\/sinprofaz.org.br\/2024\/wp-json\/wp\/v2\/posts\/9277"}],"collection":[{"href":"https:\/\/sinprofaz.org.br\/2024\/wp-json\/wp\/v2\/posts"}],"about":[{"href":"https:\/\/sinprofaz.org.br\/2024\/wp-json\/wp\/v2\/types\/post"}],"author":[{"embeddable":true,"href":"https:\/\/sinprofaz.org.br\/2024\/wp-json\/wp\/v2\/users\/2"}],"replies":[{"embeddable":true,"href":"https:\/\/sinprofaz.org.br\/2024\/wp-json\/wp\/v2\/comments?post=9277"}],"version-history":[{"count":2,"href":"https:\/\/sinprofaz.org.br\/2024\/wp-json\/wp\/v2\/posts\/9277\/revisions"}],"predecessor-version":[{"id":9279,"href":"https:\/\/sinprofaz.org.br\/2024\/wp-json\/wp\/v2\/posts\/9277\/revisions\/9279"}],"wp:featuredmedia":[{"embeddable":true,"href":"https:\/\/sinprofaz.org.br\/2024\/wp-json\/wp\/v2\/media\/2626"}],"wp:attachment":[{"href":"https:\/\/sinprofaz.org.br\/2024\/wp-json\/wp\/v2\/media?parent=9277"}],"wp:term":[{"taxonomy":"category","embeddable":true,"href":"https:\/\/sinprofaz.org.br\/2024\/wp-json\/wp\/v2\/categories?post=9277"},{"taxonomy":"post_tag","embeddable":true,"href":"https:\/\/sinprofaz.org.br\/2024\/wp-json\/wp\/v2\/tags?post=9277"}],"curies":[{"name":"wp","href":"https:\/\/api.w.org\/{rel}","templated":true}]}}