{"id":9268,"date":"2019-03-07T16:54:38","date_gmt":"2019-03-07T19:54:38","guid":{"rendered":"http:\/\/www.sinprofaz.org.br\/?p=9268"},"modified":"2019-03-08T15:04:37","modified_gmt":"2019-03-08T18:04:37","slug":"forum-nacional-da-advocacia-publica-federal-parabeniza-nova-diretoria-da-anpprev","status":"publish","type":"post","link":"https:\/\/sinprofaz.org.br\/2024\/noticias\/forum-nacional-da-advocacia-publica-federal-parabeniza-nova-diretoria-da-anpprev\/","title":{"rendered":"F\u00d3RUM NACIONAL DA ADVOCACIA P\u00daBLICA FEDERAL PARABENIZA NOVA DIRETORIA DA ANPPREV"},"content":{"rendered":"<p>O F\u00f3rum Nacional da Advocacia P\u00fablica Federal parabeniza a Diretoria presidida pela Dra. Thelma Suely de Farias Goulart pela vit\u00f3ria alcan\u00e7ada nas elei\u00e7\u00f5es da Associa\u00e7\u00e3o Nacional dos Procuradores e Advogados P\u00fablicos Federais &#8211; ANPPREV.<\/p>\n<p>ANAJUR, ANAUNI e SINPROFAZ d\u00e3o as boas-vindas \u00e0 presidente e nova dirigente do FORVM. Nosso desejo \u00e9 de que o trabalho conjunto realizado pelas entidades ganhe ainda mais for\u00e7a no ano de 2019, pois apenas irmanados em prol dos interesses comuns \u00e9 que conseguiremos superar os desafios, resguardar nossas prerrogativas e trabalhar de forma ainda mais eficiente pelo fortalecimento da Advocacia-Geral da Uni\u00e3o.<\/p>\n<p>Nosso cumprimento especial ao Dr. Antonio Rodrigues da Silva, presidente da ANPPREV no tri\u00eanio 2016\/2019. ANAJUR, ANAUNI e SINPROFAZ agradecem pelo seu comprometimento com os pleitos do FORVM e pelos importantes servi\u00e7os prestados em benef\u00edcio de toda a Advocacia P\u00fablica Federal.<\/p>\n","protected":false},"excerpt":{"rendered":"<p>ANAJUR, ANAUNI e SINPROFAZ d\u00e3o as boas-vindas \u00e0 nova presidente da ANPPREV. Nosso desejo \u00e9 de que o trabalho conjunto realizado ganhe ainda mais for\u00e7a em 2019, para que possamos superar desafios e resguardar prerrogativas.<\/p>\n","protected":false},"author":2,"featured_media":8076,"comment_status":"open","ping_status":"open","sticky":false,"template":"","format":"standard","meta":{"footnotes":""},"categories":[8],"tags":[32,137,25],"featured_image_url":"https:\/\/sinprofaz.org.br\/2024\/wp-content\/uploads\/2018\/04\/logo-forvm-300x198.jpg","character_count":476,"formatted_date":"07\/03\/2019 - 16:54","contentNovo":"O F\u00f3rum Nacional da Advocacia P\u00fablica Federal parabeniza a Diretoria presidida pela Dra. Thelma Suely de Farias Goulart pela vit\u00f3ria alcan\u00e7ada nas elei\u00e7\u00f5es da Associa\u00e7\u00e3o Nacional dos Procuradores e Advogados P\u00fablicos Federais - ANPPREV.\r\n\r\nANAJUR, ANAUNI e SINPROFAZ d\u00e3o as boas-vindas \u00e0 presidente e nova dirigente do FORVM. Nosso desejo \u00e9 de que o trabalho conjunto realizado pelas entidades ganhe ainda mais for\u00e7a no ano de 2019, pois apenas irmanados em prol dos interesses comuns \u00e9 que conseguiremos superar os desafios, resguardar nossas prerrogativas e trabalhar de forma ainda mais eficiente pelo fortalecimento da Advocacia-Geral da Uni\u00e3o.\r\n\r\nNosso cumprimento especial ao Dr. Antonio Rodrigues da Silva, presidente da ANPPREV no tri\u00eanio 2016\/2019. ANAJUR, ANAUNI e SINPROFAZ agradecem pelo seu comprometimento com os pleitos do FORVM e pelos importantes servi\u00e7os prestados em benef\u00edcio de toda a Advocacia P\u00fablica Federal.","_links":{"self":[{"href":"https:\/\/sinprofaz.org.br\/2024\/wp-json\/wp\/v2\/posts\/9268"}],"collection":[{"href":"https:\/\/sinprofaz.org.br\/2024\/wp-json\/wp\/v2\/posts"}],"about":[{"href":"https:\/\/sinprofaz.org.br\/2024\/wp-json\/wp\/v2\/types\/post"}],"author":[{"embeddable":true,"href":"https:\/\/sinprofaz.org.br\/2024\/wp-json\/wp\/v2\/users\/2"}],"replies":[{"embeddable":true,"href":"https:\/\/sinprofaz.org.br\/2024\/wp-json\/wp\/v2\/comments?post=9268"}],"version-history":[{"count":2,"href":"https:\/\/sinprofaz.org.br\/2024\/wp-json\/wp\/v2\/posts\/9268\/revisions"}],"predecessor-version":[{"id":9270,"href":"https:\/\/sinprofaz.org.br\/2024\/wp-json\/wp\/v2\/posts\/9268\/revisions\/9270"}],"wp:featuredmedia":[{"embeddable":true,"href":"https:\/\/sinprofaz.org.br\/2024\/wp-json\/wp\/v2\/media\/8076"}],"wp:attachment":[{"href":"https:\/\/sinprofaz.org.br\/2024\/wp-json\/wp\/v2\/media?parent=9268"}],"wp:term":[{"taxonomy":"category","embeddable":true,"href":"https:\/\/sinprofaz.org.br\/2024\/wp-json\/wp\/v2\/categories?post=9268"},{"taxonomy":"post_tag","embeddable":true,"href":"https:\/\/sinprofaz.org.br\/2024\/wp-json\/wp\/v2\/tags?post=9268"}],"curies":[{"name":"wp","href":"https:\/\/api.w.org\/{rel}","templated":true}]}}