{"id":9245,"date":"2019-02-26T17:51:48","date_gmt":"2019-02-26T20:51:48","guid":{"rendered":"http:\/\/www.sinprofaz.org.br\/?p=9245"},"modified":"2019-02-27T17:53:33","modified_gmt":"2019-02-27T20:53:33","slug":"em-reuniao-do-fonacate-sinprofaz-avalia-proposta-de-reforma-da-previdencia","status":"publish","type":"post","link":"https:\/\/sinprofaz.org.br\/2024\/sem-categoria\/em-reuniao-do-fonacate-sinprofaz-avalia-proposta-de-reforma-da-previdencia\/","title":{"rendered":"EM REUNI\u00c3O DO FONACATE, SINPROFAZ AVALIA PROPOSTA DE REFORMA DA PREVID\u00caNCIA"},"content":{"rendered":"<p>O SINPROFAZ, representado pelo presidente Achilles Frias, compareceu hoje (26) \u00e0 reuni\u00e3o do F\u00f3rum Nacional Permanente de Carreiras T\u00edpicas de Estado &#8211; Fonacate. O encontro foi realizado em Bras\u00edlia\/DF e convocado especialmente para o debate sobre a proposta de reforma da Previd\u00eancia apresentada pelo Executivo e encaminhada na \u00faltima semana ao Congresso Nacional.<\/p>\n<p>No decorrer da reuni\u00e3o, os dirigentes sindicais e associativos avaliaram os termos da nova PEC da Previd\u00eancia. Eles discutiram a possibilidade da elabora\u00e7\u00e3o de emendas e a necessidade de uma mobiliza\u00e7\u00e3o nos moldes da realizada em 2017-2018, quando o intenso trabalho parlamentar foi aliado a campanhas nas redes sociais e na imprensa.<\/p>\n<p>Participou do encontro o jurista Juarez Freitas, professor da Escola Superior da Magistratura e do Mestrado de Direito da PUC\/RS. Segundo ele, a PEC apresentada &#8220;\u00e9 cruel&#8221; e vai de encontro \u00e0 necessidade de valoriza\u00e7\u00e3o dos servidores p\u00fablicos. Para Freitas, a reforma significa um verdadeiro aumento de tributa\u00e7\u00e3o num governo que, de forma contradit\u00f3ria, elegeu-se com o discurso de que n\u00e3o promoveria eleva\u00e7\u00e3o de tributos. &#8220;H\u00e1 uma reforma tribut\u00e1ria dissimulada embutida no bojo dessa reforma da Previd\u00eancia&#8221;, garantiu.<\/p>\n<p>Tamb\u00e9m compareceu \u00e0 reuni\u00e3o o deputado federal Professor Israel (PV\/DF), que se colocou \u00e0 disposi\u00e7\u00e3o para trabalhar com o Fonacate na C\u00e2mara dos Deputados contra as injusti\u00e7as da reforma da Previd\u00eancia.<\/p>\n\n\t\t<style type=\"text\/css\">\n\t\t\t#gallery-1 {\n\t\t\t\tmargin: auto;\n\t\t\t}\n\t\t\t#gallery-1 .gallery-item {\n\t\t\t\tfloat: left;\n\t\t\t\tmargin-top: 10px;\n\t\t\t\ttext-align: center;\n\t\t\t\twidth: 33%;\n\t\t\t}\n\t\t\t#gallery-1 img {\n\t\t\t\tborder: 2px solid #cfcfcf;\n\t\t\t}\n\t\t\t#gallery-1 .gallery-caption {\n\t\t\t\tmargin-left: 0;\n\t\t\t}\n\t\t\t\/* see gallery_shortcode() in wp-includes\/media.php *\/\n\t\t<\/style>\n\t\t<div id='gallery-1' class='gallery galleryid-9245 gallery-columns-3 gallery-size-thumbnail'><dl class='gallery-item'>\n\t\t\t<dt class='gallery-icon landscape'>\n\t\t\t\t<a href='https:\/\/sinprofaz.org.br\/2024\/wp-content\/uploads\/2019\/02\/002-1.png'><img loading=\"lazy\" decoding=\"async\" width=\"150\" height=\"150\" src=\"https:\/\/sinprofaz.org.br\/2024\/wp-content\/uploads\/2019\/02\/002-1-150x150.png\" class=\"attachment-thumbnail size-thumbnail\" alt=\"\" \/><\/a>\n\t\t\t<\/dt><\/dl><dl class='gallery-item'>\n\t\t\t<dt class='gallery-icon landscape'>\n\t\t\t\t<a href='https:\/\/sinprofaz.org.br\/2024\/wp-content\/uploads\/2019\/02\/004.png'><img loading=\"lazy\" decoding=\"async\" width=\"150\" height=\"150\" src=\"https:\/\/sinprofaz.org.br\/2024\/wp-content\/uploads\/2019\/02\/004-150x150.png\" class=\"attachment-thumbnail size-thumbnail\" alt=\"\" \/><\/a>\n\t\t\t<\/dt><\/dl>\n\t\t\t<br style='clear: both' \/>\n\t\t<\/div>\n\n","protected":false},"excerpt":{"rendered":"<p>O SINPROFAZ, representado pelo presidente Achilles Frias, compareceu hoje \u00e0 reuni\u00e3o do Fonacate. O encontro foi convocado especialmente para o debate sobre a proposta de reforma da Previd\u00eancia apresentada pelo Executivo e encaminhada ao Congresso.<\/p>\n","protected":false},"author":2,"featured_media":9246,"comment_status":"open","ping_status":"open","sticky":false,"template":"","format":"standard","meta":{"footnotes":""},"categories":[8,1],"tags":[122,77,25],"featured_image_url":"https:\/\/sinprofaz.org.br\/2024\/wp-content\/uploads\/2019\/02\/001-1-800x198.png","character_count":929,"formatted_date":"26\/02\/2019 - 17:51","contentNovo":"O SINPROFAZ, representado pelo presidente Achilles Frias, compareceu hoje (26) \u00e0 reuni\u00e3o do F\u00f3rum Nacional Permanente de Carreiras T\u00edpicas de Estado - Fonacate. O encontro foi realizado em Bras\u00edlia\/DF e convocado especialmente para o debate sobre a proposta de reforma da Previd\u00eancia apresentada pelo Executivo e encaminhada na \u00faltima semana ao Congresso Nacional.\r\n\r\nNo decorrer da reuni\u00e3o, os dirigentes sindicais e associativos avaliaram os termos da nova PEC da Previd\u00eancia. Eles discutiram a possibilidade da elabora\u00e7\u00e3o de emendas e a necessidade de uma mobiliza\u00e7\u00e3o nos moldes da realizada em 2017-2018, quando o intenso trabalho parlamentar foi aliado a campanhas nas redes sociais e na imprensa.\r\n\r\nParticipou do encontro o jurista Juarez Freitas, professor da Escola Superior da Magistratura e do Mestrado de Direito da PUC\/RS. Segundo ele, a PEC apresentada \"\u00e9 cruel\" e vai de encontro \u00e0 necessidade de valoriza\u00e7\u00e3o dos servidores p\u00fablicos. Para Freitas, a reforma significa um verdadeiro aumento de tributa\u00e7\u00e3o num governo que, de forma contradit\u00f3ria, elegeu-se com o discurso de que n\u00e3o promoveria eleva\u00e7\u00e3o de tributos. \"H\u00e1 uma reforma tribut\u00e1ria dissimulada embutida no bojo dessa reforma da Previd\u00eancia\", garantiu.\r\n\r\nTamb\u00e9m compareceu \u00e0 reuni\u00e3o o deputado federal Professor Israel (PV\/DF), que se colocou \u00e0 disposi\u00e7\u00e3o para trabalhar com o Fonacate na C\u00e2mara dos Deputados contra as injusti\u00e7as da reforma da Previd\u00eancia.\r\n\r\n[gallery link=\"file\" ids=\"9247,9249\"]","_links":{"self":[{"href":"https:\/\/sinprofaz.org.br\/2024\/wp-json\/wp\/v2\/posts\/9245"}],"collection":[{"href":"https:\/\/sinprofaz.org.br\/2024\/wp-json\/wp\/v2\/posts"}],"about":[{"href":"https:\/\/sinprofaz.org.br\/2024\/wp-json\/wp\/v2\/types\/post"}],"author":[{"embeddable":true,"href":"https:\/\/sinprofaz.org.br\/2024\/wp-json\/wp\/v2\/users\/2"}],"replies":[{"embeddable":true,"href":"https:\/\/sinprofaz.org.br\/2024\/wp-json\/wp\/v2\/comments?post=9245"}],"version-history":[{"count":3,"href":"https:\/\/sinprofaz.org.br\/2024\/wp-json\/wp\/v2\/posts\/9245\/revisions"}],"predecessor-version":[{"id":9252,"href":"https:\/\/sinprofaz.org.br\/2024\/wp-json\/wp\/v2\/posts\/9245\/revisions\/9252"}],"wp:featuredmedia":[{"embeddable":true,"href":"https:\/\/sinprofaz.org.br\/2024\/wp-json\/wp\/v2\/media\/9246"}],"wp:attachment":[{"href":"https:\/\/sinprofaz.org.br\/2024\/wp-json\/wp\/v2\/media?parent=9245"}],"wp:term":[{"taxonomy":"category","embeddable":true,"href":"https:\/\/sinprofaz.org.br\/2024\/wp-json\/wp\/v2\/categories?post=9245"},{"taxonomy":"post_tag","embeddable":true,"href":"https:\/\/sinprofaz.org.br\/2024\/wp-json\/wp\/v2\/tags?post=9245"}],"curies":[{"name":"wp","href":"https:\/\/api.w.org\/{rel}","templated":true}]}}